{"id":11152,"date":"2023-08-04T17:50:20","date_gmt":"2023-08-04T17:50:20","guid":{"rendered":"https:\/\/kraios.app\/news\/gundem\/2023\/08\/04\/lubnanda-235-can-alan-liman-patlamasinin-uzerinden-3-yil-gecti\/"},"modified":"2023-08-04T17:50:20","modified_gmt":"2023-08-04T17:50:20","slug":"lubnanda-235-can-alan-liman-patlamasinin-uzerinden-3-yil-gecti","status":"publish","type":"post","link":"https:\/\/kraios.app\/news\/gundem\/2023\/08\/04\/lubnanda-235-can-alan-liman-patlamasinin-uzerinden-3-yil-gecti\/","title":{"rendered":"L\u00fcbnan&#8217;da 235 can alan liman patlamas\u0131n\u0131n \u00fczerinden 3 y\u0131l ge\u00e7ti"},"content":{"rendered":"<p><\/p>\n<div>\n<p>L\u00fcbnan&#8217;\u0131n ba\u015fkenti <strong>Beyrut<\/strong>&#8216;ta 4 A\u011fustos 2020&#8217;de meydana gelen <strong>b\u00fcy\u00fck liman patlamas\u0131n\u0131n<\/strong> 3. y\u0131l\u0131nda olayda hayat\u0131n\u0131 kaybedenler an\u0131ld\u0131.<\/p>\n<p>Trajik olay\u0131n ya\u015fand\u0131\u011f\u0131 Beyrut Liman\u0131 yak\u0131n\u0131nda d\u00fczenlenen anma t\u00f6renine b\u00fcy\u00fck patlamada hayat\u0131n\u0131 kaybedenlerin yak\u0131nlar\u0131, sivil toplum kurulu\u015flar\u0131n\u0131n temsilcileri ve \u00e7ok say\u0131da L\u00fcbnanl\u0131n\u0131n oldu\u011fu binlerce ki\u015fi kat\u0131ld\u0131.<\/p>\n<p>G\u00f6steriyi d\u00fczenleyen sivil platform, halk\u0131n olas\u0131 tepkisine kar\u015f\u0131 yetkililerin, siyasi parti temsilcilerinin ve milletvekillerinin anma t\u00f6renine kat\u0131lmas\u0131na izin vermedi.<\/p>\n<p><img decoding=\"async\" alt=\"\" src=\"https:\/\/www.aa.com.tr\/uploads\/userFiles\/40b5e6df-807a-4c96-8fee-5e91cbea23a3\/2023%2FTemmuz%2Fdnd2.jpg\"\/><\/p>\n<h3>Binlerce ki\u015fi &#8220;adalet&#8221; istedi<\/h3>\n<p>Ellerinde &#8220;kanl\u0131 b\u00fcy\u00fck L\u00fcbnan bayra\u011f\u0131&#8221; ve patlamada ya\u015fam\u0131n\u0131 yitirenlerin resimlerini ta\u015f\u0131yan binlerce ki\u015fi s\u0131k s\u0131k &#8220;adalet&#8221; sloganlar\u0131 att\u0131.<\/p>\n<p>Kalabal\u0131k, daha sonra Beyrut&#8217;un b\u00fcy\u00fck bir k\u0131sm\u0131n\u0131 harabeye \u00e7eviren 235 ki\u015finin ya\u015fam\u0131n\u0131 yitirdi\u011fi patlaman\u0131n ya\u015fand\u0131\u011f\u0131 saat 18.06&#8217;da bir dakikal\u0131k sayg\u0131 duru\u015funda bulundu.<\/p>\n<p>Anma t\u00f6reni b\u00fcy\u00fck liman patlamas\u0131nda hayat\u0131n\u0131 kaybedenlerin isimlerinin tek tek okunmas\u0131 ile son buldu.<\/p>\n<p><img decoding=\"async\" alt=\"\" src=\"https:\/\/www.aa.com.tr\/uploads\/userFiles\/40b5e6df-807a-4c96-8fee-5e91cbea23a3\/2023%2FTemmuz%2Fdnd3.jpg\"\/><\/p>\n<h3>L\u00fcbnan&#8217;daki mahkemelere g\u00fcvenmiyorlar<\/h3>\n<p>AA muhabirine konu\u015fan L\u00fcbnan&#8217;\u0131n \u00f6nde gelen aktivistlerinden Muna Fayyad, &#8220;L\u00fcbnan, tarihsel olarak suikast zinciriyle bilinen bir \u00fclke. En b\u00fcy\u00fck suikast 2005&#8217;te Ba\u015fbakan Rafik Hariri&#8217;ye kar\u015f\u0131 d\u00fczenlendi. Uluslararas\u0131 mahkeme kurulup faillerin ortaya \u00e7\u0131kar\u0131lmas\u0131na ra\u011fmen kimse yarg\u0131lanmad\u0131.&#8221; dedi.<\/p>\n<p>Hariri suikast\u0131ndan sonra \u00fclkenin Hizbullah ve arkas\u0131ndaki \u0130ran&#8217;\u0131n hakimiyetine ge\u00e7ti\u011fini savunan Fayyad, 2016&#8217;dan sonra da siyasi olarak bu cephenin g\u00fc\u00e7lendi\u011fini ileri s\u00fcrd\u00fc.<\/p>\n<p>Liman patlamas\u0131ndan sonra Fransa Cumhurba\u015fkan\u0131 Emmanuel Macron&#8217;un Beyrut&#8217;a geldi\u011fini hat\u0131rlatan Fayyad, Macron&#8217;un patlaman\u0131n sorumlular\u0131n\u0131n ortaya \u00e7\u0131kar\u0131lmas\u0131 hususunda verdi\u011fi s\u00f6zleri tutmad\u0131\u011f\u0131n\u0131 ve siyasi menfaatleri \u00f6nceledi\u011fini s\u00f6yledi.<\/p>\n<p>Patlamada karde\u015fini kaybeden Hayek Re\u015fa, haf\u0131zalar\u0131ndan hi\u00e7bir \u015fekilde silinmeyecek olan b\u00fcy\u00fck patlaman\u0131n \u00fczerinden 3 y\u0131l ge\u00e7mesine ra\u011fmen kimsenin su\u00e7lu bulunarak h\u00fck\u00fcm giymedi\u011fini vurgulad\u0131.<\/p>\n<p>Elinde karde\u015finin foto\u011fraf\u0131n\u0131 ta\u015f\u0131yan Re\u015fa, L\u00fcbnan&#8217;daki mahkemelere y\u00f6nelik herhangi bir g\u00fcven ve \u00fcmidi olmad\u0131\u011f\u0131n\u0131 ancak patlaman\u0131n Avrupa g\u00f6zetiminde uluslararas\u0131 bir mahkeme nezdinde soru\u015fturulabilece\u011fini ifade etti.<\/p>\n<p><img decoding=\"async\" alt=\"\" src=\"https:\/\/www.aa.com.tr\/uploads\/userFiles\/40b5e6df-807a-4c96-8fee-5e91cbea23a3\/2023%2FTemmuz%2Fdnd4.jpg\"\/><\/p>\n<h3>Beyrut Liman&#8217;\u0131nda meydana gelen b\u00fcy\u00fck patlama<\/h3>\n<p>Beyrut Liman\u0131&#8217;nda 4 A\u011fustos 2020&#8217;de patlay\u0131c\u0131 maddelerin bulundu\u011fu bir depoda \u00f6nce yang\u0131n \u00e7\u0131km\u0131\u015f, ard\u0131ndan t\u00fcm kenti sarsan \u00e7ok g\u00fc\u00e7l\u00fc bir patlama meydana gelmi\u015fti.<\/p>\n<p>Patlama 235&#8217;ten fazla ki\u015finin \u00f6l\u00fcm\u00fcne, yakla\u015f\u0131k 6 bin ki\u015finin yaralanmas\u0131na yol a\u00e7m\u0131\u015ft\u0131. Patlama nedeniyle 300 bin ki\u015finin de yerinden oldu\u011fu belirtilmi\u015fti.<\/p>\n<p>L\u00fcbnan Temyiz Mahkemesi Ba\u015fsavc\u0131s\u0131 Gassan Uvaydat, 25 Ocak&#8217;ta, liman patlamas\u0131nda daha \u00f6nce yarg\u0131lanan t\u00fcm tutuklular\u0131n &#8220;istisnas\u0131z bir \u015fekilde&#8221; serbest b\u0131rak\u0131lmas\u0131 karar\u0131 vermi\u015fti.<\/p>\n<p>\u0130ngiltere Y\u00fcksek Adalet Divan\u0131 ise 13 Haziran&#8217;da Londra merkezli bir \u015firketi liman patlamas\u0131nda sorumlu bularak \u00f6lenlerin baz\u0131lar\u0131n\u0131n yak\u0131nlar\u0131na ve yaral\u0131lara tazminat \u00f6denmesine h\u00fckmetmi\u015fti.<\/p>\n<p>Uluslararas\u0131 Af \u00d6rg\u00fct\u00fc taraf\u0131ndan d\u00fcn yap\u0131lan a\u00e7\u0131klamada, liman patlamas\u0131na ili\u015fkin hen\u00fcz bir ki\u015finin dahi su\u00e7lu bulunmad\u0131\u011f\u0131 bildirilmi\u015fti.<\/p>\n<p>                            <span class=\"detay-foto-editor\">&#13;<br \/>\n                                <a href=\"https:\/\/www.aa.com.tr\/tr\/p\/abonelik-talep-formu\/1001\" target=\"_blank\" style=\"font-size:12px; color:#444; text-decoration:none;\" rel=\"noopener\">&#13;<br \/>\n                                    Anadolu Ajans\u0131 web sitesinde, AA Haber Ak\u0131\u015f Sistemi (HAS) \u00fczerinden abonelere sunulan haberler, \u00f6zetlenerek yay\u0131mlanmaktad\u0131r. <b style=\"color:#1897F7\">Abonelik i\u00e7in l\u00fctfen ileti\u015fime ge\u00e7iniz.<\/b>&#13;<br \/>\n                                <\/a>&#13;<br \/>\n                            <\/span>\n                        <\/div>\n<p><script>\n\t  window.fbAsyncInit = function() {\n\t\tFB.init({\n\t\t  appId: '1855843514662870',\n\t\t  status : true, \/\/ check login status\n\t\t  cookie : true, \/\/ enable cookies to allow the server to access the session\n\t\t  xfbml  : true  \/\/ parse XFBML\n\t\t});\n\t  };<\/p>\n<p>\t  (function() {\n\t\tvar e = document.createElement('script');\n\t\te.src=\"https:\/\/connect.facebook.net\/tr_TR\/all.js\";\n\t\te.async = true;\n\t\tdocument.getElementById('fb-root').appendChild(e);\n\t  }());\n    <\/script><\/p>\n","protected":false},"excerpt":{"rendered":"<p>L\u00fcbnan&#8217;\u0131n ba\u015fkenti Beyrut&#8216;ta 4 A\u011fustos 2020&#8217;de meydana gelen b\u00fcy\u00fck liman patlamas\u0131n\u0131n 3. y\u0131l\u0131nda olayda hayat\u0131n\u0131 kaybedenler an\u0131ld\u0131. Trajik olay\u0131n ya\u015fand\u0131\u011f\u0131 Beyrut Liman\u0131 yak\u0131n\u0131nda d\u00fczenlenen anma t\u00f6renine b\u00fcy\u00fck patlamada hayat\u0131n\u0131 kaybedenlerin yak\u0131nlar\u0131, sivil toplum kurulu\u015flar\u0131n\u0131n temsilcileri ve \u00e7ok say\u0131da L\u00fcbnanl\u0131n\u0131n oldu\u011fu binlerce ki\u015fi kat\u0131ld\u0131. G\u00f6steriyi d\u00fczenleyen sivil platform, halk\u0131n olas\u0131 tepkisine kar\u015f\u0131 yetkililerin, siyasi parti temsilcilerinin [&hellip;]<\/p>\n","protected":false},"author":1,"featured_media":11153,"comment_status":"","ping_status":"","sticky":false,"template":"","format":"standard","meta":[],"categories":[1],"tags":[],"_links":{"self":[{"href":"https:\/\/kraios.app\/news\/wp-json\/wp\/v2\/posts\/11152"}],"collection":[{"href":"https:\/\/kraios.app\/news\/wp-json\/wp\/v2\/posts"}],"about":[{"href":"https:\/\/kraios.app\/news\/wp-json\/wp\/v2\/types\/post"}],"author":[{"embeddable":true,"href":"https:\/\/kraios.app\/news\/wp-json\/wp\/v2\/users\/1"}],"replies":[{"embeddable":true,"href":"https:\/\/kraios.app\/news\/wp-json\/wp\/v2\/comments?post=11152"}],"version-history":[{"count":0,"href":"https:\/\/kraios.app\/news\/wp-json\/wp\/v2\/posts\/11152\/revisions"}],"wp:featuredmedia":[{"embeddable":true,"href":"https:\/\/kraios.app\/news\/wp-json\/wp\/v2\/media\/11153"}],"wp:attachment":[{"href":"https:\/\/kraios.app\/news\/wp-json\/wp\/v2\/media?parent=11152"}],"wp:term":[{"taxonomy":"category","embeddable":true,"href":"https:\/\/kraios.app\/news\/wp-json\/wp\/v2\/categories?post=11152"},{"taxonomy":"post_tag","embeddable":true,"href":"https:\/\/kraios.app\/news\/wp-json\/wp\/v2\/tags?post=11152"}],"curies":[{"name":"wp","href":"https:\/\/api.w.org\/{rel}","templated":true}]}}