{"id":11129,"date":"2023-08-04T13:14:48","date_gmt":"2023-08-04T13:14:48","guid":{"rendered":"https:\/\/kraios.app\/news\/spor\/2023\/08\/04\/temel-ilkelerim-iletisim-guven-ve-hazirlik\/"},"modified":"2023-08-04T13:14:48","modified_gmt":"2023-08-04T13:14:48","slug":"temel-ilkelerim-iletisim-guven-ve-hazirlik","status":"publish","type":"post","link":"https:\/\/kraios.app\/news\/spor\/2023\/08\/04\/temel-ilkelerim-iletisim-guven-ve-hazirlik\/","title":{"rendered":"Temel ilkelerim ileti\u015fim, g\u00fcven ve haz\u0131rl\u0131k"},"content":{"rendered":"<p><\/p>\n<div>\n<p>Anadolu Efes&#8217;in YouTube kanal\u0131na a\u00e7\u0131klamalarda bulunan Erdem Can, lacivert-beyazl\u0131 tak\u0131m gibi T\u00fcrkiye&#8217;nin \u00f6nemli markalar\u0131ndan birinde g\u00f6rev alman\u0131n \u00f6nemli bir motivasyon ve heyecan oldu\u011funu belirtti.<\/p>\n<p>Antren\u00f6rl\u00fck hayat\u0131nda 3 temel ilkesinin bulundu\u011funu aktaran Can, \u015funlar\u0131 kaydetti:<\/p>\n<p>&#8220;Temel ilkelerim ileti\u015fim, g\u00fcven ve haz\u0131rl\u0131k. Antren\u00f6rl\u00fck ve basketbol \u00e7ok canl\u0131 bir meslek. \u00c7\u00fcnk\u00fc ana fakt\u00f6r insan. \u0130nsan\u0131n ana fakt\u00f6r oldu\u011fu bir unsurda sizin belli s\u0131n\u0131fland\u0131rmalarla ilerlemeniz, yapt\u0131\u011f\u0131n\u0131z i\u015fi tan\u0131mlaman\u0131z \u00e7ok do\u011fru de\u011fil. \u0130nsan do\u011fas\u0131yla do\u011fru orant\u0131l\u0131 bir yap\u0131 basketbol. Biz antren\u00f6rler i\u00e7in oyuncularla empati kurmak, onlar\u0131n duygu durumunu alg\u0131layabilmek \u00f6nemli bir unsur. Empati i\u00e7in de belli bir ili\u015fki d\u00fczeyinde olman\u0131z laz\u0131m ki de\u011fer unsurlar\u0131n\u0131 anlay\u0131p ona g\u00f6re kurgulaman\u0131z laz\u0131m. Bir tak\u0131m\u0131n kaybetmeye kar\u015f\u0131 verece\u011fi reaksiyonu ve kazanma ile elde edece\u011fi motivasyonu do\u011fru de\u011ferlendirebilmek i\u00e7in oyuncular\u0131n\u0131zla do\u011fru ileti\u015fimde olman\u0131z laz\u0131m, ileti\u015fim en \u00f6nemli unsur. \u0130leti\u015fimin iyi olabilmesi i\u00e7in de g\u00fcven duygusu devreye giriyor. Birbirine g\u00fcven duymayan iki insan\u0131n do\u011fru ileti\u015fim kurmas\u0131 imkans\u0131z. Haz\u0131rl\u0131k da bizim i\u015fin teknik k\u0131sm\u0131. Ben i\u015fin o k\u0131sm\u0131na kafa yormay\u0131 seviyorum. Taktik k\u0131sm\u0131 da dinamik \u00e7\u00fcnk\u00fc elinizdeki basketbolcularla, basketbolun kendine \u00f6zg\u00fc getirdi\u011fi modayla kendinizi de\u011fi\u015ftirmeniz gerekiyor. Bu 3 unsur benim i\u00e7in \u00e7ok \u00f6nemli.&#8221;<\/p>\n<p>&#8220;Anadolu Efes gibi b\u00fcy\u00fck bir markan\u0131n par\u00e7as\u0131 olabilmek ve onu daha ileriye g\u00f6t\u00fcrebilmek ad\u0131na tercih edilmi\u015f olmak benim i\u00e7in \u00e7ok \u00f6nemliydi.&#8221; ifadelerini kullanan Erdem Can, &#8220;THY Avrupa Ligi&#8217;nde zirveye oynayan, son 3 y\u0131l\u0131n 2&#8217;sinde \u015fampiyon olan, son 5 y\u0131la damga vurmu\u015f bir kul\u00fcb\u00fcn antren\u00f6r\u00fc olmak i\u00e7in teklif almak \u00e7ok de\u011ferli. \u00c7ok heyecan verici. Bu f\u0131rsat\u0131 benim i\u00e7in \u00e7ok \u00f6nemli bir ad\u0131m olarak g\u00f6rerek hareket ettim.&#8221; \u015feklinde konu\u015ftu.<\/p>\n<p>Yeni sezon hedeflerinden de bahseden Can, &#8220;Kazanma al\u0131\u015fkanl\u0131\u011f\u0131 ve hedefi olan, bulundu\u011fu camiay\u0131 en iyi \u015fekilde temsil etmeye \u00e7al\u0131\u015fan bir yap\u0131 var ortada. Dolay\u0131s\u0131yla hedefimiz olan \u015fey b\u00fct\u00fcn yar\u0131\u015ft\u0131\u011f\u0131m\u0131z kulvarlarda en \u00fcstte bitirebilmek. Bunun \u00f6tesinde bizi izleyen, bizi izlemekten keyif alan herkesin son ana kadar m\u00fccadeleyi b\u0131rakmayan, hi\u00e7bir \u015fekilde yenilgiyi kabul etmeyen beraber hareket etmeyi seven ve bundan keyif alan bir ekip g\u00f6rmesini sa\u011flamak. As\u0131l hedefimiz bu.&#8221; de\u011ferlendirmesinde bulundu.<\/p>\n<p>Erdem Can, &#8220;THY Avrupa Ligi tarihinin en iyi 5&#8217;ini hangi isimlerden olu\u015fturursunuz?&#8221; sorusuna ise, &#8220;Juan Carlos Navarro, Vassilis Spanoulis, Dimitris Diamantidis, Gigi Datome ve Nikola Pekovic.&#8221; yan\u0131t\u0131n\u0131 verdi.<\/p>\n<p>                            <span class=\"detay-foto-editor\">&#13;<br \/>\n                                <a href=\"https:\/\/www.aa.com.tr\/tr\/p\/abonelik-talep-formu\/1001\" target=\"_blank\" style=\"font-size:12px; color:#444; text-decoration:none;\" rel=\"noopener\">&#13;<br \/>\n                                    Anadolu Ajans\u0131 web sitesinde, AA Haber Ak\u0131\u015f Sistemi (HAS) \u00fczerinden abonelere sunulan haberler, \u00f6zetlenerek yay\u0131mlanmaktad\u0131r. <b style=\"color:#1897F7\">Abonelik i\u00e7in l\u00fctfen ileti\u015fime ge\u00e7iniz.<\/b>&#13;<br \/>\n                                <\/a>&#13;<br \/>\n                            <\/span>\n                        <\/div>\n<p><script>\n\t  window.fbAsyncInit = function() {\n\t\tFB.init({\n\t\t  appId: '1855843514662870',\n\t\t  status : true, \/\/ check login status\n\t\t  cookie : true, \/\/ enable cookies to allow the server to access the session\n\t\t  xfbml  : true  \/\/ parse XFBML\n\t\t});\n\t  };<\/p>\n<p>\t  (function() {\n\t\tvar e = document.createElement('script');\n\t\te.src=\"https:\/\/connect.facebook.net\/tr_TR\/all.js\";\n\t\te.async = true;\n\t\tdocument.getElementById('fb-root').appendChild(e);\n\t  }());\n    <\/script><\/p>\n","protected":false},"excerpt":{"rendered":"<p>Anadolu Efes&#8217;in YouTube kanal\u0131na a\u00e7\u0131klamalarda bulunan Erdem Can, lacivert-beyazl\u0131 tak\u0131m gibi T\u00fcrkiye&#8217;nin \u00f6nemli markalar\u0131ndan birinde g\u00f6rev alman\u0131n \u00f6nemli bir motivasyon ve heyecan oldu\u011funu belirtti. Antren\u00f6rl\u00fck hayat\u0131nda 3 temel ilkesinin bulundu\u011funu aktaran Can, \u015funlar\u0131 kaydetti: &#8220;Temel ilkelerim ileti\u015fim, g\u00fcven ve haz\u0131rl\u0131k. Antren\u00f6rl\u00fck ve basketbol \u00e7ok canl\u0131 bir meslek. \u00c7\u00fcnk\u00fc ana fakt\u00f6r insan. \u0130nsan\u0131n ana fakt\u00f6r oldu\u011fu [&hellip;]<\/p>\n","protected":false},"author":1,"featured_media":11130,"comment_status":"","ping_status":"","sticky":false,"template":"","format":"standard","meta":[],"categories":[48],"tags":[],"_links":{"self":[{"href":"https:\/\/kraios.app\/news\/wp-json\/wp\/v2\/posts\/11129"}],"collection":[{"href":"https:\/\/kraios.app\/news\/wp-json\/wp\/v2\/posts"}],"about":[{"href":"https:\/\/kraios.app\/news\/wp-json\/wp\/v2\/types\/post"}],"author":[{"embeddable":true,"href":"https:\/\/kraios.app\/news\/wp-json\/wp\/v2\/users\/1"}],"replies":[{"embeddable":true,"href":"https:\/\/kraios.app\/news\/wp-json\/wp\/v2\/comments?post=11129"}],"version-history":[{"count":0,"href":"https:\/\/kraios.app\/news\/wp-json\/wp\/v2\/posts\/11129\/revisions"}],"wp:featuredmedia":[{"embeddable":true,"href":"https:\/\/kraios.app\/news\/wp-json\/wp\/v2\/media\/11130"}],"wp:attachment":[{"href":"https:\/\/kraios.app\/news\/wp-json\/wp\/v2\/media?parent=11129"}],"wp:term":[{"taxonomy":"category","embeddable":true,"href":"https:\/\/kraios.app\/news\/wp-json\/wp\/v2\/categories?post=11129"},{"taxonomy":"post_tag","embeddable":true,"href":"https:\/\/kraios.app\/news\/wp-json\/wp\/v2\/tags?post=11129"}],"curies":[{"name":"wp","href":"https:\/\/api.w.org\/{rel}","templated":true}]}}