{"id":11124,"date":"2023-08-04T12:20:06","date_gmt":"2023-08-04T12:20:06","guid":{"rendered":"https:\/\/kraios.app\/news\/yasam\/2023\/08\/04\/tekirdagda-sicaktan-bunalanlar-sahillerde-vakit-geciriyor\/"},"modified":"2023-08-04T12:20:06","modified_gmt":"2023-08-04T12:20:06","slug":"tekirdagda-sicaktan-bunalanlar-sahillerde-vakit-geciriyor","status":"publish","type":"post","link":"https:\/\/kraios.app\/news\/yasam\/2023\/08\/04\/tekirdagda-sicaktan-bunalanlar-sahillerde-vakit-geciriyor\/","title":{"rendered":"Tekirda\u011f&#039;da s\u0131caktan bunalanlar sahillerde vakit ge\u00e7iriyor"},"content":{"rendered":"<p>Tekirda\u011f&#8217;da etkili olan s\u0131cak hava nedeniyle vatanda\u015flar ve turistler, sahillerde serinlemeye \u00e7al\u0131\u015f\u0131yor.<\/p>\n","protected":false},"excerpt":{"rendered":"<p>Tekirda\u011f&#8217;da etkili olan s\u0131cak hava nedeniyle vatanda\u015flar ve turistler, sahillerde serinlemeye \u00e7al\u0131\u015f\u0131yor.<\/p>\n","protected":false},"author":1,"featured_media":11125,"comment_status":"","ping_status":"","sticky":false,"template":"","format":"standard","meta":[],"categories":[50],"tags":[],"_links":{"self":[{"href":"https:\/\/kraios.app\/news\/wp-json\/wp\/v2\/posts\/11124"}],"collection":[{"href":"https:\/\/kraios.app\/news\/wp-json\/wp\/v2\/posts"}],"about":[{"href":"https:\/\/kraios.app\/news\/wp-json\/wp\/v2\/types\/post"}],"author":[{"embeddable":true,"href":"https:\/\/kraios.app\/news\/wp-json\/wp\/v2\/users\/1"}],"replies":[{"embeddable":true,"href":"https:\/\/kraios.app\/news\/wp-json\/wp\/v2\/comments?post=11124"}],"version-history":[{"count":0,"href":"https:\/\/kraios.app\/news\/wp-json\/wp\/v2\/posts\/11124\/revisions"}],"wp:featuredmedia":[{"embeddable":true,"href":"https:\/\/kraios.app\/news\/wp-json\/wp\/v2\/media\/11125"}],"wp:attachment":[{"href":"https:\/\/kraios.app\/news\/wp-json\/wp\/v2\/media?parent=11124"}],"wp:term":[{"taxonomy":"category","embeddable":true,"href":"https:\/\/kraios.app\/news\/wp-json\/wp\/v2\/categories?post=11124"},{"taxonomy":"post_tag","embeddable":true,"href":"https:\/\/kraios.app\/news\/wp-json\/wp\/v2\/tags?post=11124"}],"curies":[{"name":"wp","href":"https:\/\/api.w.org\/{rel}","templated":true}]}}