{"id":11119,"date":"2023-08-04T09:41:51","date_gmt":"2023-08-04T09:41:51","guid":{"rendered":"https:\/\/kraios.app\/news\/spor\/2023\/08\/04\/turk-hakemliginin-emektarlari-gocek-ve-arslanboga-kariyerlerine-varda-devam-edecek\/"},"modified":"2023-08-04T09:41:51","modified_gmt":"2023-08-04T09:41:51","slug":"turk-hakemliginin-emektarlari-gocek-ve-arslanboga-kariyerlerine-varda-devam-edecek","status":"publish","type":"post","link":"https:\/\/kraios.app\/news\/spor\/2023\/08\/04\/turk-hakemliginin-emektarlari-gocek-ve-arslanboga-kariyerlerine-varda-devam-edecek\/","title":{"rendered":"T\u00fcrk hakemli\u011finin emektarlar\u0131 G\u00f6\u00e7ek ve Arslanbo\u011fa, kariyerlerine VAR&#8217;da devam edecek"},"content":{"rendered":"<p><\/p>\n<div>\n<p>T\u00fcrkiye Futbol Federasyonu (TFF) Merkez Hakem Kurulunun (MHK) 2023-2024 Yaz Semineri a\u00e7\u0131l\u0131\u015f t\u00f6reninde plaketlerini alan G\u00f6\u00e7ek ve Arslanbo\u011fa, AA muhabirine a\u00e7\u0131klamalarda bulundu.<\/p>\n<p>Her iki isim de 27 sene s\u00fcren saha hakemli\u011fi kariyerlerinde emekleri ge\u00e7en isimlere te\u015fekk\u00fcr etti.<\/p>\n<p>T\u00fcrk futboluna hizmet etmenin kendisi ad\u0131na \u00e7ok \u00f6nemli oldu\u011funu ifade eden H\u00fcseyin G\u00f6\u00e7ek, ilk kurs hocas\u0131 Ahmet Erdo\u011fan&#8217;\u0131n \u015fu anda MHK \u00fcyesi olmas\u0131n\u0131n da kendisi ad\u0131na duygu dolu oldu\u011funu belirtti.<\/p>\n<p><img decoding=\"async\" alt=\"\" src=\"https:\/\/www.aa.com.tr\/uploads\/userFiles\/de89f914-66b1-4a0b-9347-13c0eafe70cc\/2023%2F08%2F20230804_2_59769581_91609659.jpg\"\/><\/p>\n<p>G\u00f6\u00e7ek 19 sene S\u00fcper Lig, 13 y\u0131l da FIFA hakemli\u011fi tecr\u00fcbesiyle sahaya nokta koydu\u011funu aktararak, &#8220;Kariyerime ba\u015fka bir kulvar olan VAR&#8217;da devam edece\u011fim. Hakemlik \u00e7ok severek yapt\u0131\u011f\u0131m bir i\u015f. \u00dczerimizde bir\u00e7ok insan\u0131n eme\u011fi var. Hepsine \u00e7ok te\u015fekk\u00fcr ediyorum. Camian\u0131n duayenlerinden Ertu\u011frul Dilek hocam\u0131n \u00e7ok katk\u0131s\u0131 var benim kariyerimde. Hakemli\u011fimin ba\u015f\u0131nda bu yana yan\u0131mda olmu\u015ftur.&#8221; a\u00e7\u0131klamas\u0131n\u0131 yapt\u0131.<\/p>\n<h3>&#8220;Yutkundu\u011fum ve kelimelerin d\u00fc\u011f\u00fcmlendi\u011fi g\u00fcnler oldu&#8221;<\/h3>\n<p>Hakemler olarak haks\u0131z ele\u015ftirilere \u00e7ok maruz kald\u0131klar\u0131n\u0131 vurgulayan G\u00f6\u00e7ek, s\u00f6zlerine \u015f\u00f6yle devam etti:<\/p>\n<p>&#8220;\u00c7ok zor bir meslek yap\u0131yoruz. Yutkundu\u011fum ve kelimelerin d\u00fc\u011f\u00fcmlendi\u011fi g\u00fcnler oldu. Ama biz profesyoneliz. Bir anl\u0131k \u00f6fkeyle hareket edersek hakl\u0131yken haks\u0131z duruma d\u00fc\u015febiliriz. Biz bunu kendi i\u00e7imizde yendik ve bir sonraki g\u00f6revde konsantrasyonumuzun da\u011f\u0131lmamas\u0131 i\u00e7in eski ma\u00e7larda yapt\u0131\u011f\u0131m\u0131z hatalar\u0131 cebimize koyarak kendimizi geli\u015ftirdik. Bu \u00f6z ele\u015ftiriyi yapmam\u0131z \u00e7ok \u00f6nemliydi. Bunlar\u0131 yap\u0131p bir sonraki ma\u00e7a odaklanmak gerekiyor. Ge\u00e7mi\u015fle ya\u015fayam\u0131yorsunuz. Ge\u00e7mi\u015ften sadece edindi\u011finiz tecr\u00fcbeleri getirmek zorundas\u0131n\u0131z. \u00dcz\u00fcl\u00fcyorduk tabii ki ama buna da yeri geldi\u011finde nokta koyman\u0131z gerekiyordu.&#8221;<\/p>\n<p>Hakem olmaktan dolay\u0131 hi\u00e7bir zaman pi\u015fman olmad\u0131\u011f\u0131n\u0131 da s\u00f6yleyen G\u00f6\u00e7ek, &#8220;Orta hakem olarak ilk ma\u00e7\u0131m liseleraras\u0131 bir ma\u00e7t\u0131. Alibeyk\u00f6y sahas\u0131na \u00e7\u0131km\u0131\u015ft\u0131m. O d\u00fcd\u00fc\u011f\u00fc ilk \u00e7ald\u0131ktan sonra ben hakem olmaya karar verdim ve hi\u00e7 pi\u015fman olmad\u0131m. B\u00fct\u00fcn ya\u015fad\u0131\u011f\u0131m olumsuzluklara ra\u011fmen g\u00f6\u011f\u00fcs germeye \u00e7al\u0131\u015ft\u0131m.&#8221; de\u011ferlendirmesinde bulundu.<\/p>\n<h3>&#8220;Hatalar oluyor ama biz sahaya hata yapmak i\u00e7in \u00e7\u0131km\u0131yoruz&#8221;<\/h3>\n<p>FIFA hakemli\u011fini 13 sene yapt\u0131\u011f\u0131n\u0131 ve bunun 7 senesinin birinci kategoride oldu\u011funu hat\u0131rlatan G\u00f6\u00e7ek, Avrupa Ligi&#8217;nde en \u00e7ok ma\u00e7 y\u00f6neten isim olmas\u0131na kar\u015f\u0131n T\u00fcrkiye&#8217;de her zaman ele\u015ftirilerin hedefinde oldu\u011funu dile getirdi.<\/p>\n<p>Birinci kategoride 7 sene kalmas\u0131 nedeniyle bu alanda \u00e7ok fazla ma\u00e7a \u00e7\u0131kt\u0131\u011f\u0131n\u0131 vurgulayan G\u00f6\u00e7ek, \u015funlar\u0131 s\u00f6yledi:<\/p>\n<p>&#8220;Avrupa Ligi&#8217;nde say\u0131s\u0131z ma\u00e7 y\u00f6nettim. T\u00fcrk hakemli\u011fini burada en \u00fcst d\u00fczeyde temsil ettim. Bunun haricinde, di\u011fer \u00fclkelerdeki hakemler de kendi \u00fclkesinde istenmeyen isimler oldu. Collina&#8217;dan \u00f6rnek vermek istiyorum, d\u00fcnyan\u0131n gelmi\u015f ge\u00e7mi\u015f en iyi hakemlerden birisi olmas\u0131na kar\u015f\u0131n \u0130talya&#8217;da istenmeyen hakemler listesinde ba\u015f\u0131 \u00e7ekiyordu. 19 sene S\u00fcper Lig&#8217;de kald\u0131m, 294 m\u00fcsabaka y\u00f6nettim. Bu s\u00fcrede otomatik olarak y\u0131pran\u0131yorsunuz. Hatalar oluyor ama biz hata yapmak i\u00e7in \u00e7\u0131km\u0131yoruz sahaya. Bu kadar uzun s\u00fcre S\u00fcper Lig&#8217;de g\u00f6rev al\u0131p bu kadar fazla ma\u00e7a \u00e7\u0131k\u0131nca bir y\u0131pranma oluyor.&#8221;<\/p>\n<p>Son olarak yeni sezon \u00f6ncesinde futbol ailesine mesaj veren G\u00f6\u00e7ek, s\u00f6zlerini \u015f\u00f6yle tamamlad\u0131:<\/p>\n<p>&#8220;2023-2024 sezonunun t\u00fcm futbol ailesine ba\u015far\u0131lar getirmesini diliyorum. Biz bir kulvar de\u011fi\u015fikli\u011fi yapt\u0131k. Saha hakemli\u011finde Suat&#8217;la beraber nas\u0131l ba\u015far\u0131l\u0131 olduysak, ayn\u0131 \u00e7izgimizi VAR hakemli\u011finde de s\u00fcrd\u00fcrmek istiyoruz. Hakem kadrosu olarak \u00e7ok \u00e7al\u0131\u015f\u0131yoruz. Kendimizi her g\u00fcn g\u00fcncelliyoruz. Kamuoyunun da bize olan bak\u0131\u015f a\u00e7\u0131s\u0131 daha sa\u011fduyulu olursa ba\u015fka bir \u015fey istemeyiz.&#8221;<\/p>\n<h3>Suat Arslanbo\u011fa: Her hakeme bu \u015fekilde b\u0131rakmak nasip olsun<\/h3>\n<p>H\u00fcseyin G\u00f6\u00e7ek gibi 27 y\u0131ld\u0131r hakemlik mesle\u011fini yapt\u0131\u011f\u0131n\u0131 belirten Suat Arslanbo\u011fa da saha kariyerlerini kendilerine yak\u0131\u015ft\u0131\u011f\u0131 gibi onur, \u015feref ve haysiyetle b\u0131rakt\u0131klar\u0131n\u0131 belirterek, &#8220;Bunu sa\u011flayan TFF ba\u015fkan\u0131m\u0131za te\u015fekk\u00fcr ederiz. Ge\u00e7mi\u015f d\u00f6nemde ya\u015fad\u0131\u011f\u0131m\u0131z olumsuzluklarda yan\u0131m\u0131zda olup destek veren t\u00fcm b\u00fcy\u00fcklerime, haks\u0131zl\u0131k ve olumsuzluklar kar\u015f\u0131s\u0131nda bize destek olanlara te\u015fekk\u00fcr ederim. Her hakeme bu \u015fekilde b\u0131rakmak nasip olsun.&#8221; ifadelerini kulland\u0131.<\/p>\n<p><img decoding=\"async\" alt=\"\" src=\"https:\/\/admin.aa.com.tr\/uploads\/userFiles\/de89f914-66b1-4a0b-9347-13c0eafe70cc\/2023%2F08%2F20230804_2_59769581_91609660.jpg\"\/><\/p>\n<p>Ya\u015fanan durumun bir g\u00f6rev de\u011fi\u015fikli\u011fi oldu\u011funu aktaran Suat Arslanbo\u011fa, \u015f\u00f6yle devam etti:<\/p>\n<p>&#8220;Ben konuyla ilgili federasyon ba\u015fkan\u0131m\u0131za karar\u0131m\u0131 bildirmi\u015ftim. Ya\u015f\u0131m\u0131n 45 oldu\u011funu, mental anlamda yoruldu\u011fumuzu s\u00f6ylemi\u015ftim. VAR&#8217;da b\u00f6yle bir ihtiya\u00e7 oldu\u011funu ve oraya ge\u00e7memizi rica edince g\u00f6revimize burada devam etmeye \u00e7al\u0131\u015faca\u011f\u0131z. Bundan sonra da mutlaka hatam\u0131z olacak. Bizim daha \u00e7ok \u00e7al\u0131\u015f\u0131p daha dikkatli olmam\u0131z gerekiyor. Sarf edilen emeklere kar\u015f\u0131l\u0131k adaleti sa\u011flaman\u0131n bilincindeyiz. Her son bir ba\u015flang\u0131\u00e7t\u0131r. Umar\u0131m kendimize yak\u0131\u015f\u0131r \u015fekilde camiam\u0131za, devletimize, kurumumuza destek olup g\u00f6revimizi yerine getiririz.&#8221;<\/p>\n<h3>&#8220;Bazen yaln\u0131z kald\u0131\u011f\u0131n\u0131z s\u00fcre\u00e7ler oluyor ve patlama noktas\u0131na geliyorsunuz&#8221;<\/h3>\n<p>Arslanbo\u011fa, hakemlerin ele\u015ftirilmesine kar\u015f\u0131n kamuoyuna a\u00e7\u0131klama yapamamas\u0131n\u0131n birikime sebep oldu\u011funu ancak yeni ba\u015flayan hakemlerin bu anlamda sab\u0131rl\u0131 olmalar\u0131 gerekti\u011fini belirtti.<\/p>\n<p>Ya\u015fanan olumsuz bir konunun belki de ilerleyen s\u00fcre\u00e7te hay\u0131rl\u0131 bir konu olabilece\u011fini de s\u00f6zlerine ekleyen Suat Arslanbo\u011fa, \u015funlar\u0131 s\u00f6yledi:<\/p>\n<p>&#8220;Sab\u0131rl\u0131 olmazsan\u0131z bu i\u015fi y\u00fcr\u00fctmeniz m\u00fcmk\u00fcn de\u011fil. D\u00f6nem d\u00f6nem evde bir ba\u015f\u0131m\u0131za kald\u0131k, kimse aramad\u0131, sormad\u0131. Bu t\u00fcr olumsuzluklar\u0131 da ya\u015fad\u0131k. Sa\u011f olsun birinci derece dostlar\u0131m\u0131z hep yan\u0131m\u0131zda oldu, bize destek \u00e7\u0131kt\u0131. Bazen yaln\u0131z kald\u0131\u011f\u0131n\u0131z s\u00fcre\u00e7ler oluyor ve patlama noktas\u0131na geliyorsunuz. \u00c7\u0131k\u0131p &#8216;Yeter art\u0131k, her \u015feyi anlatay\u0131m&#8217; gibi bazen i\u00e7inizde volkanlar birikiyor. Ama ta\u015f\u0131d\u0131\u011f\u0131n\u0131z misyon ve kuruma olan sorumlulu\u011funuz buna izin vermiyor. Kurumsal anlamda b\u00f6yle izinler oldu\u011fu s\u00fcrece biz de \u00e7\u0131k\u0131p kendimizi ifade etmek i\u00e7in elimizden geleni yapar\u0131z. Neden bir hata oldu\u011funu, neden kaynakland\u0131\u011f\u0131n\u0131, neyin sebep oldu\u011funu anlatmak, hatay\u0131 kabul etmek erdemdir. Mutlaka bizler hata yapaca\u011f\u0131z ama bu i\u015fin ilac\u0131 sab\u0131r.&#8221;<\/p>\n<p>Hakemli\u011fe ilk ba\u015flad\u0131\u011f\u0131nda bir b\u00fcy\u00fc\u011f\u00fcn\u00fcn y\u00f6nlendirmesiyle yan hakemlikten orta hakemli\u011fe ge\u00e7ti\u011finin alt\u0131n\u0131 \u00e7izen Arslanbo\u011fa, s\u00fcrekli sahada kalman\u0131n kendisi i\u00e7in mutluluk verici oldu\u011funu aktard\u0131.<\/p>\n<p>Sahada h\u00fckmetmenin kendisini mutlu hissettirdi\u011fini de s\u00f6yleyen Arslanbo\u011fa, &#8220;Seyircinin ortas\u0131nda hi\u00e7bir \u015feyi umursamadan do\u011fru kararlar\u0131 vermeye \u00e7al\u0131\u015fmak mutlu ediyor. Bunu anlatmak m\u00fcmk\u00fcn de\u011fil. Benim mesle\u011fe ilk ba\u015flad\u0131\u011f\u0131m y\u0131llarda hakem camias\u0131nda birka\u00e7 olumsuz \u00f6rnek vard\u0131. Onlar\u0131 g\u00f6r\u00fcnce &#8216;Ben bu camiaya girmem&#8217; diyordum ama bu i\u015fe ba\u015flad\u0131ktan sonra da tutku olu\u015fuyor. Sonraki s\u00fcre\u00e7te de elinizden gelenin en iyisin yapmaya \u00e7al\u0131\u015f\u0131yorsunuz. D\u00f6rd\u00fcnc\u00fc hakemlik yapt\u0131m, yard\u0131mc\u0131 hakemlik yapt\u0131m, ilave yard\u0131mc\u0131 hakemlik yapt\u0131m, \u015fimdi video hakemlik yapaca\u011f\u0131m. Bu i\u015fin geli\u015fimine ayak uydurmak zorundas\u0131n\u0131z. Bunca y\u0131lda bize tan\u0131nm\u0131\u015fl\u0131k vermi\u015f, maddi ve manevi her \u015feyi vermi\u015f bir camiaya kar\u015f\u0131 da bir nefer olarak bundan sonra elimizden geleni yapmam\u0131z gerekiyor.&#8221; de\u011ferlendirmesinde bulundu.<\/p>\n<h3>&#8220;Her \u015feyin bo\u015f oldu\u011funu Malatya&#8217;da g\u00f6r\u00fcyorsunuz&#8221;<\/h3>\n<p>Kahramanmara\u015f merkezli depremlerden Malatya&#8217;da ya\u015fayan ailesi etkilenen Suat Arslanbo\u011fa, ya\u015fanan felaketin ard\u0131ndan hakemlik kariyerine nokta koymaya karar verdi\u011fini s\u00f6yledi.<\/p>\n<p>Depremde hayat\u0131n\u0131 kaybedenlere ba\u015f sa\u011fl\u0131\u011f\u0131 dileyen Suat Arslanbo\u011fa, \u015funlar\u0131 kaydetti:<\/p>\n<p>&#8220;Depremin ya\u015fand\u0131\u011f\u0131 6 \u015eubat&#8217;ta ablam mesaj at\u0131p &#8216;Deprem oldu, korkmay\u0131n&#8217; yazm\u0131\u015ft\u0131. Ben &#8216;\u00c7ok sallad\u0131 m\u0131?&#8217; deyince, &#8216;7,4&#8217; cevab\u0131n\u0131 verdi. Telefona nas\u0131l sar\u0131ld\u0131\u011f\u0131m\u0131 bilmiyorum. Yollar kapal\u0131 diye o g\u00fcn yola \u00e7\u0131kamad\u0131m. Ama bir g\u00fcn sonra dayanamay\u0131p yola \u00e7\u0131kt\u0131m. Memleket bana her \u015feyi verdi, bizim de oras\u0131 i\u00e7in elimizden geleni yapmam\u0131z gerekiyordu. Gitti\u011fimde oradaki durumu umdu\u011fumdan daha k\u00f6t\u00fc g\u00f6rd\u00fcm. Biz felaketleri hep televizyondan izliyoruz ve bize film gibi geliyor. Eksi 15 derecede insanlar\u0131n o halini g\u00f6r\u00fcnce &#8220;Ne i\u00e7in m\u00fccadele veriyoruz art\u0131k.&#8221; diye d\u00fc\u015f\u00fcnd\u00fcm ve d\u00f6n\u00fcnce hakemli\u011fi b\u0131rakmaya karar verdim. \u00c7\u00fcnk\u00fc her \u015feyin bo\u015f oldu\u011funu Malatya&#8217;da g\u00f6r\u00fcyorsunuz. Burada da sorumluluklar\u0131n\u0131z var. O an\u0131 ya\u015fay\u0131p hissetmek laz\u0131m. Ben o an\u0131 ya\u015famadan gidip g\u00f6rd\u00fc\u011f\u00fcmde, hayatta neler i\u00e7in m\u00fccadele etti\u011fimizi daha iyi anlad\u0131m. Belki de bo\u015f i\u015fler i\u00e7in m\u00fccadele ediyoruz. Kimseyi k\u0131rmamak laz\u0131m. Bu durum ba\u015f\u0131m\u0131za gelince daha iyi anl\u0131yoruz. \u0130n\u015fallah bir daha ya\u015famadan ders al\u0131r\u0131z ve birbirimize daha olumlu yakla\u015f\u0131r\u0131z.&#8221;<\/p>\n<p>Yeni sezon \u00f6ncesinde t\u00fcm spor payda\u015flar\u0131na ba\u015far\u0131lar dileyen Suat Arslanbo\u011fa, s\u00f6zlerini \u015fu \u015fekilde tamamlad\u0131:<\/p>\n<p>&#8220;Bu camiada her zaman do\u011fruyu s\u00f6ylemek, do\u011fruyu yapmak ve do\u011fru ya\u015famak i\u00e7in m\u00fccadele ettim. T\u00fcm m\u00fccadelem do\u011fruluk ve d\u00fcr\u00fcstl\u00fck ad\u0131nayd\u0131. Kamuoyunda bizi tan\u0131mayan insanlar\u0131n yapt\u0131\u011f\u0131 \u00f6nyarg\u0131l\u0131 yorumlar bizi \u00fcz\u00fcyor. Mikrofonu, telefonu, klavyeyi eline alan hi\u00e7 hak etmedi\u011finiz \u015fekilde bizleri ele\u015ftirebiliyor. Bizler burada adalet duygusuyla bu i\u015fi icra etmeye \u00e7al\u0131\u015f\u0131yoruz, bu duyguyla \u00e7oluk \u00e7ocu\u011fumuzun r\u0131zk\u0131n\u0131 g\u00f6t\u00fcr\u00fcyoruz. Kendi i\u015fimiz de var, ben memurum. Burada gitti\u011fi kadar m\u00fccadelemize devam edece\u011fiz ama biz verilenleri hak etmeye \u00e7al\u0131\u015f\u0131yoruz. Kimsenin hakk\u0131n\u0131 yemek i\u00e7in g\u00f6z g\u00f6re g\u00f6re o sahaya \u00e7\u0131km\u0131yoruz ya da VAR odas\u0131na oturmuyoruz. E\u011fitimlerimiz son derece etkili \u015fekilde devam ediyor. Ayl\u0131k e\u011fitimlerimiz var, s\u00fcrekli pozisyonlar\u0131 birbirimizle tart\u0131\u015f\u0131yoruz. \u00d6nyarg\u0131lardan uzak, insanlar\u0131 tan\u0131yarak yorum yapmam\u0131z gerekti\u011fini d\u00fc\u015f\u00fcn\u00fcyorum. Herkese bu mesaj\u0131 vermek istiyorum. Yunus Emre&#8217;nin bir d\u00f6rtl\u00fc\u011f\u00fc var; &#8216;Herkes ayna gibidir bakan da sen. Senin g\u00f6z\u00fcnd\u00fcr seni ihbar eden. Her neye bakarsan senin g\u00f6z\u00fcnd\u00fcr, kimde ne g\u00f6r\u00fcrsen kendi \u00f6z\u00fcnd\u00fcr&#8217; diyerek mesaj g\u00f6ndermek istiyorum.&#8221;<\/p>\n<p>                            <span class=\"detay-foto-editor\">&#13;<br \/>\n                                <a href=\"https:\/\/www.aa.com.tr\/tr\/p\/abonelik-talep-formu\/1001\" target=\"_blank\" style=\"font-size:12px; color:#444; text-decoration:none;\" rel=\"noopener\">&#13;<br \/>\n                                    Anadolu Ajans\u0131 web sitesinde, AA Haber Ak\u0131\u015f Sistemi (HAS) \u00fczerinden abonelere sunulan haberler, \u00f6zetlenerek yay\u0131mlanmaktad\u0131r. <b style=\"color:#1897F7\">Abonelik i\u00e7in l\u00fctfen ileti\u015fime ge\u00e7iniz.<\/b>&#13;<br \/>\n                                <\/a>&#13;<br \/>\n                            <\/span>\n                        <\/div>\n<p><script>\n\t  window.fbAsyncInit = function() {\n\t\tFB.init({\n\t\t  appId: '1855843514662870',\n\t\t  status : true, \/\/ check login status\n\t\t  cookie : true, \/\/ enable cookies to allow the server to access the session\n\t\t  xfbml  : true  \/\/ parse XFBML\n\t\t});\n\t  };<\/p>\n<p>\t  (function() {\n\t\tvar e = document.createElement('script');\n\t\te.src=\"https:\/\/connect.facebook.net\/tr_TR\/all.js\";\n\t\te.async = true;\n\t\tdocument.getElementById('fb-root').appendChild(e);\n\t  }());\n    <\/script><\/p>\n","protected":false},"excerpt":{"rendered":"<p>T\u00fcrkiye Futbol Federasyonu (TFF) Merkez Hakem Kurulunun (MHK) 2023-2024 Yaz Semineri a\u00e7\u0131l\u0131\u015f t\u00f6reninde plaketlerini alan G\u00f6\u00e7ek ve Arslanbo\u011fa, AA muhabirine a\u00e7\u0131klamalarda bulundu. Her iki isim de 27 sene s\u00fcren saha hakemli\u011fi kariyerlerinde emekleri ge\u00e7en isimlere te\u015fekk\u00fcr etti. T\u00fcrk futboluna hizmet etmenin kendisi ad\u0131na \u00e7ok \u00f6nemli oldu\u011funu ifade eden H\u00fcseyin G\u00f6\u00e7ek, ilk kurs hocas\u0131 Ahmet Erdo\u011fan&#8217;\u0131n [&hellip;]<\/p>\n","protected":false},"author":1,"featured_media":11120,"comment_status":"","ping_status":"","sticky":false,"template":"","format":"standard","meta":[],"categories":[48],"tags":[],"_links":{"self":[{"href":"https:\/\/kraios.app\/news\/wp-json\/wp\/v2\/posts\/11119"}],"collection":[{"href":"https:\/\/kraios.app\/news\/wp-json\/wp\/v2\/posts"}],"about":[{"href":"https:\/\/kraios.app\/news\/wp-json\/wp\/v2\/types\/post"}],"author":[{"embeddable":true,"href":"https:\/\/kraios.app\/news\/wp-json\/wp\/v2\/users\/1"}],"replies":[{"embeddable":true,"href":"https:\/\/kraios.app\/news\/wp-json\/wp\/v2\/comments?post=11119"}],"version-history":[{"count":0,"href":"https:\/\/kraios.app\/news\/wp-json\/wp\/v2\/posts\/11119\/revisions"}],"wp:featuredmedia":[{"embeddable":true,"href":"https:\/\/kraios.app\/news\/wp-json\/wp\/v2\/media\/11120"}],"wp:attachment":[{"href":"https:\/\/kraios.app\/news\/wp-json\/wp\/v2\/media?parent=11119"}],"wp:term":[{"taxonomy":"category","embeddable":true,"href":"https:\/\/kraios.app\/news\/wp-json\/wp\/v2\/categories?post=11119"},{"taxonomy":"post_tag","embeddable":true,"href":"https:\/\/kraios.app\/news\/wp-json\/wp\/v2\/tags?post=11119"}],"curies":[{"name":"wp","href":"https:\/\/api.w.org\/{rel}","templated":true}]}}