{"id":11109,"date":"2023-08-04T09:33:56","date_gmt":"2023-08-04T09:33:56","guid":{"rendered":"https:\/\/kraios.app\/news\/yasam\/2023\/08\/04\/dunyanin-en-yasli-insanlarindan-yezidi-rewse-nine-pkk-nedeniyle-sincardaki-evine-donemiyor\/"},"modified":"2023-08-04T09:33:56","modified_gmt":"2023-08-04T09:33:56","slug":"dunyanin-en-yasli-insanlarindan-yezidi-rewse-nine-pkk-nedeniyle-sincardaki-evine-donemiyor","status":"publish","type":"post","link":"https:\/\/kraios.app\/news\/yasam\/2023\/08\/04\/dunyanin-en-yasli-insanlarindan-yezidi-rewse-nine-pkk-nedeniyle-sincardaki-evine-donemiyor\/","title":{"rendered":"D\u00fcnyan\u0131n en ya\u015fl\u0131 insanlar\u0131ndan Yezidi Rew\u015fe nine PKK nedeniyle Sincar&#8217;daki evine d\u00f6nemiyor"},"content":{"rendered":"<p><\/p>\n<div>\n<p>Sincar&#8217;\u0131n Dugere b\u00f6lgesinde d\u00fcnyaya gelen Rew\u015fe nine bug\u00fcn 136 ya\u015f\u0131nda. Kimli\u011finde yazan do\u011fum tarihi 1 Temmuz 1887. Kimilerine g\u00f6re d\u00fcnyan\u0131n en ya\u015fl\u0131 insan\u0131 o. Ama bu konuda resmi bir a\u00e7\u0131klama yok.<\/p>\n<p>Irak&#8217;ta Yezidilerin \u00e7o\u011funlukta ya\u015fad\u0131\u011f\u0131 Musul&#8217;un Sincar il\u00e7esi 3 A\u011fustos 2014&#8217;te ter\u00f6r \u00f6rg\u00fct\u00fc DEA\u015e&#8217;\u0131n sald\u0131r\u0131s\u0131na u\u011frad\u0131. DEA\u015e i\u015fgali s\u0131ras\u0131nda evlerini terk etmek zorunda kalan on binlerce Yezidi aras\u0131nda Rew\u015fe nine de vard\u0131.<\/p>\n<p>Ya\u015fl\u0131 kad\u0131n \u015fimdi de bir ba\u015fka ter\u00f6r \u00f6rg\u00fct\u00fc PKK nedeniyle \u00f6mr\u00fcn\u00fcn son demlerini ata topra\u011f\u0131ndan uzakta ge\u00e7iriyor.<\/p>\n<p>Torunlar\u0131yla Duhok\u2019taki Kebertu M\u00fclteci Kamp\u0131\u2019nda kalan Rew\u015fe nine, ya\u015fad\u0131\u011f\u0131 zorluklar\u0131 ve s\u0131la \u00f6zlemini AA muhabirine anlatt\u0131.<\/p>\n<p><img decoding=\"async\" alt=\"\" src=\"https:\/\/www.aa.com.tr\/uploads\/userFiles\/76bad36d-1411-48e8-a1ae-b65e58872c06\/01.05%2F14%2F8%2F20230804_2_59770080_91610502.jpg\"\/><\/p>\n<h3>Zorlu kamp \u015fartlar\u0131 sa\u011fl\u0131\u011f\u0131n\u0131 olumsuz etkiledi<\/h3>\n<p>Rew\u015fe nine, 9 y\u0131l \u00f6nce DEA\u015e&#8217;\u0131n Sincar sald\u0131r\u0131s\u0131nda ya\u015fad\u0131klar\u0131n\u0131 unutamam\u0131\u015f. &#8220;Sofrada oturuyorduk. Baz\u0131lar\u0131m\u0131z yeme\u011fini yemi\u015f, di\u011ferleri yemek \u00fczereydi.&#8221; diyen ya\u015fl\u0131 Yezidi, \u015f\u00f6yle devam etti:<\/p>\n<p>&#8220;Tam o esnada torunum Kas\u0131m h\u0131zla eve girdi, beni s\u0131rt\u0131na ald\u0131 ve ka\u00e7maya ba\u015flad\u0131k. O kadar \u015fey ya\u015fad\u0131m ki bu hayatta g\u00f6rmedi\u011fim bir \u015fey kalmad\u0131.&#8221;<\/p>\n<p>O g\u00fcn Sincar&#8217;dan ka\u00e7arak Duhok&#8217;a ge\u00e7en Rew\u015fe nine ve ailesinin evden uzak kamp hayat\u0131 y\u0131llard\u0131r s\u00fcr\u00fcyor.<\/p>\n<p>\u00d6nceleri sabahlar\u0131 hi\u00e7bir destek almadan kamp\u0131n i\u00e7inde k\u00fc\u00e7\u00fck ad\u0131mlarla y\u00fcr\u00fcy\u00fc\u015f yapabildi\u011fini ve dostlar\u0131n\u0131 ziyaret edebildi\u011fini s\u00f6yleyen Rew\u015fe nine, g\u00f6zlerini kaybetti\u011fi i\u00e7in art\u0131k tek ba\u015f\u0131na hareket edemiyor.<\/p>\n<p>PKK nedeniyle yurduna d\u00f6nemeyen ve zorlu kamp ko\u015fullar\u0131na katlanmak zorunda kalan Rew\u015fe nine, &#8220;Sa\u011fl\u0131\u011f\u0131m birka\u00e7 y\u0131l \u00f6ncesine kadar iyiydi. Kamptaki zorlu \u015fartlar nedeniyle sa\u011fl\u0131\u011f\u0131m\u0131 da kaybettim.&#8221; dedi.<\/p>\n<h3>&#8220;Sincar&#8217;\u0131 \u00e7ok \u00f6zl\u00fcyorum&#8221;<\/h3>\n<p>Ya\u015fl\u0131 kad\u0131n\u0131n yan\u0131ndan ay\u0131rmad\u0131\u011f\u0131 radyosu ve elinden d\u00fc\u015f\u00fcrmedi\u011fi tespihi dikkatlerden ka\u00e7m\u0131yor.<\/p>\n<p>Evine d\u00f6nme konusunda elinden bir \u015fey gelmeyen Rew\u015fe nine, &#8220;Sincar&#8217;\u0131 \u00e7ok \u00f6zl\u00fcyorum. Kamp \u015fartlar\u0131 beni \u00e7ok yoruyor. Sincar&#8217;\u0131n normalle\u015fmesini ve ailemle topra\u011f\u0131ma d\u00f6nmeyi diliyorum. \u00d6zlemimi radyo dinleyerek bir nebze de olsa gidermeye \u00e7al\u0131\u015f\u0131yorum.&#8221; diye konu\u015ftu.<\/p>\n<p><img decoding=\"async\" alt=\"\" src=\"https:\/\/www.aa.com.tr\/uploads\/userFiles\/76bad36d-1411-48e8-a1ae-b65e58872c06\/01.05%2F14%2F8%2F20230804_2_59770080_91610505.jpg\"\/><\/p>\n<h3>\u00d6mr\u00fc boyunca ila\u00e7 kullanmam\u0131\u015f<\/h3>\n<p>Rew\u015fe nine, 9 y\u0131ld\u0131r \u00e7ileli kamp hayat\u0131na tahamm\u00fcl etmek zorunda kalsa da sa\u011fl\u0131\u011f\u0131na dikkat etmeyi ihmal etmiyor.<\/p>\n<p>Bir asr\u0131 \u00e7oktan devirdi\u011fi \u00f6mr\u00fcnde hi\u00e7 ila\u00e7 kullanmam\u0131\u015f, sa\u00e7lar\u0131n\u0131 boyamam\u0131\u015f ve y\u00fcz\u00fcne herhangi bir makyaj malzemesi s\u00fcrmemi\u015f. Gen\u00e7 k\u0131zlar gibi sa\u00e7lar\u0131n\u0131 \u00f6rerek adeta y\u0131llara ve as\u0131rlara meydan okuyor.<\/p>\n<p>Rew\u015fe nineye bakan torunu Kas\u0131m da b\u00fcy\u00fckannesinin \u00f6zellikle DEA\u015e&#8217;tan \u00f6nce Sincar&#8217;da gayet din\u00e7 oldu\u011funu, evi \u00e7ekip \u00e7evirip hayvanlar\u0131 besledi\u011fini anlatt\u0131.<\/p>\n<p>Kas\u0131m, b\u00fcy\u00fckannesinin bir an \u00f6nce Sincar&#8217;a d\u00f6nme hayaliyle ya\u015fad\u0131\u011f\u0131n\u0131 s\u00f6yledi.<\/p>\n<p>                            <span class=\"detay-foto-editor\">&#13;<br \/>\n                                <a href=\"https:\/\/www.aa.com.tr\/tr\/p\/abonelik-talep-formu\/1001\" target=\"_blank\" style=\"font-size:12px; color:#444; text-decoration:none;\" rel=\"noopener\">&#13;<br \/>\n                                    Anadolu Ajans\u0131 web sitesinde, AA Haber Ak\u0131\u015f Sistemi (HAS) \u00fczerinden abonelere sunulan haberler, \u00f6zetlenerek yay\u0131mlanmaktad\u0131r. <b style=\"color:#1897F7\">Abonelik i\u00e7in l\u00fctfen ileti\u015fime ge\u00e7iniz.<\/b>&#13;<br \/>\n                                <\/a>&#13;<br \/>\n                            <\/span>\n                        <\/div>\n<p><script>\n\t  window.fbAsyncInit = function() {\n\t\tFB.init({\n\t\t  appId: '1855843514662870',\n\t\t  status : true, \/\/ check login status\n\t\t  cookie : true, \/\/ enable cookies to allow the server to access the session\n\t\t  xfbml  : true  \/\/ parse XFBML\n\t\t});\n\t  };<\/p>\n<p>\t  (function() {\n\t\tvar e = document.createElement('script');\n\t\te.src=\"https:\/\/connect.facebook.net\/tr_TR\/all.js\";\n\t\te.async = true;\n\t\tdocument.getElementById('fb-root').appendChild(e);\n\t  }());\n    <\/script><\/p>\n","protected":false},"excerpt":{"rendered":"<p>Sincar&#8217;\u0131n Dugere b\u00f6lgesinde d\u00fcnyaya gelen Rew\u015fe nine bug\u00fcn 136 ya\u015f\u0131nda. Kimli\u011finde yazan do\u011fum tarihi 1 Temmuz 1887. Kimilerine g\u00f6re d\u00fcnyan\u0131n en ya\u015fl\u0131 insan\u0131 o. Ama bu konuda resmi bir a\u00e7\u0131klama yok. Irak&#8217;ta Yezidilerin \u00e7o\u011funlukta ya\u015fad\u0131\u011f\u0131 Musul&#8217;un Sincar il\u00e7esi 3 A\u011fustos 2014&#8217;te ter\u00f6r \u00f6rg\u00fct\u00fc DEA\u015e&#8217;\u0131n sald\u0131r\u0131s\u0131na u\u011frad\u0131. DEA\u015e i\u015fgali s\u0131ras\u0131nda evlerini terk etmek zorunda kalan on [&hellip;]<\/p>\n","protected":false},"author":1,"featured_media":11110,"comment_status":"","ping_status":"","sticky":false,"template":"","format":"standard","meta":[],"categories":[50],"tags":[],"_links":{"self":[{"href":"https:\/\/kraios.app\/news\/wp-json\/wp\/v2\/posts\/11109"}],"collection":[{"href":"https:\/\/kraios.app\/news\/wp-json\/wp\/v2\/posts"}],"about":[{"href":"https:\/\/kraios.app\/news\/wp-json\/wp\/v2\/types\/post"}],"author":[{"embeddable":true,"href":"https:\/\/kraios.app\/news\/wp-json\/wp\/v2\/users\/1"}],"replies":[{"embeddable":true,"href":"https:\/\/kraios.app\/news\/wp-json\/wp\/v2\/comments?post=11109"}],"version-history":[{"count":0,"href":"https:\/\/kraios.app\/news\/wp-json\/wp\/v2\/posts\/11109\/revisions"}],"wp:featuredmedia":[{"embeddable":true,"href":"https:\/\/kraios.app\/news\/wp-json\/wp\/v2\/media\/11110"}],"wp:attachment":[{"href":"https:\/\/kraios.app\/news\/wp-json\/wp\/v2\/media?parent=11109"}],"wp:term":[{"taxonomy":"category","embeddable":true,"href":"https:\/\/kraios.app\/news\/wp-json\/wp\/v2\/categories?post=11109"},{"taxonomy":"post_tag","embeddable":true,"href":"https:\/\/kraios.app\/news\/wp-json\/wp\/v2\/tags?post=11109"}],"curies":[{"name":"wp","href":"https:\/\/api.w.org\/{rel}","templated":true}]}}