{"id":11107,"date":"2023-08-04T09:29:53","date_gmt":"2023-08-04T09:29:53","guid":{"rendered":"https:\/\/kraios.app\/news\/gundem\/2023\/08\/04\/rusyanin-tahil-anlasmasina-donmesi-icin-turkiye-ve-bmyi-desteklemeyi-surdurecegiz\/"},"modified":"2023-08-04T09:29:53","modified_gmt":"2023-08-04T09:29:53","slug":"rusyanin-tahil-anlasmasina-donmesi-icin-turkiye-ve-bmyi-desteklemeyi-surdurecegiz","status":"publish","type":"post","link":"https:\/\/kraios.app\/news\/gundem\/2023\/08\/04\/rusyanin-tahil-anlasmasina-donmesi-icin-turkiye-ve-bmyi-desteklemeyi-surdurecegiz\/","title":{"rendered":"Rusya&#8217;n\u0131n tah\u0131l anla\u015fmas\u0131na d\u00f6nmesi i\u00e7in T\u00fcrkiye ve BM&#8217;yi desteklemeyi s\u00fcrd\u00fcrece\u011fiz"},"content":{"rendered":"<p><\/p>\n<div>\n<p>Borrell, eski ad\u0131 Twitter olan X sosyal medya platformundan yapt\u0131\u011f\u0131 a\u00e7\u0131klamada &#8220;Rusya g\u0131day\u0131 silah olarak kullanmay\u0131 b\u0131rakmal\u0131. Rusya&#8217;y\u0131 Karadeniz Tah\u0131l Anla\u015fmas\u0131&#8217;na d\u00f6nmeye ikna etmek zorunday\u0131z.&#8221; de\u011ferlendirmesinde bulundu.<\/p>\n<p>Ayn\u0131 zamanda \u0130ngiliz The Guardian gazetesinde g\u00f6r\u00fc\u015f yaz\u0131s\u0131 kaleme alan Borrell, ge\u00e7en ay Rusya&#8217;n\u0131n anla\u015fmadan \u00e7ekilmesinin toptan bu\u011fday ve m\u0131s\u0131r fiyatlar\u0131nda ani art\u0131\u015fa neden oldu\u011funa dikkati \u00e7ekti.<\/p>\n<p>Borell, Rusya&#8217;n\u0131n anla\u015fmadan \u00e7ekilmesini takiben Ukrayna&#8217;n\u0131n tah\u0131l depolama tesislerini ve liman altyap\u0131s\u0131n\u0131 hedef alarak yok etmeye ba\u015flamas\u0131n\u0131n da bu durumda etkili oldu\u011funu vurgulayarak, \u015f\u00f6yle devam etti:<\/p>\n<p>&#8220;D\u00fcnya kesintiye u\u011frayan arz ve y\u00fcksek fiyatlar ile u\u011fra\u015f\u0131rken, Rusya \u015fimdi kendi yaratt\u0131\u011f\u0131 bir sorunu \u00e7\u00f6z\u00fcyormu\u015f gibi davranarak ikili tah\u0131l sevkiyat\u0131 teklifleriyle \u00f6zellikle Afrika&#8217;daki savunmas\u0131z \u00fclkelere yakla\u015f\u0131yor. Bu, g\u0131day\u0131 kas\u0131tl\u0131 olarak bir silah olarak kullanmak i\u00e7in alayc\u0131 bir politikad\u0131r.&#8221;<\/p>\n<h3>&#8220;T\u00fcrkiye ve BM&#8217;yi desteklemeyi s\u00fcrd\u00fcrece\u011fiz&#8221;<\/h3>\n<p>\u200b\u200b\u200b\u200b\u200b\u200b\u200bBorrell, &#8220;BM ve T\u00fcrkiye&#8217;nin Karadeniz Tah\u0131l Anla\u015fmas\u0131&#8217;n\u0131 s\u00fcrd\u00fcrmek i\u00e7in yorulmak bilmeyen \u00e7abalar\u0131n\u0131 desteklemeye devam edece\u011fiz.&#8221; ifadelerini kulland\u0131 ve \u015funlar\u0131 kaydetti:<\/p>\n<p>&#8220;Uluslararas\u0131 toplumu ve t\u00fcm \u00fclkeleri k\u00fcresel g\u0131da g\u00fcvenli\u011fini desteklemek i\u00e7in kendi yard\u0131mlar\u0131n\u0131 art\u0131rmaya \u00e7a\u011f\u0131r\u0131yoruz. T\u00fcm ortaklar\u0131m\u0131zdan Afrika Birli\u011fi&#8217;nin yapt\u0131\u011f\u0131 gibi, Rusya&#8217;y\u0131 m\u00fczakerelere geri d\u00f6nmeye ve Ukrayna&#8217;n\u0131n tar\u0131msal altyap\u0131s\u0131n\u0131 hedef almaktan vazge\u00e7meye \u00e7a\u011f\u0131rmaya davet ediyoruz. Tek ses ve net olursak Rusya&#8217;n\u0131n anla\u015fmaya d\u00f6nmesini sa\u011flayabiliriz.&#8221;<\/p>\n<h3>Karadeniz Tah\u0131l Koridoru Anla\u015fmas\u0131<\/h3>\n<p>Ukrayna-Rusya Sava\u015f\u0131&#8217;n\u0131n k\u00fcresel g\u0131da fiyatlar\u0131 \u00fczerindeki etkisini azaltmak i\u00e7in Birle\u015fmi\u015f Milletler (BM), Rusya, T\u00fcrkiye ve Ukrayna, 22 Temmuz 2022&#8217;de \u0130stanbul&#8217;da d\u00fczenlenen t\u00f6rende Karadeniz Tah\u0131l Koridoru Anla\u015fmas\u0131&#8217;n\u0131 imzalam\u0131\u015ft\u0131.<\/p>\n<p>Kremlin S\u00f6zc\u00fcs\u00fc Dmitriy Peskov, s\u00fcresi dolan anla\u015fmaya ili\u015fkin 17 Temmuz&#8217;da yapt\u0131\u011f\u0131 a\u00e7\u0131klamada, &#8220;Tah\u0131l koridoru anla\u015fmas\u0131 fiilen son buldu, durduruldu. Rusya, ilgili \u015fartlar uygulan\u0131r uygulanmaz derhal tah\u0131l anla\u015fmas\u0131na geri d\u00f6necek. Anla\u015fman\u0131n Rusya ile ilgili k\u0131sm\u0131 yerine getirilmedi.&#8221; ifadelerini kullanm\u0131\u015ft\u0131.<\/p>\n<p>                            <span class=\"detay-foto-editor\">&#13;<br \/>\n                                <a href=\"https:\/\/www.aa.com.tr\/tr\/p\/abonelik-talep-formu\/1001\" target=\"_blank\" style=\"font-size:12px; color:#444; text-decoration:none;\" rel=\"noopener\">&#13;<br \/>\n                                    Anadolu Ajans\u0131 web sitesinde, AA Haber Ak\u0131\u015f Sistemi (HAS) \u00fczerinden abonelere sunulan haberler, \u00f6zetlenerek yay\u0131mlanmaktad\u0131r. <b style=\"color:#1897F7\">Abonelik i\u00e7in l\u00fctfen ileti\u015fime ge\u00e7iniz.<\/b>&#13;<br \/>\n                                <\/a>&#13;<br \/>\n                            <\/span>\n                        <\/div>\n<p><script>\n\t  window.fbAsyncInit = function() {\n\t\tFB.init({\n\t\t  appId: '1855843514662870',\n\t\t  status : true, \/\/ check login status\n\t\t  cookie : true, \/\/ enable cookies to allow the server to access the session\n\t\t  xfbml  : true  \/\/ parse XFBML\n\t\t});\n\t  };<\/p>\n<p>\t  (function() {\n\t\tvar e = document.createElement('script');\n\t\te.src=\"https:\/\/connect.facebook.net\/tr_TR\/all.js\";\n\t\te.async = true;\n\t\tdocument.getElementById('fb-root').appendChild(e);\n\t  }());\n    <\/script><\/p>\n","protected":false},"excerpt":{"rendered":"<p>Borrell, eski ad\u0131 Twitter olan X sosyal medya platformundan yapt\u0131\u011f\u0131 a\u00e7\u0131klamada &#8220;Rusya g\u0131day\u0131 silah olarak kullanmay\u0131 b\u0131rakmal\u0131. Rusya&#8217;y\u0131 Karadeniz Tah\u0131l Anla\u015fmas\u0131&#8217;na d\u00f6nmeye ikna etmek zorunday\u0131z.&#8221; de\u011ferlendirmesinde bulundu. Ayn\u0131 zamanda \u0130ngiliz The Guardian gazetesinde g\u00f6r\u00fc\u015f yaz\u0131s\u0131 kaleme alan Borrell, ge\u00e7en ay Rusya&#8217;n\u0131n anla\u015fmadan \u00e7ekilmesinin toptan bu\u011fday ve m\u0131s\u0131r fiyatlar\u0131nda ani art\u0131\u015fa neden oldu\u011funa dikkati \u00e7ekti. Borell, [&hellip;]<\/p>\n","protected":false},"author":1,"featured_media":11108,"comment_status":"","ping_status":"","sticky":false,"template":"","format":"standard","meta":[],"categories":[1],"tags":[],"_links":{"self":[{"href":"https:\/\/kraios.app\/news\/wp-json\/wp\/v2\/posts\/11107"}],"collection":[{"href":"https:\/\/kraios.app\/news\/wp-json\/wp\/v2\/posts"}],"about":[{"href":"https:\/\/kraios.app\/news\/wp-json\/wp\/v2\/types\/post"}],"author":[{"embeddable":true,"href":"https:\/\/kraios.app\/news\/wp-json\/wp\/v2\/users\/1"}],"replies":[{"embeddable":true,"href":"https:\/\/kraios.app\/news\/wp-json\/wp\/v2\/comments?post=11107"}],"version-history":[{"count":0,"href":"https:\/\/kraios.app\/news\/wp-json\/wp\/v2\/posts\/11107\/revisions"}],"wp:featuredmedia":[{"embeddable":true,"href":"https:\/\/kraios.app\/news\/wp-json\/wp\/v2\/media\/11108"}],"wp:attachment":[{"href":"https:\/\/kraios.app\/news\/wp-json\/wp\/v2\/media?parent=11107"}],"wp:term":[{"taxonomy":"category","embeddable":true,"href":"https:\/\/kraios.app\/news\/wp-json\/wp\/v2\/categories?post=11107"},{"taxonomy":"post_tag","embeddable":true,"href":"https:\/\/kraios.app\/news\/wp-json\/wp\/v2\/tags?post=11107"}],"curies":[{"name":"wp","href":"https:\/\/api.w.org\/{rel}","templated":true}]}}