{"id":11101,"date":"2023-08-04T07:21:27","date_gmt":"2023-08-04T07:21:27","guid":{"rendered":"https:\/\/kraios.app\/news\/spor\/2023\/08\/04\/tirana-besiktas-maci-olaylar-nedeniyle-gec-basladi\/"},"modified":"2023-08-04T07:21:27","modified_gmt":"2023-08-04T07:21:27","slug":"tirana-besiktas-maci-olaylar-nedeniyle-gec-basladi","status":"publish","type":"post","link":"https:\/\/kraios.app\/news\/spor\/2023\/08\/04\/tirana-besiktas-maci-olaylar-nedeniyle-gec-basladi\/","title":{"rendered":"Tirana-Be\u015fikta\u015f ma\u00e7\u0131 olaylar nedeniyle ge\u00e7 ba\u015flad\u0131"},"content":{"rendered":"<p>Be\u015fikta\u015f\u2019\u0131n Arnavutluk ekibi Tirana ile oynad\u0131\u011f\u0131 UEFA Avrupa Konferans Ligi 2. eleme turu r\u00f6van\u015f ma\u00e7\u0131, ya\u015fanan saha olaylar\u0131 nedeniyle gecikmeli ba\u015flad\u0131.<\/p>\n","protected":false},"excerpt":{"rendered":"<p>Be\u015fikta\u015f\u2019\u0131n Arnavutluk ekibi Tirana ile oynad\u0131\u011f\u0131 UEFA Avrupa Konferans Ligi 2. eleme turu r\u00f6van\u015f ma\u00e7\u0131, ya\u015fanan saha olaylar\u0131 nedeniyle gecikmeli ba\u015flad\u0131.<\/p>\n","protected":false},"author":1,"featured_media":11102,"comment_status":"","ping_status":"","sticky":false,"template":"","format":"standard","meta":[],"categories":[48],"tags":[],"_links":{"self":[{"href":"https:\/\/kraios.app\/news\/wp-json\/wp\/v2\/posts\/11101"}],"collection":[{"href":"https:\/\/kraios.app\/news\/wp-json\/wp\/v2\/posts"}],"about":[{"href":"https:\/\/kraios.app\/news\/wp-json\/wp\/v2\/types\/post"}],"author":[{"embeddable":true,"href":"https:\/\/kraios.app\/news\/wp-json\/wp\/v2\/users\/1"}],"replies":[{"embeddable":true,"href":"https:\/\/kraios.app\/news\/wp-json\/wp\/v2\/comments?post=11101"}],"version-history":[{"count":0,"href":"https:\/\/kraios.app\/news\/wp-json\/wp\/v2\/posts\/11101\/revisions"}],"wp:featuredmedia":[{"embeddable":true,"href":"https:\/\/kraios.app\/news\/wp-json\/wp\/v2\/media\/11102"}],"wp:attachment":[{"href":"https:\/\/kraios.app\/news\/wp-json\/wp\/v2\/media?parent=11101"}],"wp:term":[{"taxonomy":"category","embeddable":true,"href":"https:\/\/kraios.app\/news\/wp-json\/wp\/v2\/categories?post=11101"},{"taxonomy":"post_tag","embeddable":true,"href":"https:\/\/kraios.app\/news\/wp-json\/wp\/v2\/tags?post=11101"}],"curies":[{"name":"wp","href":"https:\/\/api.w.org\/{rel}","templated":true}]}}