{"id":11089,"date":"2023-08-04T05:20:32","date_gmt":"2023-08-04T05:20:32","guid":{"rendered":"https:\/\/kraios.app\/news\/ekonomi\/2023\/08\/04\/deniz-ticareti-filosunun-buyumesi-icin-her-turlu-kolayligi-sagliyoruz\/"},"modified":"2023-08-04T05:20:32","modified_gmt":"2023-08-04T05:20:32","slug":"deniz-ticareti-filosunun-buyumesi-icin-her-turlu-kolayligi-sagliyoruz","status":"publish","type":"post","link":"https:\/\/kraios.app\/news\/ekonomi\/2023\/08\/04\/deniz-ticareti-filosunun-buyumesi-icin-her-turlu-kolayligi-sagliyoruz\/","title":{"rendered":"Deniz ticareti filosunun b\u00fcy\u00fcmesi i\u00e7in her t\u00fcrl\u00fc kolayl\u0131\u011f\u0131 sa\u011fl\u0131yoruz"},"content":{"rendered":"<p> <br \/>\n<\/p>\n<div>\n<p>Ula\u015ft\u0131rma ve Altyap\u0131 Bakan\u0131 Abdulkadir Uralo\u011flu, denizcilik sekt\u00f6r\u00fcne 2053 y\u0131l\u0131na kadar 21,6 milyar dolar yat\u0131r\u0131m ger\u00e7ekle\u015ftireceklerini belirterek, &#8220;Bunun kar\u015f\u0131l\u0131\u011f\u0131 180 milyar dolar milli gelirimize katk\u0131 sunaca\u011f\u0131z. \u00dcretime etkisi 320 milyar dolar\u0131 a\u015facak. 30 y\u0131l boyunca istihdama katk\u0131s\u0131 ise 5 milyon ki\u015fi olacakt\u0131r.&#8221; dedi.<\/p>\n<p>Bakan Uralo\u011flu, \u0130stanbul ve Marmara, Ege, Akdeniz, Karadeniz B\u00f6lgeleri (\u0130MEAK) Deniz Ticaret Odas\u0131 A\u011fustos Ay\u0131 Meclis Toplant\u0131s\u0131&#8217;nda yapt\u0131\u011f\u0131 konu\u015fmada, Barbaros Hayrettin Pa\u015fa, Piri Reis, Turgut Reis ve Oru\u00e7 Reis gibi daha nice b\u00fcy\u00fck T\u00fcrk denizcisi sayesinde tarihin en parlak d\u00f6nemlerinin T\u00fcrk denizcili\u011finin geli\u015fmesi ile m\u00fcmk\u00fcn oldu\u011funu ve per\u00e7inlendi\u011fini s\u00f6yledi.<\/p>\n<p>Denizcilik sekt\u00f6r\u00fcn\u00fcn geli\u015fmesi a\u00e7\u0131s\u0131ndan imkanlar\u0131n \u00e7ok b\u00fcy\u00fck oldu\u011funu ifade eden Uralo\u011flu, T\u00fcrkiye&#8217;nin denizlerde sahip oldu\u011fu bu zengin potansiyeli en iyi \u015fekilde de\u011ferlendirerek, d\u00fcnya denizcili\u011finde hak etti\u011fi yeri almas\u0131n\u0131 hedeflediklerini bildirdi.<\/p>\n<p>Uralo\u011flu, bu ba\u011flamda mavi ekonomi, m\u00fcnhas\u0131r ekonomik b\u00f6lge kavramlar\u0131n\u0131n \u00fclkenin stratejilerinde yerini ald\u0131\u011f\u0131n\u0131 aktard\u0131.<\/p>\n<p>T\u00fcrkiye&#8217;nin son 20 y\u0131lda denizcilik alan\u0131nda \u00e7a\u011f atlad\u0131\u011f\u0131n\u0131 belirten Uralo\u011flu, \u015f\u00f6yle devam etti:<\/p>\n<p>&#8220;T\u00fcrk sahipli gemi say\u0131m\u0131z toplam bin 765 olup bunun bin 352 adeti yabanc\u0131 bayrakl\u0131. Limanlar\u0131m\u0131zda elle\u00e7lenen y\u00fck miktar\u0131 543 milyon tona ula\u015ft\u0131. Pandemi nedeniyle d\u00fc\u015fen kruvaziyer turizmi yeniden canland\u0131. 2023 y\u0131l\u0131 ilk 6 ay\u0131 itibar\u0131yla 2022 y\u0131l\u0131na g\u00f6re yolcu say\u0131s\u0131 yakla\u015f\u0131k 2 kat artarak 483 bine, gemi say\u0131s\u0131 da y\u00fczde 30 artarak 420\u2019ye ula\u015ft\u0131. T\u00fcrk Sahipli Deniz Ticareti Filo b\u00fcy\u00fckl\u00fc\u011f\u00fcn\u00fc 2002\u2019den bug\u00fcne, yakla\u015f\u0131k 4,4 kat art\u0131rarak 39,1 milyon dedveyt tona y\u00fckselttik ve 2023 y\u0131l\u0131nda d\u00fcnya s\u0131ralamas\u0131nda 14\u2019\u00fcnc\u00fc s\u0131rada yer ald\u0131k.<\/p>\n<p>\u00dclkemiz d\u0131\u015f ticaretinin y\u00fczde 85\u2019inin y\u00fcr\u00fct\u00fcld\u00fc\u011f\u00fc limanlar\u0131m\u0131z, ekonomimiz a\u00e7\u0131s\u0131ndan b\u00fcy\u00fck \u00f6neme sahip. 2000 y\u0131l\u0131nda 149 olan liman tesisi say\u0131m\u0131z, 2022 y\u0131l\u0131nda y\u00fczde 46 artarak 217\u2019ye ula\u015ft\u0131. 2002 y\u0131l\u0131nda 37 olan tersane say\u0131m\u0131z bug\u00fcn 84\u2019e \u00e7\u0131km\u0131\u015ft\u0131r. K\u0131y\u0131 \u015feridimizde bulunan tersanelerimize ilave olarak; 749 tekne imal tesisi, 192 adet \u00e7ekek yeri ve 23 adet gemi geri d\u00f6n\u00fc\u015f\u00fcm tesisleri gemi sanayi sekt\u00f6r\u00fcn\u00fcn vazge\u00e7ilmez i\u015fletmeleridir.&#8221;<\/p>\n<h3>&#8220;T\u00fcrkiye d\u00fcnyan\u0131n \u00f6nde gelen yat imalat\u00e7\u0131s\u0131 \u00fclkelerinden&#8221;<\/h3>\n<p>Abdulkadir Uralo\u011flu, ge\u00e7en a\u011fustos ay\u0131nda Cumhurba\u015fkan\u0131 Erdo\u011fan \u00f6nderli\u011finde ba\u015flat\u0131lan deniz yolu tah\u0131l koridoru ile 293 T\u00fcrk sahipli olmak \u00fczere toplam 1004 geminin Ukrayna limanlar\u0131ndan 32,8 milyon ton tah\u0131l ta\u015f\u0131nd\u0131\u011f\u0131n\u0131 bildirdi.<\/p>\n<p>T\u00fcrkiye&#8217;nin d\u00fcnyan\u0131n \u00f6nde gelen yat imalat\u00e7\u0131s\u0131 \u00fclkelerinden biri oldu\u011funu belirten Uralo\u011flu, &#8220;Mega yat sipari\u015f defterinde yer alan proje adedi bak\u0131m\u0131ndan, \u00fclkemiz yat imalat\u0131nda d\u00fcnyada \u00fc\u00e7\u00fcnc\u00fc s\u0131rada yer almaktad\u0131r. Bakanl\u0131\u011f\u0131m\u0131zca tersanelerin kira s\u00fcreleri, 2065 y\u0131l\u0131na kadar, 49 y\u0131l daha uzat\u0131larak yat\u0131r\u0131m yap\u0131labilmesi sa\u011fland\u0131. Kira bedelleri s\u0131f\u0131rlanarak yerine has\u0131lattan pay al\u0131nmas\u0131 ve tersane alanlar\u0131n\u0131n teminat olarak g\u00f6sterilebilmesi ile sekt\u00f6r\u00fcn ticari hareket kabiliyeti art\u0131r\u0131ld\u0131.&#8221; diye konu\u015ftu.<\/p>\n<p>Bakan Uralo\u011flu, &#8220;T\u00fcrkiye Y\u00fczy\u0131l\u0131 vizyonu kapsam\u0131nda yerli ve milli \u00fcretim, \u00f6ncelikli politikalar\u0131m\u0131z aras\u0131nda yer almaktad\u0131r. Bu ba\u011flamda, gemi imalat\u0131ndaki yerlilik oran\u0131 y\u00fczde 20 seviyelerinden, y\u00fczde 50 seviyelerine ula\u015fm\u0131\u015ft\u0131r. Hedefimiz bu oran\u0131 \u00e7ok daha \u00fcst seviyelere y\u00fckseltmektir. Son y\u0131llarda ilgi duyulan hibrit ve otonom gemilerdeki geli\u015fmeleri yak\u0131ndan takip ediyoruz.<br \/>\u0130nan\u0131yorum ki \u00fclkemiz otonom-hibrit gemilerin in\u015fas\u0131nda da lider \u00fclkeler aras\u0131nda yer alacakt\u0131r.&#8221; ifadelerini kulland\u0131.<\/p>\n<p>Mavi vatan\u0131n en \u00f6nemli ve stratejik b\u00f6lgesi olan T\u00fcrk bo\u011fazlar\u0131nda k\u0131lavuzluk, r\u00f6mork\u00f6rc\u00fcl\u00fck, gemi trafik hizmetleri, seyir yard\u0131mc\u0131lar\u0131 hizmetleri ile kurtarma hizmetlerini d\u00fcnya standartlar\u0131nda ve en \u00fcst seviyede yap\u0131ld\u0131\u011f\u0131na dikkati \u00e7eken Uralo\u011flu, \u00fclkenin yerlile\u015fme ve millile\u015fme uygulamalar\u0131na uygun olarak bo\u011fazlarda kullan\u0131lan sistemlerin millile\u015ftirildi\u011fini s\u00f6yledi.<\/p>\n<p>Uralo\u011flu, mavi vatandaki hak ve menfaatler kapsam\u0131nda Do\u011fu Akdeniz&#8217;de etkinli\u011fin art\u0131r\u0131lmas\u0131 amac\u0131yla KKTC\u2019de kurulacak olan Do\u011fu Akdeniz Gemi Trafik Hizmetleri Sistemi Projesi\u2019ne ili\u015fkin \u00e7al\u0131\u015fmalar\u0131n devam etti\u011fini belirterek, projenin tamamlanmas\u0131n\u0131n ard\u0131ndan hem T\u00fcrkiye&#8217;nin hem de KKTC\u2019nin mavi vatandaki hakimiyetini \u00f6nemli \u00f6l\u00e7\u00fcde art\u0131r\u0131laca\u011f\u0131na i\u015faret etti.<\/p>\n<h3>&#8220;Kurdu\u011fumuz sistemlerle denizleri 7\/24 izliyoruz&#8221;<\/h3>\n<p>Ula\u015ft\u0131rma ve Altyap\u0131 Bakan\u0131 Uralo\u011flu, mavi vatanda seyir, can, mal, deniz ve \u00e7evre emniyetinin sa\u011flanmas\u0131na \u00f6nem verdiklerini belirterek, kurduklar\u0131 sistemlerle denizlerin 7\/24 izlendi\u011fini dile getirdi.<\/p>\n<p>Uralo\u011flu, bakanl\u0131\u011f\u0131n b\u00fcnyesinde yer alan y\u0131l\u0131n 365 g\u00fcn\u00fc 7\/24 hizmet veren Ana Arama ve Kurtarma Koordinasyon Merkezi\u2019nin (AAKKM) sadece T\u00fcrk Arama Kurtarma B\u00f6lgesi i\u00e7inde de\u011fil d\u00fcnyan\u0131n her noktas\u0131nda T\u00fcrk denizcili\u011fine ve T\u00fcrk havac\u0131l\u0131\u011f\u0131na hizmet verdi\u011fini s\u00f6yledi.<\/p>\n<p>Merkezin kom\u015fu ve di\u011fer \u00fclkelerin Kurtarma Koordinasyon Merkezleri&#8217;nin de anl\u0131k irtibat kurabildi\u011fi T\u00fcrkiye&#8217;nin tek merkezi oldu\u011funa dikkati \u00e7eken Uralo\u011flu, ge\u00e7en y\u0131l 404 deniz ve hava olay\u0131nda 97\u2019si t\u0131bb\u0131 tahliye olmak \u00fczere 1521 ki\u015finin kurtar\u0131ld\u0131\u011f\u0131n\u0131 s\u00f6yledi.<\/p>\n<p>D\u00fcnya denizlerinde varl\u0131\u011f\u0131n\u0131 g\u00f6steren T\u00fcrk Bayrakl\u0131 gemilerin yurt d\u0131\u015f\u0131ndaki limanlarda denetim rejimlerinin en \u00f6nemlisi ve prestij g\u00f6stergelerinden biri olan Paris Memorandumu 2022 y\u0131l\u0131 performans listesinde 12. s\u0131rada yer ald\u0131\u011f\u0131n\u0131 aktaran Bakan Uralo\u011flu, Paris Memorandumu&#8217;ndan sonra ikinci prestijli memorandum olan Tokyo Memorandumu&#8217;nda ilk kez Beyaz Listede yer al\u0131nd\u0131\u011f\u0131n\u0131 belirtti.<\/p>\n<p>Bakan Uralo\u011flu, denizcilik sekt\u00f6r\u00fcn\u00fcn en \u00f6nemli unsurunun gemi insan\u0131 oldu\u011funu vurgulayarak, T\u00fcrkiye&#8217;den d\u00fcnya denizlerindeki gemilerde hizmet eden yakla\u015f\u0131k 136 bin aktif gemi insan\u0131 bulundu\u011funu bildirdi.<\/p>\n<p>Bakanl\u0131k\u00e7a akredite edilen toplam 105 e\u011fitim kurumu taraf\u0131ndan d\u00fcnya standartlar\u0131nda denizcilik e\u011fitimi verildi\u011fini ifade eden Uralo\u011flu, &#8220;Hedef 2023: 1 Milyon Amat\u00f6r Denizci Projesi&#8221; kapsam\u0131nda 1 Milyon Amat\u00f6r Denizci Belgesi&#8217;ni vererek vatanda\u015flar\u0131 denizle bulu\u015fturduklar\u0131n\u0131 s\u00f6yledi.<\/p>\n<p>\u00dclke i\u00e7in \u00f6nemli bir istihdam alan\u0131 olan gemi insanlar\u0131n\u0131n e\u011fitim ve belgelendirilmesi konusunda T\u00fcrkiye&#8217;nin d\u00fcnyada &#8220;beyaz listede&#8221; oldu\u011funu belirten Uralo\u011flu, gemi insan\u0131 arz\u0131na k\u00fcresel talep olu\u015fturmak amac\u0131yla STCW Anla\u015fmas\u0131 imzalanan \u00fclke say\u0131s\u0131n\u0131n da 37\u2019ye \u00e7\u0131kar\u0131ld\u0131\u011f\u0131n\u0131 hat\u0131rlatt\u0131.<\/p>\n<h3>&#8220;Deniz ticareti filosunun b\u00fcy\u00fcmesi i\u00e7in her t\u00fcrl\u00fc kolayl\u0131\u011f\u0131 sa\u011fl\u0131yoruz&#8221;<\/h3>\n<p>Ula\u015ft\u0131rma ve Altyap\u0131 Bakan\u0131 Abdulkadir Uralo\u011flu, \u00e7evreye daha duyarl\u0131 liman tesislerini \u00fclkeye kazand\u0131rmaya y\u00f6nelik y\u00fcr\u00fct\u00fclen Ye\u015fil Liman Sertifika Program\u0131 kapsam\u0131nda 20 liman tesisini sertifikaland\u0131rd\u0131klar\u0131n\u0131 dile getirdi.<\/p>\n<p>Haziran 2022\u2019de y\u00fcr\u00fcrl\u00fc\u011fe giren &#8220;Hurdaya Ayr\u0131lan T\u00fcrk Bayrakl\u0131 Gemilerin Yerlerine Yeni Gemi \u0130n\u015fa Edilmesinin Te\u015fvikine Dair Y\u00f6netmelik&#8221; uyar\u0131nca te\u015fvik mekanizmas\u0131nda sekt\u00f6r lehine baz\u0131 de\u011fi\u015fiklikler yapt\u0131klar\u0131n\u0131 hat\u0131rlatan Uralo\u011flu, \u015funlar\u0131 kaydetti:<\/p>\n<p>&#8220;Bu kapsamda; y\u0131ll\u0131k 10 gemiye, fosil yak\u0131t kullananlara 1,5 kat\u0131na kadar, \u00e7evre dostu enerji kaynaklar\u0131 kullananlara 2,5 kat\u0131na kadar, \u00e7evre dostu enerji kayna\u011f\u0131n\u0131n kullan\u0131m\u0131na d\u00f6n\u00fc\u015f\u00fcm i\u00e7in y\u00fczde 25\u2019ine kadar te\u015fvik verilecek.<\/p>\n<p>Bu desteklerden sekt\u00f6r\u00fcm\u00fcze yararlanmaya ve T\u00fcrk denizcili\u011fine yat\u0131r\u0131m yapmaya davet ediyoruz. Kabotaj hatt\u0131nda \u00e7al\u0131\u015fan gemilerimizin kulland\u0131klar\u0131 akaryak\u0131t \u00fczerinden al\u0131nan \u00f6zel t\u00fcketim vergisine son verdik. Denizcilik sekt\u00f6r\u00fcm\u00fcze 2053 y\u0131l\u0131na kadar 21,6 milyar dolar yat\u0131r\u0131m ger\u00e7ekle\u015ftirece\u011fiz.<\/p>\n<p>Bunun kar\u015f\u0131l\u0131\u011f\u0131 180 milyar dolar milli gelirimize katk\u0131 sunaca\u011f\u0131z. \u00dcretime etkisi 320 milyar dolar\u0131 a\u015facak. 30 y\u0131l boyunca istihdama katk\u0131s\u0131 ise 5 milyon ki\u015fi olacakt\u0131r. T\u00fcrk deniz ticareti filosunun b\u00fcy\u00fcmesi i\u00e7in bakanl\u0131k olarak her t\u00fcrl\u00fc kolayl\u0131\u011f\u0131 sa\u011flamaya devam edece\u011fiz.&#8221;<\/p>\n<p>D\u00fcnya ticaretinin y\u00fczde 90&#8217;\u0131n\u0131 \u00fcstlenen deniz ta\u015f\u0131mac\u0131l\u0131\u011f\u0131n\u0131n d\u00fcnya ekonomisinin belkemi\u011fi oldu\u011funu ifade eden Uralo\u011flu, deniz ta\u015f\u0131mac\u0131l\u0131\u011f\u0131n\u0131n d\u00fc\u015f\u00fck maliyet ve verimli olmas\u0131ndan dolay\u0131, s\u00fcrd\u00fcr\u00fclebilir bir ekonomik geli\u015fim ve refah i\u00e7in mutlaka gerekli oldu\u011funun alt\u0131n\u0131 \u00e7izdi. <\/p>\n<p>Cumhurba\u015fkan\u0131 Erdo\u011fan liderli\u011finde T\u00fcrkiye&#8217;nin d\u00fcnya deniz ticaretinden ald\u0131\u011f\u0131 pay\u0131 art\u0131rman\u0131n ve denizcili\u011fin her alan\u0131nda \u201cLider Denizci \u00dclkeler\u201d aras\u0131nda hak etti\u011fi yere ula\u015fmas\u0131 amac\u0131yla sekt\u00f6rle birlikte gerekli ad\u0131mlar\u0131 atacaklar\u0131n\u0131 belirten Uralo\u011flu, &#8220;\u0130nan\u0131yorum ki, birlikte yapaca\u011f\u0131m\u0131z \u00e7al\u0131\u015fmalarla T\u00fcrkiye denizcilik alan\u0131ndaki a\u011f\u0131rl\u0131\u011f\u0131n\u0131 gelecekte daha fazla hissettirecek ve rekabet g\u00fcc\u00fcn\u00fc y\u00fckselterek denizcilik sekt\u00f6r\u00fcnde d\u00fcnyan\u0131n \u00f6nde gelen \u00fclkelerinden biri olacakt\u0131r.&#8221; ifadesini kulland\u0131.<\/p>\n<p>                            <span class=\"detay-foto-editor\">&#13;<br \/>\n                                <a href=\"https:\/\/www.aa.com.tr\/tr\/p\/abonelik-talep-formu\/1001\" target=\"_blank\" style=\"font-size:12px; color:#444; text-decoration:none;\" rel=\"noopener\">&#13;<br \/>\n                                    Anadolu Ajans\u0131 web sitesinde, AA Haber Ak\u0131\u015f Sistemi (HAS) \u00fczerinden abonelere sunulan haberler, \u00f6zetlenerek yay\u0131mlanmaktad\u0131r. <b style=\"color:#1897F7\">Abonelik i\u00e7in l\u00fctfen ileti\u015fime ge\u00e7iniz.<\/b>&#13;<br \/>\n                                <\/a>&#13;<br \/>\n                            <\/span>\n                        <\/div>\n<p><script>\n\t  window.fbAsyncInit = function() {\n\t\tFB.init({\n\t\t  appId: '1855843514662870',\n\t\t  status : true, \/\/ check login status\n\t\t  cookie : true, \/\/ enable cookies to allow the server to access the session\n\t\t  xfbml  : true  \/\/ parse XFBML\n\t\t});\n\t  };<\/p>\n<p>\t  (function() {\n\t\tvar e = document.createElement('script');\n\t\te.src=\"https:\/\/connect.facebook.net\/tr_TR\/all.js\";\n\t\te.async = true;\n\t\tdocument.getElementById('fb-root').appendChild(e);\n\t  }());\n    <\/script><br \/>\n<br \/><br \/>\n<br \/><a href=\"https:\/\/www.aa.com.tr\/tr\/ekonomi\/ulastirma-ve-altyapi-bakani-uraloglu-deniz-ticareti-filosunun-buyumesi-icin-her-turlu-kolayligi-sagliyoruz\/2960747\">Source link <\/a><\/p>\n","protected":false},"excerpt":{"rendered":"<p>Ula\u015ft\u0131rma ve Altyap\u0131 Bakan\u0131 Abdulkadir Uralo\u011flu, denizcilik sekt\u00f6r\u00fcne 2053 y\u0131l\u0131na kadar 21,6 milyar dolar yat\u0131r\u0131m ger\u00e7ekle\u015ftireceklerini belirterek, &#8220;Bunun kar\u015f\u0131l\u0131\u011f\u0131 180 milyar dolar milli gelirimize katk\u0131 sunaca\u011f\u0131z. \u00dcretime etkisi 320 milyar dolar\u0131 a\u015facak. 30 y\u0131l boyunca istihdama katk\u0131s\u0131 ise 5 milyon ki\u015fi olacakt\u0131r.&#8221; dedi. Bakan Uralo\u011flu, \u0130stanbul ve Marmara, Ege, Akdeniz, Karadeniz B\u00f6lgeleri (\u0130MEAK) Deniz Ticaret [&hellip;]<\/p>\n","protected":false},"author":1,"featured_media":11090,"comment_status":"","ping_status":"","sticky":false,"template":"","format":"standard","meta":[],"categories":[44],"tags":[],"_links":{"self":[{"href":"https:\/\/kraios.app\/news\/wp-json\/wp\/v2\/posts\/11089"}],"collection":[{"href":"https:\/\/kraios.app\/news\/wp-json\/wp\/v2\/posts"}],"about":[{"href":"https:\/\/kraios.app\/news\/wp-json\/wp\/v2\/types\/post"}],"author":[{"embeddable":true,"href":"https:\/\/kraios.app\/news\/wp-json\/wp\/v2\/users\/1"}],"replies":[{"embeddable":true,"href":"https:\/\/kraios.app\/news\/wp-json\/wp\/v2\/comments?post=11089"}],"version-history":[{"count":0,"href":"https:\/\/kraios.app\/news\/wp-json\/wp\/v2\/posts\/11089\/revisions"}],"wp:featuredmedia":[{"embeddable":true,"href":"https:\/\/kraios.app\/news\/wp-json\/wp\/v2\/media\/11090"}],"wp:attachment":[{"href":"https:\/\/kraios.app\/news\/wp-json\/wp\/v2\/media?parent=11089"}],"wp:term":[{"taxonomy":"category","embeddable":true,"href":"https:\/\/kraios.app\/news\/wp-json\/wp\/v2\/categories?post=11089"},{"taxonomy":"post_tag","embeddable":true,"href":"https:\/\/kraios.app\/news\/wp-json\/wp\/v2\/tags?post=11089"}],"curies":[{"name":"wp","href":"https:\/\/api.w.org\/{rel}","templated":true}]}}