{"id":11087,"date":"2023-08-04T04:20:07","date_gmt":"2023-08-04T04:20:07","guid":{"rendered":"https:\/\/kraios.app\/news\/spor\/2023\/08\/04\/besiktas-uefa-avrupa-konferans-liginde-3-on-eleme-turuna-yukseldi\/"},"modified":"2023-08-04T04:20:07","modified_gmt":"2023-08-04T04:20:07","slug":"besiktas-uefa-avrupa-konferans-liginde-3-on-eleme-turuna-yukseldi","status":"publish","type":"post","link":"https:\/\/kraios.app\/news\/spor\/2023\/08\/04\/besiktas-uefa-avrupa-konferans-liginde-3-on-eleme-turuna-yukseldi\/","title":{"rendered":"Be\u015fikta\u015f, UEFA Avrupa Konferans Ligi&#8217;nde 3. \u00f6n eleme turuna y\u00fckseldi"},"content":{"rendered":"<p><\/p>\n<div>\n<p><strong>UEFA Avrupa Konferans Ligi<\/strong> 2. eleme r\u00f6van\u015f\u0131nda <strong>Be\u015fikta\u015f<\/strong>, Arnavutluk ekibi Tirana&#8217;y\u0131 deplasmanda 2-0 yenerek 3. \u00f6n eleme turuna y\u00fckseldi.<\/p>\n<p><img decoding=\"async\" alt=\"\" src=\"https:\/\/www.aa.com.tr\/uploads\/userFiles\/40b5e6df-807a-4c96-8fee-5e91cbea23a3\/2023%2FTemmuz%2Fahmelo1.jpg\"\/><\/p>\n<h3>\u0130lk Yar\u0131<\/h3>\n<p>27. dakikada Hadziahmetovic cepheden kullan\u0131lan serbest vuru\u015fta topu ceza sahas\u0131n\u0131n sol b\u00f6lgesine att\u0131. Colley kafayla topu kale \u00f6n\u00fcne indirdi, Muleka tamamlamak i\u00e7in hamle yapsa da kaleciyi ge\u00e7en me\u015fin yuvarla\u011f\u0131 savunma \u00e7izgi \u00fcst\u00fcnden \u00e7\u0131kard\u0131. Bu pozisyonda Muleka ile \u00e7arp\u0131\u015fan kaleci Selmani oyuna devam edemedi.<\/p>\n<p>39. dakikada geli\u015fen atakta Onur Bulut me\u015fin yuvarla\u011f\u0131 ceza sahas\u0131n\u0131n sa\u011f taraf\u0131nda aut \u00e7izgisi \u00fcst\u00fcnde kontrol ederek pas\u0131n\u0131 \u00e7\u0131kard\u0131. Gedson Fernandes, ald\u0131\u011f\u0131 topu d\u00fczelterek dar a\u00e7\u0131dan \u015futunu \u00e7ekti, pozisyon autla sonu\u00e7land\u0131.<\/p>\n<p><img decoding=\"async\" alt=\"\" src=\"https:\/\/www.aa.com.tr\/uploads\/userFiles\/40b5e6df-807a-4c96-8fee-5e91cbea23a3\/2023%2FTemmuz%2Fahmelo2.jpg\"\/><\/p>\n<p>45+5. dakikada Masuaku&#8217;nun soldan uzun pas\u0131n\u0131 ceza sahas\u0131 sa\u011f\u0131nda kar\u015f\u0131layan Onur Bulut&#8217;un \u00e7aprazdan \u015futunda kaleci son anda topu kornere \u00e7eldi.<\/p>\n<p>Kar\u015f\u0131la\u015fman\u0131n ilk yar\u0131s\u0131 0-0 sona erdi.<\/p>\n<p><img decoding=\"async\" alt=\"\" src=\"https:\/\/www.aa.com.tr\/uploads\/userFiles\/40b5e6df-807a-4c96-8fee-5e91cbea23a3\/2023%2FTemmuz%2Fahmelo3.jpg\"\/><\/p>\n<h3>\u0130kinci Yar\u0131<\/h3>\n<p>52. dakikada Salih U\u00e7an&#8217;\u0131n sol taraftan ortas\u0131nda Muleka ceza sahas\u0131 i\u00e7inde topa dokundu, me\u015fin yuvarlak dire\u011fin dibinden auta gitti.<\/p>\n<p>56. dakikada Be\u015fikta\u015f&#8217;\u0131n gol\u00fc geldi. Hadziahmetovic&#8217;in sa\u011fdan kulland\u0131\u011f\u0131 k\u00f6\u015fe vuru\u015funda Salih U\u00e7an topu kafayla arkaya g\u00f6nderdi, Amartey de me\u015fin yuvarla\u011f\u0131 kafa vuru\u015fuyla filelerle bulu\u015fturdu: 0-1<\/p>\n<p>62. dakikada Onur Bulut&#8217;un ceza sahas\u0131 d\u0131\u015f\u0131ndan \u015futunda top auta gitti.<\/p>\n<p><img decoding=\"async\" alt=\"\" src=\"https:\/\/www.aa.com.tr\/uploads\/userFiles\/40b5e6df-807a-4c96-8fee-5e91cbea23a3\/2023%2FTemmuz%2Fahmelo4.jpg\"\/><\/p>\n<p>75. dakikada Be\u015fikta\u015f skoru 2-0 yapt\u0131. Tirana savunmas\u0131n\u0131n kontrol etmek istedi\u011fi topu ceza sahas\u0131 i\u00e7inde \u00f6n\u00fcnde bulan Aboubakar \u015f\u0131k bir vuru\u015fla topu a\u011flara g\u00f6nderdi.<\/p>\n<p>Kar\u015f\u0131la\u015fmada ba\u015fka gol olmay\u0131nca Be\u015fikta\u015f, taraftarlar\u0131n neden oldu\u011fu olaylar nedeniyle yakla\u015f\u0131k 15 dakikal\u0131k bir gecikme sonras\u0131 ba\u015flayan kar\u015f\u0131la\u015fmay\u0131 2-0 galip tamamlad\u0131.<\/p>\n<h3>Yeni rakip Neft\u00e7i Bak\u00fc<\/h3>\n<p>Siyah-beyazl\u0131 ekip, UEFA Avrupa Konferans Ligi 3. eleme turunda Zeljeznicar&#8217;\u0131 eleyen Azerbaycan ekibi Neft\u00e7i Bak\u00fc&#8217;yle play-off turuna y\u00fckselmek i\u00e7in m\u00fccadele edecek.<\/p>\n<p>E\u015fle\u015fmenin ilk ma\u00e7\u0131 10 A\u011fustos&#8217;ta \u0130stanbul&#8217;da, r\u00f6van\u015f ise 17 A\u011fustos&#8217;ta Bak\u00fc&#8217;de oynanacak.<\/p>\n<h3>Necip Uysal sakatland\u0131<\/h3>\n<p>Be\u015fikta\u015f&#8217;ta tecr\u00fcbeli oyuncu Necip Uysal kar\u015f\u0131la\u015fmay\u0131 tamamlayamad\u0131.<\/p>\n<p>\u0130lk yar\u0131n\u0131n sonlar\u0131na do\u011fru rakibiyle girdi\u011fi bir m\u00fccadele sonras\u0131 yerde kalan Necip Uysal, kul\u00fcbeye sakatland\u0131\u011f\u0131n\u0131 i\u015faret etse de ilk yar\u0131n\u0131n sonuna kadar sahada kald\u0131<\/p>\n<p>Necip ikinci yar\u0131da ise m\u00fccadeleye devam etmedi ve yerini yeni transfer Daniel Amartey&#8217;e b\u0131rakt\u0131.<\/p>\n<h3>Amartey, Be\u015fikta\u015f&#8217;ta golle siftah yapt\u0131<\/h3>\n<p>Be\u015fikta\u015f&#8217;\u0131n yeni transferlerinden Daniel Amartey, siyah-beyazl\u0131 tak\u0131mdaki ilk mesaisinde gol\u00fc buldu.<\/p>\n<p>Siyah-beyazl\u0131 tak\u0131mdaki ilk ma\u00e7\u0131na Arnavutluk&#8217;ta Tirana deplasman\u0131nda \u00e7\u0131kan Amartey, Necip Uysal&#8217;\u0131n sakatl\u0131\u011f\u0131 sonras\u0131 ikinci yar\u0131da oyuna girdi. Be\u015fikta\u015fl\u0131 futbolcu 56. dakikada kullan\u0131lan k\u00f6\u015fe vuru\u015funda topu kafayla a\u011flara g\u00f6ndererek tak\u0131m\u0131n\u0131 1-0 \u00f6ne ge\u00e7iren gol\u00fc kaydetti.<\/p>\n<h3>Masuaku k\u0131rm\u0131z\u0131 kart g\u00f6rd\u00fc<\/h3>\n<p>Be\u015fikta\u015f, Arnavutluk deplasman\u0131nda Masuaku&#8217;yu kaybetti.<\/p>\n<p>Masuaku kar\u015f\u0131la\u015fman\u0131n 66. dakikas\u0131nda rakibiyle girdi\u011fi ikili m\u00fccadele sonras\u0131 hakem taraf\u0131ndan direkt k\u0131rm\u0131z\u0131 kartla oyundan ihra\u00e7 edildi. Siyah-beyazl\u0131 oyuncu, Neft\u00e7i Bak\u00fc kar\u015f\u0131s\u0131nda g\u00f6rev yapamayacak.<\/p>\n<h3>&#8220;Hak etti\u011fimiz bir galibiyet ald\u0131\u011f\u0131m\u0131z\u0131 d\u00fc\u015f\u00fcn\u00fcyorum&#8221;<\/h3>\n<p>Be\u015fikta\u015f teknik direkt\u00f6r \u015eenol G\u00fcne\u015f, iki ma\u00e7\u0131 kazanarak tur atlaman\u0131n kendileri i\u00e7in \u00f6nemli oldu\u011funu s\u00f6yledi.<\/p>\n<p>Ma\u00e7\u0131n ard\u0131ndan d\u00fczenlenen bas\u0131n toplant\u0131s\u0131nda konu\u015fan G\u00fcne\u015f, &#8220;\u0130ki ma\u00e7 kazanarak tur atlamak bizim i\u00e7in \u00f6nemli. Hak etti\u011fimiz bir galibiyet ald\u0131\u011f\u0131m\u0131z\u0131 d\u00fc\u015f\u00fcn\u00fcyorum. Bizim i\u00e7in g\u00fczel bir ak\u015fam oldu.&#8221; diye konu\u015ftu.<\/p>\n<p>Saha zeminini ele\u015ftiren G\u00fcne\u015f, &#8220;Stadyum \u00e7ok g\u00fczel. Konferans Ligi finali de burada oynand\u0131. Bu kadar olumsuz saha olmas\u0131 do\u011fru de\u011fil. B\u00f6yle bir stada daha g\u00fczel bir zemin yak\u0131\u015f\u0131r. Rakibe, sahaya, s\u0131cak havaya uyum sa\u011flamak \u00f6nemliydi. Saha ko\u015fullar\u0131nda oyun kalitesini a\u015fa\u011f\u0131 d\u00fc\u015f\u00fcrd\u00fck.&#8221; ifadelerini kulland\u0131.<\/p>\n<p>Be\u015fikta\u015f&#8217;taki ilk ma\u00e7\u0131nda gol atan Daniel Amartey ile ilgili de konu\u015fan tecr\u00fcbeli teknik adam, &#8220;Amartey, ge\u00e7 geldi, idmans\u0131zd\u0131. Belki daha k\u0131sa s\u00fcre oynatabilirdik ama Necip sakatland\u0131. Uyumlu bir \u015fekilde verimli oynad\u0131. Onana da Semih de iyiydi.&#8221; de\u011ferlendirmesinde bulundu.<\/p>\n<p>Ma\u00e7 \u00f6ncesinde taraftarlar\u0131n \u00e7\u0131kard\u0131\u011f\u0131 olaylara da de\u011finen G\u00fcne\u015f, &#8220;\u015eiddeti, k\u00f6t\u00fc g\u00f6r\u00fcnt\u00fcleri istemeyiz. Geldi\u011fimizden beri dostluk i\u00e7indeyiz. Arnavutluk ve T\u00fcrkiye ili\u015fkileri iyi diye d\u00fc\u015f\u00fcn\u00fcyorum. Saha i\u00e7indeki g\u00f6r\u00fcnt\u00fc iyi olmad\u0131. Bundan kimse memnun olmaz. \u015eiddeti do\u011fru bulmam. Taraftarlar tak\u0131mlar\u0131na tezah\u00fcrat ile destek olur, bu k\u00f6t\u00fc g\u00f6r\u00fcnt\u00fcler sadece zarar verir. \u0130ki tak\u0131m\u0131n taraftar\u0131 daha sonra co\u015fkuyla tak\u0131mlar\u0131na sahip \u00e7\u0131kt\u0131. K\u00f6t\u00fc g\u00f6r\u00fcnt\u00fcler d\u00fc\u015fmanl\u0131\u011fa sebep olur, biz buna alet olmayaca\u011f\u0131z.&#8221; dedi.<\/p>\n<p>Sakatlanarak oyundan \u00e7\u0131kan Selmani&#8217;nin durumuna \u00fcz\u00fcld\u00fc\u011f\u00fcn\u00fc s\u00f6yleyen G\u00fcne\u015f, 3. \u00f6n eleme turundaki rakipleri Neft\u00e7i Bak\u00fc&#8217;y\u00fc de tur atlad\u0131klar\u0131 i\u00e7in tebrik etti.<\/p>\n<h3>&#8220;Be\u015fikta\u015f ile kar\u015f\u0131la\u015fmak kendimize olan g\u00fcvenimizi kesinlikle art\u0131racakt\u0131r&#8221;<\/h3>\n<p>Tirana&#8217;n\u0131n teknik direkt\u00f6r\u00fc Orges Shehi, Be\u015fikta\u015f&#8217;la bu \u015fekilde hi\u00e7bir \u00e7ekince olmadan kar\u015f\u0131la\u015fman\u0131n, kendilerine olan g\u00fcvenlerini art\u0131raca\u011f\u0131n\u0131 s\u00f6yledi.<\/p>\n<p>Ma\u00e7\u0131n ard\u0131ndan d\u00fczenlenen bas\u0131n toplant\u0131s\u0131nda konu\u015fan Shehi, g\u00fczel bir kar\u015f\u0131la\u015fma yapt\u0131klar\u0131n\u0131 ve onurlu olmaya \u00e7al\u0131\u015ft\u0131klar\u0131n\u0131 ifade etti.<\/p>\n<p>Shehi, &#8220;Be\u015fikta\u015f ile bu \u015fekilde hi\u00e7bir \u00e7ekince olmadan kar\u015f\u0131la\u015fmak, kendimize olan g\u00fcvenimizi kesinlikle art\u0131racakt\u0131r. Bu seferberli\u011fi ve konsantrasyonu devam ettirmeliyiz \u00e7\u00fcnk\u00fc oyuncular zihniyetlerini de\u011fi\u015ftirmemeli.&#8221; dedi.<\/p>\n<p>Ma\u00e7 \u00f6ncesi taraftarlar\u0131n neden oldu\u011fu olayla ilgili Shehi, &#8220;Bizim i\u00e7in beklenmedik bir \u015feydi. Bunlar futbolda meydana gelmesi iyi olan \u015feyler de\u011fil.&#8221; de\u011ferlendirmesinde bulundu.<\/p>\n<p>UEFA Avrupa Konferans Ligi 2. eleme r\u00f6van\u015f\u0131nda Be\u015fikta\u015f, Arnavutluk ekibi Tirana&#8217;y\u0131 deplasmanda 2-0 yenerek 3. \u00f6n eleme turuna y\u00fckseldi.<\/p>\n<p>Kar\u015f\u0131la\u015fma, taraftarlar\u0131n sebep oldu\u011fu olaylar nedeniyle yakla\u015f\u0131k 15 dakikal\u0131k gecikmeyle ba\u015flam\u0131\u015ft\u0131.<\/p>\n<p>                            <span class=\"detay-foto-editor\">&#13;<br \/>\n                                <a href=\"https:\/\/www.aa.com.tr\/tr\/p\/abonelik-talep-formu\/1001\" target=\"_blank\" style=\"font-size:12px; color:#444; text-decoration:none;\" rel=\"noopener\">&#13;<br \/>\n                                    Anadolu Ajans\u0131 web sitesinde, AA Haber Ak\u0131\u015f Sistemi (HAS) \u00fczerinden abonelere sunulan haberler, \u00f6zetlenerek yay\u0131mlanmaktad\u0131r. <b style=\"color:#1897F7\">Abonelik i\u00e7in l\u00fctfen ileti\u015fime ge\u00e7iniz.<\/b>&#13;<br \/>\n                                <\/a>&#13;<br \/>\n                            <\/span>\n                        <\/div>\n<p><script>\n\t  window.fbAsyncInit = function() {\n\t\tFB.init({\n\t\t  appId: '1855843514662870',\n\t\t  status : true, \/\/ check login status\n\t\t  cookie : true, \/\/ enable cookies to allow the server to access the session\n\t\t  xfbml  : true  \/\/ parse XFBML\n\t\t});\n\t  };<\/p>\n<p>\t  (function() {\n\t\tvar e = document.createElement('script');\n\t\te.src=\"https:\/\/connect.facebook.net\/tr_TR\/all.js\";\n\t\te.async = true;\n\t\tdocument.getElementById('fb-root').appendChild(e);\n\t  }());\n    <\/script><\/p>\n","protected":false},"excerpt":{"rendered":"<p>UEFA Avrupa Konferans Ligi 2. eleme r\u00f6van\u015f\u0131nda Be\u015fikta\u015f, Arnavutluk ekibi Tirana&#8217;y\u0131 deplasmanda 2-0 yenerek 3. \u00f6n eleme turuna y\u00fckseldi. \u0130lk Yar\u0131 27. dakikada Hadziahmetovic cepheden kullan\u0131lan serbest vuru\u015fta topu ceza sahas\u0131n\u0131n sol b\u00f6lgesine att\u0131. Colley kafayla topu kale \u00f6n\u00fcne indirdi, Muleka tamamlamak i\u00e7in hamle yapsa da kaleciyi ge\u00e7en me\u015fin yuvarla\u011f\u0131 savunma \u00e7izgi \u00fcst\u00fcnden \u00e7\u0131kard\u0131. Bu [&hellip;]<\/p>\n","protected":false},"author":1,"featured_media":11088,"comment_status":"","ping_status":"","sticky":false,"template":"","format":"standard","meta":[],"categories":[48],"tags":[],"_links":{"self":[{"href":"https:\/\/kraios.app\/news\/wp-json\/wp\/v2\/posts\/11087"}],"collection":[{"href":"https:\/\/kraios.app\/news\/wp-json\/wp\/v2\/posts"}],"about":[{"href":"https:\/\/kraios.app\/news\/wp-json\/wp\/v2\/types\/post"}],"author":[{"embeddable":true,"href":"https:\/\/kraios.app\/news\/wp-json\/wp\/v2\/users\/1"}],"replies":[{"embeddable":true,"href":"https:\/\/kraios.app\/news\/wp-json\/wp\/v2\/comments?post=11087"}],"version-history":[{"count":0,"href":"https:\/\/kraios.app\/news\/wp-json\/wp\/v2\/posts\/11087\/revisions"}],"wp:featuredmedia":[{"embeddable":true,"href":"https:\/\/kraios.app\/news\/wp-json\/wp\/v2\/media\/11088"}],"wp:attachment":[{"href":"https:\/\/kraios.app\/news\/wp-json\/wp\/v2\/media?parent=11087"}],"wp:term":[{"taxonomy":"category","embeddable":true,"href":"https:\/\/kraios.app\/news\/wp-json\/wp\/v2\/categories?post=11087"},{"taxonomy":"post_tag","embeddable":true,"href":"https:\/\/kraios.app\/news\/wp-json\/wp\/v2\/tags?post=11087"}],"curies":[{"name":"wp","href":"https:\/\/api.w.org\/{rel}","templated":true}]}}