{"id":11083,"date":"2023-08-04T03:20:05","date_gmt":"2023-08-04T03:20:05","guid":{"rendered":"https:\/\/kraios.app\/news\/yasam\/2023\/08\/04\/cirak-olarak-basladigi-berberligi-66-yildir-surduruyor\/"},"modified":"2023-08-04T03:20:05","modified_gmt":"2023-08-04T03:20:05","slug":"cirak-olarak-basladigi-berberligi-66-yildir-surduruyor","status":"publish","type":"post","link":"https:\/\/kraios.app\/news\/yasam\/2023\/08\/04\/cirak-olarak-basladigi-berberligi-66-yildir-surduruyor\/","title":{"rendered":"\u00c7\u0131rak olarak ba\u015flad\u0131\u011f\u0131 berberli\u011fi 66 y\u0131ld\u0131r s\u00fcrd\u00fcr\u00fcyor"},"content":{"rendered":"<p><\/p>\n<div>\n<p>Alpu il\u00e7esi Mamure Mahallesi&#8217;nde d\u00fcnyaya gelen 80 ya\u015f\u0131ndaki Tarhan, hen\u00fcz 14 ya\u015f\u0131ndayken il\u00e7e merkezindeki ustas\u0131n\u0131n yan\u0131nda \u00e7\u0131rakl\u0131k yaparak meslek hayat\u0131na at\u0131ld\u0131.<\/p>\n<p>\u0130l\u00e7e merkezinde 25 ya\u015f\u0131nda kendi i\u015f yerini a\u00e7an Tarhan, 1971&#8217;de Eski\u015fehir&#8217;e gelerek zanaat\u0131n\u0131 kent merkezinde s\u00fcrd\u00fcrmeye ba\u015flad\u0131.<\/p>\n<p>Ustal\u0131\u011f\u0131 s\u00fcresince 4 d\u00fckkan de\u011fi\u015ftiren, 1980&#8217;den bu yana da K\u0131r\u0131m Caddesi&#8217;ndeki k\u00fc\u00e7\u00fck i\u015f yerinde hizmet veren 3 \u00e7ocuk babas\u0131 Tarhan, 66 y\u0131lda 2 \u00e7\u0131rak yeti\u015ftirdi.<\/p>\n<p><img decoding=\"async\" alt=\"\" src=\"https:\/\/admin.aa.com.tr\/uploads\/userFiles\/9c85db40-ef31-40fe-a989-05c7e506d5d0\/08_2023%2F03082023%2Fberber2_.jpg\"\/><\/p>\n<h3>&#8220;60 y\u0131ll\u0131k m\u00fc\u015fterilerim var&#8221;<\/h3>\n<p>Zeki Tarhan, AA muhabirine, sa\u011fl\u0131\u011f\u0131 el verdik\u00e7e mesle\u011fini s\u00fcrd\u00fcrmek istedi\u011fini s\u00f6yledi.<\/p>\n<p>&#8220;Alt\u0131n bilezik&#8221; sahibi olduktan sonra askerlik g\u00f6revini yerine getirdi\u011fini, ard\u0131ndan kendi i\u015fletmesini a\u00e7t\u0131\u011f\u0131n\u0131 belirten Tarhan, \u015funlar\u0131 anlatt\u0131:<\/p>\n<p>&#8220;Uzun y\u0131llard\u0131r bu i\u015fin i\u00e7indeyim. Mesaiye art\u0131k ya\u015f\u0131mdan dolay\u0131 saat 10.00&#8217;da ba\u015fl\u0131yorum, 19.30&#8217;da da d\u00fckkan\u0131 kapat\u0131yorum. 60 y\u0131ll\u0131k m\u00fc\u015fterilerim var. M\u00fc\u015fterilerim hep sabittir. Gen\u00e7ler i\u015flerini severek yapmal\u0131lar. \u0130\u015finizi severseniz m\u00fc\u015fteriniz de \u00e7ok olur. Berberler art\u0131k daha bilgili oluyorlar \u00e7\u00fcnk\u00fc \u00e7\u0131rak okulumuz var. Bizim zaman\u0131m\u0131zda b\u00f6yle bir \u015fey yoktu. Mesle\u011fimiz art\u0131k daha basit. Eskiden usturalar\u0131 bilemek bile ayr\u0131 bir ustal\u0131kt\u0131. El makineleri vard\u0131, art\u0131k kalmad\u0131. Onlar kullan\u0131lsayd\u0131 arkada\u015flar bu mesle\u011fi yapabilir miydi? Allah \u00f6m\u00fcr verdik\u00e7e mesle\u011fimi devam ettirmek istiyorum. Biz b\u00f6yle al\u0131\u015fm\u0131\u015f\u0131z, evde yatam\u0131yoruz.&#8221;<\/p>\n<p><img decoding=\"async\" alt=\"\" src=\"https:\/\/www.aa.com.tr\/uploads\/userFiles\/9c85db40-ef31-40fe-a989-05c7e506d5d0\/08_2023%2F03082023%2Fberber1_.jpg\"\/><\/p>\n<h3>&#8220;T\u0131ra\u015f olmak i\u00e7in 50 kilometre yol yaparak geldim&#8221;<\/h3>\n<p>M\u00fc\u015fterilerden 72 ya\u015f\u0131ndaki \u0130smail Demirkan da y\u0131llard\u0131r Tarhan&#8217;a t\u0131ra\u015f oldu\u011funu, berberini hi\u00e7 de\u011fi\u015ftirmedi\u011fini ifade etti.<\/p>\n<p>Tarhan&#8217;\u0131 a\u011fabeyi olarak g\u00f6rd\u00fc\u011f\u00fcn\u00fc kaydeden Demirkan, &#8220;Zeki a\u011fabey bu mahallenin berberi. Onun i\u00e7in hep Zeki a\u011fabeye t\u0131ra\u015f oluruz. O, bizim her bak\u0131mdan b\u00fcy\u00fc\u011f\u00fcm\u00fczd\u00fcr.&#8221; dedi.<\/p>\n<p>Emekli s\u0131n\u0131f \u00f6\u011fretmeni 71 ya\u015f\u0131ndaki Abdullah Ta\u015fk\u0131n ise 60 y\u0131ld\u0131r Tarhan&#8217;a t\u0131ra\u015f oldu\u011funu s\u00f6yledi.<\/p>\n<p>A\u011fr\u0131&#8217;da g\u00f6rev yapt\u0131\u011f\u0131 3 y\u0131l boyunca bu \u015fehirde 2 kez t\u0131ra\u015f oldu\u011funu aktaran Ta\u015fk\u0131n, &#8220;Onun d\u0131\u015f\u0131nda hep izne geldi\u011fimde Zeki a\u011fabeye gitmeyi bekledim. \u015eimdi de t\u0131ra\u015f olmak i\u00e7in Alpu&#8217;nun Mamure Mahallesi&#8217;nden 50 kilometre yol yaparak geldim. Bana, &#8216;Alpu&#8217;da da berber var&#8217; diyorlar. Ben de &#8216;Berber var ama bana g\u00f6re muhabbet yok&#8217; dedim. Zeki a\u011fabey, hep bizim berberimizdir.&#8221; diye konu\u015ftu.<\/p>\n<p>                            <span class=\"detay-foto-editor\">&#13;<br \/>\n                                <a href=\"https:\/\/www.aa.com.tr\/tr\/p\/abonelik-talep-formu\/1001\" target=\"_blank\" style=\"font-size:12px; color:#444; text-decoration:none;\" rel=\"noopener\">&#13;<br \/>\n                                    Anadolu Ajans\u0131 web sitesinde, AA Haber Ak\u0131\u015f Sistemi (HAS) \u00fczerinden abonelere sunulan haberler, \u00f6zetlenerek yay\u0131mlanmaktad\u0131r. <b style=\"color:#1897F7\">Abonelik i\u00e7in l\u00fctfen ileti\u015fime ge\u00e7iniz.<\/b>&#13;<br \/>\n                                <\/a>&#13;<br \/>\n                            <\/span>\n                        <\/div>\n<p><script>\n\t  window.fbAsyncInit = function() {\n\t\tFB.init({\n\t\t  appId: '1855843514662870',\n\t\t  status : true, \/\/ check login status\n\t\t  cookie : true, \/\/ enable cookies to allow the server to access the session\n\t\t  xfbml  : true  \/\/ parse XFBML\n\t\t});\n\t  };<\/p>\n<p>\t  (function() {\n\t\tvar e = document.createElement('script');\n\t\te.src=\"https:\/\/connect.facebook.net\/tr_TR\/all.js\";\n\t\te.async = true;\n\t\tdocument.getElementById('fb-root').appendChild(e);\n\t  }());\n    <\/script><\/p>\n","protected":false},"excerpt":{"rendered":"<p>Alpu il\u00e7esi Mamure Mahallesi&#8217;nde d\u00fcnyaya gelen 80 ya\u015f\u0131ndaki Tarhan, hen\u00fcz 14 ya\u015f\u0131ndayken il\u00e7e merkezindeki ustas\u0131n\u0131n yan\u0131nda \u00e7\u0131rakl\u0131k yaparak meslek hayat\u0131na at\u0131ld\u0131. \u0130l\u00e7e merkezinde 25 ya\u015f\u0131nda kendi i\u015f yerini a\u00e7an Tarhan, 1971&#8217;de Eski\u015fehir&#8217;e gelerek zanaat\u0131n\u0131 kent merkezinde s\u00fcrd\u00fcrmeye ba\u015flad\u0131. Ustal\u0131\u011f\u0131 s\u00fcresince 4 d\u00fckkan de\u011fi\u015ftiren, 1980&#8217;den bu yana da K\u0131r\u0131m Caddesi&#8217;ndeki k\u00fc\u00e7\u00fck i\u015f yerinde hizmet veren 3 [&hellip;]<\/p>\n","protected":false},"author":1,"featured_media":11084,"comment_status":"","ping_status":"","sticky":false,"template":"","format":"standard","meta":[],"categories":[50],"tags":[],"_links":{"self":[{"href":"https:\/\/kraios.app\/news\/wp-json\/wp\/v2\/posts\/11083"}],"collection":[{"href":"https:\/\/kraios.app\/news\/wp-json\/wp\/v2\/posts"}],"about":[{"href":"https:\/\/kraios.app\/news\/wp-json\/wp\/v2\/types\/post"}],"author":[{"embeddable":true,"href":"https:\/\/kraios.app\/news\/wp-json\/wp\/v2\/users\/1"}],"replies":[{"embeddable":true,"href":"https:\/\/kraios.app\/news\/wp-json\/wp\/v2\/comments?post=11083"}],"version-history":[{"count":0,"href":"https:\/\/kraios.app\/news\/wp-json\/wp\/v2\/posts\/11083\/revisions"}],"wp:featuredmedia":[{"embeddable":true,"href":"https:\/\/kraios.app\/news\/wp-json\/wp\/v2\/media\/11084"}],"wp:attachment":[{"href":"https:\/\/kraios.app\/news\/wp-json\/wp\/v2\/media?parent=11083"}],"wp:term":[{"taxonomy":"category","embeddable":true,"href":"https:\/\/kraios.app\/news\/wp-json\/wp\/v2\/categories?post=11083"},{"taxonomy":"post_tag","embeddable":true,"href":"https:\/\/kraios.app\/news\/wp-json\/wp\/v2\/tags?post=11083"}],"curies":[{"name":"wp","href":"https:\/\/api.w.org\/{rel}","templated":true}]}}