{"id":11080,"date":"2023-08-04T02:19:47","date_gmt":"2023-08-04T02:19:47","guid":{"rendered":"https:\/\/kraios.app\/news\/gundem\/2023\/08\/04\/turk-takimlarinin-uefa-avrupa-konferans-ligindeki-rakipleri-belli-oldu-2\/"},"modified":"2023-08-04T02:19:47","modified_gmt":"2023-08-04T02:19:47","slug":"turk-takimlarinin-uefa-avrupa-konferans-ligindeki-rakipleri-belli-oldu-2","status":"publish","type":"post","link":"https:\/\/kraios.app\/news\/gundem\/2023\/08\/04\/turk-takimlarinin-uefa-avrupa-konferans-ligindeki-rakipleri-belli-oldu-2\/","title":{"rendered":"T\u00fcrk tak\u0131mlar\u0131n\u0131n UEFA Avrupa Konferans Ligi&#039;ndeki rakipleri belli oldu"},"content":{"rendered":"<p>UEFA Avrupa Konferans Ligi&#8217;nde rakiplerini eleyen Be\u015fikta\u015f, Fenerbah\u00e7e ve Yukatel Adana Demirspor&#8217;un 3. eleme turunda kar\u015f\u0131la\u015faca\u011f\u0131 tak\u0131mlar belli oldu.<\/p>\n","protected":false},"excerpt":{"rendered":"<p>UEFA Avrupa Konferans Ligi&#8217;nde rakiplerini eleyen Be\u015fikta\u015f, Fenerbah\u00e7e ve Yukatel Adana Demirspor&#8217;un 3. eleme turunda kar\u015f\u0131la\u015faca\u011f\u0131 tak\u0131mlar belli oldu.<\/p>\n","protected":false},"author":1,"featured_media":11075,"comment_status":"","ping_status":"","sticky":false,"template":"","format":"standard","meta":[],"categories":[1],"tags":[],"_links":{"self":[{"href":"https:\/\/kraios.app\/news\/wp-json\/wp\/v2\/posts\/11080"}],"collection":[{"href":"https:\/\/kraios.app\/news\/wp-json\/wp\/v2\/posts"}],"about":[{"href":"https:\/\/kraios.app\/news\/wp-json\/wp\/v2\/types\/post"}],"author":[{"embeddable":true,"href":"https:\/\/kraios.app\/news\/wp-json\/wp\/v2\/users\/1"}],"replies":[{"embeddable":true,"href":"https:\/\/kraios.app\/news\/wp-json\/wp\/v2\/comments?post=11080"}],"version-history":[{"count":0,"href":"https:\/\/kraios.app\/news\/wp-json\/wp\/v2\/posts\/11080\/revisions"}],"wp:featuredmedia":[{"embeddable":true,"href":"https:\/\/kraios.app\/news\/wp-json\/wp\/v2\/media\/11075"}],"wp:attachment":[{"href":"https:\/\/kraios.app\/news\/wp-json\/wp\/v2\/media?parent=11080"}],"wp:term":[{"taxonomy":"category","embeddable":true,"href":"https:\/\/kraios.app\/news\/wp-json\/wp\/v2\/categories?post=11080"},{"taxonomy":"post_tag","embeddable":true,"href":"https:\/\/kraios.app\/news\/wp-json\/wp\/v2\/tags?post=11080"}],"curies":[{"name":"wp","href":"https:\/\/api.w.org\/{rel}","templated":true}]}}