{"id":11076,"date":"2023-08-04T00:20:07","date_gmt":"2023-08-04T00:20:07","guid":{"rendered":"https:\/\/kraios.app\/news\/ekonomi\/2023\/08\/04\/applein-geliri-nisan-haziran-doneminde-dustu-amazonun-geliri-artti\/"},"modified":"2023-08-04T00:20:07","modified_gmt":"2023-08-04T00:20:07","slug":"applein-geliri-nisan-haziran-doneminde-dustu-amazonun-geliri-artti","status":"publish","type":"post","link":"https:\/\/kraios.app\/news\/ekonomi\/2023\/08\/04\/applein-geliri-nisan-haziran-doneminde-dustu-amazonun-geliri-artti\/","title":{"rendered":"Apple&#8217;\u0131n geliri nisan-haziran d\u00f6neminde d\u00fc\u015ft\u00fc, Amazon&#8217;un geliri artt\u0131"},"content":{"rendered":"<p> <br \/>\n<\/p>\n<div>\n<p><strong>Apple<\/strong>, nisan-haziran d\u00f6nemine ait bilan\u00e7osunu a\u00e7\u0131klad\u0131.<\/p>\n<p>\u015eirketten yap\u0131lan a\u00e7\u0131klamaya g\u00f6re, \u00fc\u00e7\u00fcnc\u00fc \u00e7eyrek olarak kabul edilen ve 1 Temmuz&#8217;da sona eren 3 ayl\u0131k d\u00f6nem bilan\u00e7osunda\u200b\u200b\u200b \u200b\u200b\u200b\u200bApple&#8217;\u0131n geliri, ge\u00e7en senenin ayn\u0131 d\u00f6nemine k\u0131yasla y\u00fczde 1 azal\u0131\u015fla 81,8 milyar dolara geriledi. \u015eirket, ge\u00e7en y\u0131l\u0131n ayn\u0131 d\u00f6neminde yakla\u015f\u0131k 83 milyar dolar gelir elde etmi\u015fti.<\/p>\n<p>Kaydedilen azal\u0131\u015fa ra\u011fmen piyasa beklentilerinin \u00fcst\u00fcnde gelen \u015firket gelirinin, bu d\u00f6nemde 81,7 milyar dolar olmas\u0131 \u00f6ng\u00f6r\u00fcl\u00fcyordu.<\/p>\n<p>Apple&#8217;\u0131n ge\u00e7en y\u0131l\u0131n ayn\u0131 d\u00f6neminde 19,4 milyar dolar olan net kar\u0131 ise y\u00fczde 2,5 artarak 19,9 milyar dolara \u00e7\u0131kt\u0131. \u015eirketin hisse ba\u015f\u0131na kar\u0131, bu d\u00f6nemde 1,20 dolardan 1,26 dolara y\u00fckseldi.<\/p>\n<h3>Apple, rekor hizmet geliri elde etti<\/h3>\n<p>iPhone sat\u0131\u015flar\u0131n\u0131n tutar\u0131, nisan-haziran d\u00f6neminde ge\u00e7en y\u0131l\u0131n ayn\u0131 d\u00f6nemine k\u0131yasla y\u00fczde 2 azal\u0131\u015fla 39,7 milyar dolara indi.<\/p>\n<p>Ayn\u0131 d\u00f6nemde iPad sat\u0131\u015flar\u0131 y\u00fczde 20 azalarak 5,8 milyar dolara, Mac sat\u0131\u015flar\u0131n\u0131n tutar\u0131 ise y\u00fczde 7 d\u00fc\u015ferek 6,8 milyar dolara geriledi.<\/p>\n<p>Apple \u00dcst Y\u00f6neticisi (CEO) Tim Cook, bilan\u00e7o d\u00f6neminde 1 milyardan fazla \u00fccretli abonelik sayesinde hizmet gelirlerinde t\u00fcm zamanlar\u0131n rekorunu k\u0131rd\u0131klar\u0131n\u0131 a\u00e7\u0131klad\u0131.<\/p>\n<p>Cook, g\u00fc\u00e7l\u00fc iPhone sat\u0131\u015flar\u0131 sayesinde geli\u015fmekte olan pazarlarda s\u00fcrekli g\u00fc\u00e7 kazand\u0131klar\u0131n\u0131 ifade etti.<\/p>\n<h3>Amazon&#8217;un geliri y\u00fckseldi<\/h3>\n<p>ABD&#8217;li e-ticaret devi Amazon da nisan-haziran d\u00f6nemine ait bilan\u00e7osunu a\u00e7\u0131klad\u0131.<\/p>\n<p>Buna g\u00f6re, Amazon&#8217;un bu y\u0131l\u0131n ikinci \u00e7eyre\u011finde elde etti\u011fi gelir, ge\u00e7en y\u0131l\u0131n ayn\u0131 d\u00f6nemine k\u0131yasla yakla\u015f\u0131k y\u00fczde 11 artarak 134,4 milyar dolara ula\u015ft\u0131. \u015eirketin net sat\u0131\u015flar\u0131, 2022&#8217;nin ikinci \u00e7eyre\u011finde 121,2 milyar dolar olarak kaydedilmi\u015fti.<\/p>\n<p>Amazon&#8217;un net kar\u0131 da ikinci \u00e7eyrekte 6,7 milyar dolar oldu. \u015eirket, ge\u00e7en y\u0131l\u0131n ayn\u0131 d\u00f6neminde 2 milyar dolarl\u0131k zarar a\u00e7\u0131klam\u0131\u015ft\u0131.<\/p>\n<p>E-ticaret devinin hisse ba\u015f\u0131na net kar\u0131 ise bu y\u0131l\u0131n ikinci \u00e7eyre\u011finde 65 sent olarak hesapland\u0131. \u015eirket, ge\u00e7en y\u0131l\u0131n ayn\u0131 d\u00f6neminde hisse ba\u015f\u0131na 20 sent zarar etmi\u015fti.<\/p>\n<p>                            <span class=\"detay-foto-editor\">&#13;<br \/>\n                                <a href=\"https:\/\/www.aa.com.tr\/tr\/p\/abonelik-talep-formu\/1001\" target=\"_blank\" style=\"font-size:12px; color:#444; text-decoration:none;\" rel=\"noopener\">&#13;<br \/>\n                                    Anadolu Ajans\u0131 web sitesinde, AA Haber Ak\u0131\u015f Sistemi (HAS) \u00fczerinden abonelere sunulan haberler, \u00f6zetlenerek yay\u0131mlanmaktad\u0131r. <b style=\"color:#1897F7\">Abonelik i\u00e7in l\u00fctfen ileti\u015fime ge\u00e7iniz.<\/b>&#13;<br \/>\n                                <\/a>&#13;<br \/>\n                            <\/span>\n                        <\/div>\n<p><script>\n\t  window.fbAsyncInit = function() {\n\t\tFB.init({\n\t\t  appId: '1855843514662870',\n\t\t  status : true, \/\/ check login status\n\t\t  cookie : true, \/\/ enable cookies to allow the server to access the session\n\t\t  xfbml  : true  \/\/ parse XFBML\n\t\t});\n\t  };<\/p>\n<p>\t  (function() {\n\t\tvar e = document.createElement('script');\n\t\te.src=\"https:\/\/connect.facebook.net\/tr_TR\/all.js\";\n\t\te.async = true;\n\t\tdocument.getElementById('fb-root').appendChild(e);\n\t  }());\n    <\/script><br \/>\n<br \/><br \/>\n<br \/><a href=\"https:\/\/www.aa.com.tr\/tr\/ekonomi\/applein-geliri-nisan-haziran-doneminde-dustu-amazonun-geliri-artti\/2960990\">Source link <\/a><\/p>\n","protected":false},"excerpt":{"rendered":"<p>Apple, nisan-haziran d\u00f6nemine ait bilan\u00e7osunu a\u00e7\u0131klad\u0131. \u015eirketten yap\u0131lan a\u00e7\u0131klamaya g\u00f6re, \u00fc\u00e7\u00fcnc\u00fc \u00e7eyrek olarak kabul edilen ve 1 Temmuz&#8217;da sona eren 3 ayl\u0131k d\u00f6nem bilan\u00e7osunda\u200b\u200b\u200b \u200b\u200b\u200b\u200bApple&#8217;\u0131n geliri, ge\u00e7en senenin ayn\u0131 d\u00f6nemine k\u0131yasla y\u00fczde 1 azal\u0131\u015fla 81,8 milyar dolara geriledi. \u015eirket, ge\u00e7en y\u0131l\u0131n ayn\u0131 d\u00f6neminde yakla\u015f\u0131k 83 milyar dolar gelir elde etmi\u015fti. Kaydedilen azal\u0131\u015fa ra\u011fmen piyasa beklentilerinin [&hellip;]<\/p>\n","protected":false},"author":1,"featured_media":11077,"comment_status":"","ping_status":"","sticky":false,"template":"","format":"standard","meta":[],"categories":[44],"tags":[],"_links":{"self":[{"href":"https:\/\/kraios.app\/news\/wp-json\/wp\/v2\/posts\/11076"}],"collection":[{"href":"https:\/\/kraios.app\/news\/wp-json\/wp\/v2\/posts"}],"about":[{"href":"https:\/\/kraios.app\/news\/wp-json\/wp\/v2\/types\/post"}],"author":[{"embeddable":true,"href":"https:\/\/kraios.app\/news\/wp-json\/wp\/v2\/users\/1"}],"replies":[{"embeddable":true,"href":"https:\/\/kraios.app\/news\/wp-json\/wp\/v2\/comments?post=11076"}],"version-history":[{"count":0,"href":"https:\/\/kraios.app\/news\/wp-json\/wp\/v2\/posts\/11076\/revisions"}],"wp:featuredmedia":[{"embeddable":true,"href":"https:\/\/kraios.app\/news\/wp-json\/wp\/v2\/media\/11077"}],"wp:attachment":[{"href":"https:\/\/kraios.app\/news\/wp-json\/wp\/v2\/media?parent=11076"}],"wp:term":[{"taxonomy":"category","embeddable":true,"href":"https:\/\/kraios.app\/news\/wp-json\/wp\/v2\/categories?post=11076"},{"taxonomy":"post_tag","embeddable":true,"href":"https:\/\/kraios.app\/news\/wp-json\/wp\/v2\/tags?post=11076"}],"curies":[{"name":"wp","href":"https:\/\/api.w.org\/{rel}","templated":true}]}}