{"id":11070,"date":"2023-08-03T22:20:05","date_gmt":"2023-08-03T22:20:05","guid":{"rendered":"https:\/\/kraios.app\/news\/yasam\/2023\/08\/03\/kadin-uretici-devletten-aldigi-destekle-ilcesinde-lavanta-yetistiriyor\/"},"modified":"2023-08-03T22:20:05","modified_gmt":"2023-08-03T22:20:05","slug":"kadin-uretici-devletten-aldigi-destekle-ilcesinde-lavanta-yetistiriyor","status":"publish","type":"post","link":"https:\/\/kraios.app\/news\/yasam\/2023\/08\/03\/kadin-uretici-devletten-aldigi-destekle-ilcesinde-lavanta-yetistiriyor\/","title":{"rendered":"Kad\u0131n \u00fcretici devletten ald\u0131\u011f\u0131 destekle il\u00e7esinde lavanta yeti\u015ftiriyor"},"content":{"rendered":"<p>Amasya&#8217;n\u0131n Ta\u015fova il\u00e7esinde devletten ald\u0131\u011f\u0131 destekle lavanta yeti\u015ftiren kad\u0131n\u0131n tarlas\u0131nda lavanta hasat \u015fenli\u011fi d\u00fczenlendi.<\/p>\n","protected":false},"excerpt":{"rendered":"<p>Amasya&#8217;n\u0131n Ta\u015fova il\u00e7esinde devletten ald\u0131\u011f\u0131 destekle lavanta yeti\u015ftiren kad\u0131n\u0131n tarlas\u0131nda lavanta hasat \u015fenli\u011fi d\u00fczenlendi.<\/p>\n","protected":false},"author":1,"featured_media":11071,"comment_status":"","ping_status":"","sticky":false,"template":"","format":"standard","meta":[],"categories":[50],"tags":[],"_links":{"self":[{"href":"https:\/\/kraios.app\/news\/wp-json\/wp\/v2\/posts\/11070"}],"collection":[{"href":"https:\/\/kraios.app\/news\/wp-json\/wp\/v2\/posts"}],"about":[{"href":"https:\/\/kraios.app\/news\/wp-json\/wp\/v2\/types\/post"}],"author":[{"embeddable":true,"href":"https:\/\/kraios.app\/news\/wp-json\/wp\/v2\/users\/1"}],"replies":[{"embeddable":true,"href":"https:\/\/kraios.app\/news\/wp-json\/wp\/v2\/comments?post=11070"}],"version-history":[{"count":0,"href":"https:\/\/kraios.app\/news\/wp-json\/wp\/v2\/posts\/11070\/revisions"}],"wp:featuredmedia":[{"embeddable":true,"href":"https:\/\/kraios.app\/news\/wp-json\/wp\/v2\/media\/11071"}],"wp:attachment":[{"href":"https:\/\/kraios.app\/news\/wp-json\/wp\/v2\/media?parent=11070"}],"wp:term":[{"taxonomy":"category","embeddable":true,"href":"https:\/\/kraios.app\/news\/wp-json\/wp\/v2\/categories?post=11070"},{"taxonomy":"post_tag","embeddable":true,"href":"https:\/\/kraios.app\/news\/wp-json\/wp\/v2\/tags?post=11070"}],"curies":[{"name":"wp","href":"https:\/\/api.w.org\/{rel}","templated":true}]}}