{"id":11068,"date":"2023-08-03T21:20:04","date_gmt":"2023-08-03T21:20:04","guid":{"rendered":"https:\/\/kraios.app\/news\/gundem\/2023\/08\/03\/kurani-kerimin-yakilmasinin-yasaklanmasi-ifade-ozgurlugunu-kisitlamaz\/"},"modified":"2023-08-03T21:20:04","modified_gmt":"2023-08-03T21:20:04","slug":"kurani-kerimin-yakilmasinin-yasaklanmasi-ifade-ozgurlugunu-kisitlamaz","status":"publish","type":"post","link":"https:\/\/kraios.app\/news\/gundem\/2023\/08\/03\/kurani-kerimin-yakilmasinin-yasaklanmasi-ifade-ozgurlugunu-kisitlamaz\/","title":{"rendered":"Kur&#8217;an\u2019\u0131 Kerim&#8217;in yak\u0131lmas\u0131n\u0131n yasaklanmas\u0131 ifade \u00f6zg\u00fcrl\u00fc\u011f\u00fcn\u00fc k\u0131s\u0131tlamaz"},"content":{"rendered":"<p><\/p>\n<div>\n<p>Politico haber sitesine g\u00f6re, Frederiksen, &#8220;Ba\u015fka insanlar\u0131n kitaplar\u0131n\u0131 yakamayacak olman\u0131n, ifade \u00f6zg\u00fcrl\u00fc\u011f\u00fcne y\u00f6nelik bir k\u0131s\u0131tlama oldu\u011funu d\u00fc\u015f\u00fcnm\u00fcyorum.&#8221; dedi.<\/p>\n<p>Danimarka h\u00fck\u00fcmetinin, \u00fclkedeki k\u00fclt\u00fcrel ve dini temelli sald\u0131r\u0131lara kar\u015f\u0131 \u00f6nlem alman\u0131n yollar\u0131n\u0131 ara\u015ft\u0131raca\u011f\u0131 y\u00f6n\u00fcndeki a\u00e7\u0131klamalar\u0131 hakk\u0131nda de\u011ferlendirmede bulunan Frederiksen, olas\u0131 bir yasa\u011f\u0131n &#8220;problem yaratabilecek bir durum olu\u015fturmayaca\u011f\u0131n\u0131&#8221; dile getirdi.<\/p>\n<p>Frederiksen, ilk kez konu\u015ftu\u011fu sald\u0131r\u0131lar hakk\u0131nda &#8220;Somut bir g\u00fcvenlik riski var. Bu bizim uluslararas\u0131 alanda izole olma riskimizi de ortaya \u00e7\u0131kar\u0131yor. Bu durum ortakl\u0131klar ve ittifaklar kurmak i\u00e7in \u00e7ok fazla \u00e7aba harcad\u0131\u011f\u0131m\u0131z bu d\u00f6nemde \u00f6zellikle sorun te\u015fkil ediyor.&#8221; ifadelerini kulland\u0131.<\/p>\n<h3>Danimarka&#8217;da Kur&#8217;an-\u0131 Kerim&#8217;e y\u00f6nelik provokasyonlar<\/h3>\n<p>Danimarka&#8217;da son d\u00f6nemde Kur&#8217;an-\u0131 Kerim&#8217;e y\u00f6nelik sald\u0131r\u0131lar yo\u011funla\u015f\u0131rken, bu provokasyonlara izin verilmesi tepkiyle kar\u015f\u0131lan\u0131yor.<\/p>\n<p>Danimarkal\u0131 a\u015f\u0131r\u0131 sa\u011fc\u0131 politikac\u0131 ve S\u0131k\u0131 Y\u00f6n Partisi lideri Rasmus Paludan, 2022&#8217;de Paskalya tatili boyunca \u0130sve\u00e7&#8217;in Malm\u00f6, Nork\u00f6pin, J\u00f6nk\u00f6ping kentleri ile ba\u015fkent Stockholm&#8217;de Kur&#8217;an-\u0131 Kerim yakma provokasyonlar\u0131n\u0131 s\u00fcrd\u00fcrm\u00fc\u015ft\u00fc.<\/p>\n<p>Paludan, 21 Ocak&#8217;ta T\u00fcrkiye&#8217;nin Stockholm B\u00fcy\u00fckel\u00e7ili\u011fi ve 27 Ocak&#8217;ta T\u00fcrkiye&#8217;nin Kopenhag B\u00fcy\u00fckel\u00e7ili\u011fi \u00f6n\u00fcnde Kur&#8217;an-\u0131 Kerim yakm\u0131\u015ft\u0131.<\/p>\n<p>Danimarka&#8217;daki \u0130slam d\u00fc\u015fman\u0131 ve a\u015f\u0131r\u0131 milliyet\u00e7i bir grup, nisan itibar\u0131yla T\u00fcrkiye&#8217;nin Kopenhag B\u00fcy\u00fckel\u00e7ili\u011fi \u00f6n\u00fcnde T\u00fcrk bayra\u011f\u0131na ve Kur&#8217;an-\u0131 Kerim&#8217;e y\u00f6nelik sald\u0131r\u0131 d\u00fczenlemeye ba\u015flam\u0131\u015ft\u0131.<\/p>\n<p>\u0130slam kar\u015f\u0131t\u0131 pankart a\u00e7an ve \u0130slam&#8217;a hakaret i\u00e7eren sloganlar atan grup \u00fcyeleri, 21 Temmuz&#8217;da Irak&#8217;\u0131n, 24 Temmuz&#8217;da \u0130ran ve Irak&#8217;\u0131n, 25 Temmuz&#8217;da da M\u0131s\u0131r ve T\u00fcrkiye&#8217;nin Kopenhag b\u00fcy\u00fckel\u00e7ilikleri \u00f6n\u00fcnde Kur&#8217;an-\u0131 Kerim yakm\u0131\u015ft\u0131.<\/p>\n<p>Grup, 28 Temmuz&#8217;da Kopenhag&#8217;daki bir caminin \u00f6n\u00fcnde, 1 A\u011fustos&#8217;ta T\u00fcrkiye, Irak, M\u0131s\u0131r ve Suudi Arabistan&#8217;\u0131n Kopenhag b\u00fcy\u00fckel\u00e7ilikleri \u00f6n\u00fcnde Kur&#8217;an-\u0131 Kerim&#8217;i ate\u015fe vermi\u015fti.<\/p>\n<p>Gruptakiler, yazar\u0131 Danimarka D\u0131\u015fi\u015fleri Bakan\u0131 Lars L\u00f6kke Rasmussen oldu\u011fu s\u00f6yleyen bir kitab\u0131 da yakm\u0131\u015ft\u0131.<\/p>\n<p>\u0130slam kar\u015f\u0131t\u0131 ve a\u015f\u0131r\u0131 milliyet\u00e7i &#8220;Danske Patrioter (Danimarkal\u0131 Vatanseverler)&#8221; isimli grubun \u00fcyeleri, ba\u015fkent Kopenhag&#8217;da Kur&#8217;an-\u0131 Kerim&#8217;e y\u00f6nelik sald\u0131r\u0131lara d\u00fcn ve bug\u00fcn de devam etmi\u015fti.<\/p>\n<p>Kur&#8217;an-\u0131 Kerim&#8217;e y\u00f6nelik sald\u0131r\u0131lar\u0131 ele almak amac\u0131yla 31 Temmuz&#8217;da ger\u00e7ekle\u015ftirilen \u0130slam \u0130\u015fbirli\u011fi Te\u015fkilat\u0131&#8217;n\u0131n (\u0130\u0130T) 18. Ola\u011fan\u00fcst\u00fc D\u0131\u015fi\u015fleri Bakanlar\u0131 toplant\u0131s\u0131yla e\u015f zamanl\u0131 olarak Danimarka ve \u0130sve\u00e7&#8217;te yine Kur&#8217;an-\u0131 Kerim&#8217;e y\u00f6nelik sald\u0131r\u0131lar d\u00fczenlenmi\u015fti.<\/p>\n<p>Bu eylemlerin, polis korumas\u0131 e\u015fli\u011finde ve yetkili makamlardan izin al\u0131narak yap\u0131lmas\u0131na, T\u00fcrkiye ba\u015fta olmak \u00fczere bir\u00e7ok \u00fclke tepki g\u00f6stermi\u015fti.<\/p>\n<p>Birle\u015fmi\u015f Milletler Genel Kurulunda 25 Temmuz&#8217;da, kutsal kitaplara y\u00f6nelik \u015fiddeti uluslararas\u0131 hukukun ihlali olarak tan\u0131yan ve bu t\u00fcr eylemleri \u015fiddetle k\u0131nayan karar tasar\u0131s\u0131 kabul edilmi\u015fti.<\/p>\n<p>                            <span class=\"detay-foto-editor\">&#13;<br \/>\n                                <a href=\"https:\/\/www.aa.com.tr\/tr\/p\/abonelik-talep-formu\/1001\" target=\"_blank\" style=\"font-size:12px; color:#444; text-decoration:none;\" rel=\"noopener\">&#13;<br \/>\n                                    Anadolu Ajans\u0131 web sitesinde, AA Haber Ak\u0131\u015f Sistemi (HAS) \u00fczerinden abonelere sunulan haberler, \u00f6zetlenerek yay\u0131mlanmaktad\u0131r. <b style=\"color:#1897F7\">Abonelik i\u00e7in l\u00fctfen ileti\u015fime ge\u00e7iniz.<\/b>&#13;<br \/>\n                                <\/a>&#13;<br \/>\n                            <\/span>\n                        <\/div>\n<p><script>\n\t  window.fbAsyncInit = function() {\n\t\tFB.init({\n\t\t  appId: '1855843514662870',\n\t\t  status : true, \/\/ check login status\n\t\t  cookie : true, \/\/ enable cookies to allow the server to access the session\n\t\t  xfbml  : true  \/\/ parse XFBML\n\t\t});\n\t  };<\/p>\n<p>\t  (function() {\n\t\tvar e = document.createElement('script');\n\t\te.src=\"https:\/\/connect.facebook.net\/tr_TR\/all.js\";\n\t\te.async = true;\n\t\tdocument.getElementById('fb-root').appendChild(e);\n\t  }());\n    <\/script><\/p>\n","protected":false},"excerpt":{"rendered":"<p>Politico haber sitesine g\u00f6re, Frederiksen, &#8220;Ba\u015fka insanlar\u0131n kitaplar\u0131n\u0131 yakamayacak olman\u0131n, ifade \u00f6zg\u00fcrl\u00fc\u011f\u00fcne y\u00f6nelik bir k\u0131s\u0131tlama oldu\u011funu d\u00fc\u015f\u00fcnm\u00fcyorum.&#8221; dedi. Danimarka h\u00fck\u00fcmetinin, \u00fclkedeki k\u00fclt\u00fcrel ve dini temelli sald\u0131r\u0131lara kar\u015f\u0131 \u00f6nlem alman\u0131n yollar\u0131n\u0131 ara\u015ft\u0131raca\u011f\u0131 y\u00f6n\u00fcndeki a\u00e7\u0131klamalar\u0131 hakk\u0131nda de\u011ferlendirmede bulunan Frederiksen, olas\u0131 bir yasa\u011f\u0131n &#8220;problem yaratabilecek bir durum olu\u015fturmayaca\u011f\u0131n\u0131&#8221; dile getirdi. Frederiksen, ilk kez konu\u015ftu\u011fu sald\u0131r\u0131lar hakk\u0131nda &#8220;Somut bir [&hellip;]<\/p>\n","protected":false},"author":1,"featured_media":11069,"comment_status":"","ping_status":"","sticky":false,"template":"","format":"standard","meta":[],"categories":[1],"tags":[],"_links":{"self":[{"href":"https:\/\/kraios.app\/news\/wp-json\/wp\/v2\/posts\/11068"}],"collection":[{"href":"https:\/\/kraios.app\/news\/wp-json\/wp\/v2\/posts"}],"about":[{"href":"https:\/\/kraios.app\/news\/wp-json\/wp\/v2\/types\/post"}],"author":[{"embeddable":true,"href":"https:\/\/kraios.app\/news\/wp-json\/wp\/v2\/users\/1"}],"replies":[{"embeddable":true,"href":"https:\/\/kraios.app\/news\/wp-json\/wp\/v2\/comments?post=11068"}],"version-history":[{"count":0,"href":"https:\/\/kraios.app\/news\/wp-json\/wp\/v2\/posts\/11068\/revisions"}],"wp:featuredmedia":[{"embeddable":true,"href":"https:\/\/kraios.app\/news\/wp-json\/wp\/v2\/media\/11069"}],"wp:attachment":[{"href":"https:\/\/kraios.app\/news\/wp-json\/wp\/v2\/media?parent=11068"}],"wp:term":[{"taxonomy":"category","embeddable":true,"href":"https:\/\/kraios.app\/news\/wp-json\/wp\/v2\/categories?post=11068"},{"taxonomy":"post_tag","embeddable":true,"href":"https:\/\/kraios.app\/news\/wp-json\/wp\/v2\/tags?post=11068"}],"curies":[{"name":"wp","href":"https:\/\/api.w.org\/{rel}","templated":true}]}}