{"id":11062,"date":"2023-08-03T20:17:56","date_gmt":"2023-08-03T20:17:56","guid":{"rendered":"https:\/\/kraios.app\/news\/spor\/2023\/08\/03\/yukatel-adana-demirspor-uefa-avrupa-konferans-liginde-tur-atladi\/"},"modified":"2023-08-03T20:17:56","modified_gmt":"2023-08-03T20:17:56","slug":"yukatel-adana-demirspor-uefa-avrupa-konferans-liginde-tur-atladi","status":"publish","type":"post","link":"https:\/\/kraios.app\/news\/spor\/2023\/08\/03\/yukatel-adana-demirspor-uefa-avrupa-konferans-liginde-tur-atladi\/","title":{"rendered":"Yukatel Adana Demirspor, UEFA Avrupa Konferans Ligi&#8217;nde tur atlad\u0131"},"content":{"rendered":"<p><\/p>\n<div>\n<p>Yukatel\u00a0Adana\u00a0Demirspor, UEFA Avrupa Konferans Ligi 2. eleme turu r\u00f6van\u015f\u0131nda, Romanya temsilcisi CFR Cluj&#8217;u konuk etti.<\/p>\n<p>Ma\u00e7\u0131n 12. dakikas\u0131nda Yusuf Sar\u0131&#8217;n\u0131n ceza sahas\u0131 d\u0131\u015f\u0131 sa\u011f \u00e7aprazdan \u015futunda top uzak kale dire\u011finin yan\u0131ndan d\u0131\u015far\u0131 \u00e7\u0131kt\u0131.<\/p>\n<p>17. dakikada Camora&#8217;n\u0131n sol kanattan yapt\u0131\u011f\u0131 ortada Birligea&#8217;n\u0131n penalt\u0131 noktas\u0131 civar\u0131nda yapt\u0131\u011f\u0131 kafa vuru\u015funda top dire\u011fe \u00e7arparak oyun alan\u0131na d\u00f6nd\u00fc.<\/p>\n<p>28. dakikada sa\u011f kanattan ceza sahas\u0131na giren Birligea&#8217;n\u0131n vuru\u015funda top yan a\u011flarda kald\u0131.<\/p>\n<p>31. dakikada kullan\u0131lan k\u00f6\u015fe at\u0131\u015f\u0131 sonras\u0131 CFR Cluj savunmas\u0131n\u0131n ceza yay\u0131na do\u011fru uzakla\u015ft\u0131rd\u0131\u011f\u0131 topa Emre Akbaba&#8217;n\u0131n \u015futunda me\u015fin yuvarlak yandan d\u0131\u015far\u0131 \u00e7\u0131kt\u0131.<\/p>\n<p>43. dakikada\u00a0Adana\u00a0Demirspor\u00a0\u00f6ne ge\u00e7ti. Belhanda&#8217;n\u0131n sol kanattan kulland\u0131\u011f\u0131 k\u00f6\u015fe at\u0131\u015f\u0131nda yak\u0131n direkte y\u00fckselen Akintola&#8217;n\u0131n kafa vuru\u015funda me\u015fin yuvarlak a\u011flarla bulu\u015ftu: 1-0<\/p>\n<p>Kar\u015f\u0131la\u015fman\u0131n ilk yar\u0131s\u0131,\u00a0Adana\u00a0Demirspor&#8217;un 1-0 \u00fcst\u00fcnl\u00fc\u011f\u00fcyle sona erdi.<\/p>\n<p>\u00d6te yandan\u00a0Adana\u00a0Demirsporlu taraftarlar, ma\u00e7tan \u00f6nce Kul\u00fcp Ba\u015fkan\u0131 Murat Sancak ve taraftarlar\u0131n resmedildi\u011fi koreografiyi sergiledi.<\/p>\n<h3>\u0130kinci yar\u0131<br \/><\/h3>\n<p>50. dakikada Belhanda&#8217;n\u0131n savunman\u0131n arkas\u0131na sarkan Akintola&#8217;ya pas\u0131nda araya giren savunma topu uzakla\u015ft\u0131rd\u0131.<\/p>\n<p>53. dakikada soldan ceza sahas\u0131na giren Akintola&#8217;n\u0131n ortas\u0131nda top yan a\u011flarda kald\u0131.<\/p>\n<p>62. dakikada Cluj penalt\u0131 kazand\u0131. Ceza sahas\u0131 i\u00e7inde Gravillon ile Birligea&#8217;n\u0131n m\u00fccadelesinde Birligea yerde kal\u0131nca hakem Nathan Verboomen penalt\u0131 noktas\u0131n\u0131 g\u00f6sterdi. K\u0131rm\u0131z\u0131 kart g\u00f6ren Gravillon, tak\u0131m\u0131n\u0131 10 ki\u015fi b\u0131rakt\u0131.<\/p>\n<p>68. dakikada Cluj beraberli\u011fi yakalad\u0131. Mogos&#8217;un kulland\u0131\u011f\u0131 penalt\u0131da kaleci Karacic do\u011fru tarafa uzanmas\u0131na ra\u011fmen me\u015fin yuvarlak a\u011flarla bulu\u015ftu: 1-1<\/p>\n<p>79. dakikada Yusuf Sar\u0131&#8217;n\u0131n kulland\u0131\u011f\u0131 serbest vuru\u015fta top \u00fcstten d\u0131\u015far\u0131 \u00e7\u0131kt\u0131.<\/p>\n<p>90+4. dakikada Adana Demirspor tekrar \u00f6ne ge\u00e7ti. Stambouli&#8217;nin pasla\u015farak kulland\u0131\u011f\u0131 serbest at\u0131\u015fta Belhanda&#8217;n\u0131n vuru\u015funda savunmadan seken topu \u00f6n\u00fcnde bulan Ndiaye&#8217;nin ceza sahas\u0131 i\u00e7inde sol kanattan vuru\u015funda me\u015fin yuvarlak a\u011flarla bulu\u015ftu: 2-1<\/p>\n<p>Kar\u015f\u0131la\u015fmada ba\u015fka gol olmay\u0131nca Adana Demirspor 2-1 galip geldi\u011fi ma\u00e7ta bir \u00fcst tura y\u00fckseldi.<\/p>\n<p>                            <span class=\"detay-foto-editor\">&#13;<br \/>\n                                <a href=\"https:\/\/www.aa.com.tr\/tr\/p\/abonelik-talep-formu\/1001\" target=\"_blank\" style=\"font-size:12px; color:#444; text-decoration:none;\" rel=\"noopener\">&#13;<br \/>\n                                    Anadolu Ajans\u0131 web sitesinde, AA Haber Ak\u0131\u015f Sistemi (HAS) \u00fczerinden abonelere sunulan haberler, \u00f6zetlenerek yay\u0131mlanmaktad\u0131r. <b style=\"color:#1897F7\">Abonelik i\u00e7in l\u00fctfen ileti\u015fime ge\u00e7iniz.<\/b>&#13;<br \/>\n                                <\/a>&#13;<br \/>\n                            <\/span>\n                        <\/div>\n<p><script>\n\t  window.fbAsyncInit = function() {\n\t\tFB.init({\n\t\t  appId: '1855843514662870',\n\t\t  status : true, \/\/ check login status\n\t\t  cookie : true, \/\/ enable cookies to allow the server to access the session\n\t\t  xfbml  : true  \/\/ parse XFBML\n\t\t});\n\t  };<\/p>\n<p>\t  (function() {\n\t\tvar e = document.createElement('script');\n\t\te.src=\"https:\/\/connect.facebook.net\/tr_TR\/all.js\";\n\t\te.async = true;\n\t\tdocument.getElementById('fb-root').appendChild(e);\n\t  }());\n    <\/script><\/p>\n","protected":false},"excerpt":{"rendered":"<p>Yukatel\u00a0Adana\u00a0Demirspor, UEFA Avrupa Konferans Ligi 2. eleme turu r\u00f6van\u015f\u0131nda, Romanya temsilcisi CFR Cluj&#8217;u konuk etti. Ma\u00e7\u0131n 12. dakikas\u0131nda Yusuf Sar\u0131&#8217;n\u0131n ceza sahas\u0131 d\u0131\u015f\u0131 sa\u011f \u00e7aprazdan \u015futunda top uzak kale dire\u011finin yan\u0131ndan d\u0131\u015far\u0131 \u00e7\u0131kt\u0131. 17. dakikada Camora&#8217;n\u0131n sol kanattan yapt\u0131\u011f\u0131 ortada Birligea&#8217;n\u0131n penalt\u0131 noktas\u0131 civar\u0131nda yapt\u0131\u011f\u0131 kafa vuru\u015funda top dire\u011fe \u00e7arparak oyun alan\u0131na d\u00f6nd\u00fc. 28. dakikada [&hellip;]<\/p>\n","protected":false},"author":1,"featured_media":11063,"comment_status":"","ping_status":"","sticky":false,"template":"","format":"standard","meta":[],"categories":[48],"tags":[],"_links":{"self":[{"href":"https:\/\/kraios.app\/news\/wp-json\/wp\/v2\/posts\/11062"}],"collection":[{"href":"https:\/\/kraios.app\/news\/wp-json\/wp\/v2\/posts"}],"about":[{"href":"https:\/\/kraios.app\/news\/wp-json\/wp\/v2\/types\/post"}],"author":[{"embeddable":true,"href":"https:\/\/kraios.app\/news\/wp-json\/wp\/v2\/users\/1"}],"replies":[{"embeddable":true,"href":"https:\/\/kraios.app\/news\/wp-json\/wp\/v2\/comments?post=11062"}],"version-history":[{"count":0,"href":"https:\/\/kraios.app\/news\/wp-json\/wp\/v2\/posts\/11062\/revisions"}],"wp:featuredmedia":[{"embeddable":true,"href":"https:\/\/kraios.app\/news\/wp-json\/wp\/v2\/media\/11063"}],"wp:attachment":[{"href":"https:\/\/kraios.app\/news\/wp-json\/wp\/v2\/media?parent=11062"}],"wp:term":[{"taxonomy":"category","embeddable":true,"href":"https:\/\/kraios.app\/news\/wp-json\/wp\/v2\/categories?post=11062"},{"taxonomy":"post_tag","embeddable":true,"href":"https:\/\/kraios.app\/news\/wp-json\/wp\/v2\/tags?post=11062"}],"curies":[{"name":"wp","href":"https:\/\/api.w.org\/{rel}","templated":true}]}}