{"id":11038,"date":"2023-08-03T12:31:31","date_gmt":"2023-08-03T12:31:31","guid":{"rendered":"https:\/\/kraios.app\/news\/spor\/2023\/08\/03\/tuz-sahada-voleybol-maci-yaptilar\/"},"modified":"2023-08-03T12:31:31","modified_gmt":"2023-08-03T12:31:31","slug":"tuz-sahada-voleybol-maci-yaptilar","status":"publish","type":"post","link":"https:\/\/kraios.app\/news\/spor\/2023\/08\/03\/tuz-sahada-voleybol-maci-yaptilar\/","title":{"rendered":"Tuz sahada voleybol ma\u00e7\u0131 yapt\u0131lar"},"content":{"rendered":"<p>\u00c7ank\u0131r\u0131&#8217;da &#8220;2. Uluslararas\u0131 \u00c7ank\u0131r\u0131 Tuz Festivali&#8221; kapsam\u0131nda d\u00fczenlenen voleybol turnuvas\u0131nda kad\u0131n voleybol tak\u0131mlar\u0131 tuz saha \u00fczerinde m\u00fccadele etti.<\/p>\n","protected":false},"excerpt":{"rendered":"<p>\u00c7ank\u0131r\u0131&#8217;da &#8220;2. Uluslararas\u0131 \u00c7ank\u0131r\u0131 Tuz Festivali&#8221; kapsam\u0131nda d\u00fczenlenen voleybol turnuvas\u0131nda kad\u0131n voleybol tak\u0131mlar\u0131 tuz saha \u00fczerinde m\u00fccadele etti.<\/p>\n","protected":false},"author":1,"featured_media":11039,"comment_status":"","ping_status":"","sticky":false,"template":"","format":"standard","meta":[],"categories":[48],"tags":[],"_links":{"self":[{"href":"https:\/\/kraios.app\/news\/wp-json\/wp\/v2\/posts\/11038"}],"collection":[{"href":"https:\/\/kraios.app\/news\/wp-json\/wp\/v2\/posts"}],"about":[{"href":"https:\/\/kraios.app\/news\/wp-json\/wp\/v2\/types\/post"}],"author":[{"embeddable":true,"href":"https:\/\/kraios.app\/news\/wp-json\/wp\/v2\/users\/1"}],"replies":[{"embeddable":true,"href":"https:\/\/kraios.app\/news\/wp-json\/wp\/v2\/comments?post=11038"}],"version-history":[{"count":0,"href":"https:\/\/kraios.app\/news\/wp-json\/wp\/v2\/posts\/11038\/revisions"}],"wp:featuredmedia":[{"embeddable":true,"href":"https:\/\/kraios.app\/news\/wp-json\/wp\/v2\/media\/11039"}],"wp:attachment":[{"href":"https:\/\/kraios.app\/news\/wp-json\/wp\/v2\/media?parent=11038"}],"wp:term":[{"taxonomy":"category","embeddable":true,"href":"https:\/\/kraios.app\/news\/wp-json\/wp\/v2\/categories?post=11038"},{"taxonomy":"post_tag","embeddable":true,"href":"https:\/\/kraios.app\/news\/wp-json\/wp\/v2\/tags?post=11038"}],"curies":[{"name":"wp","href":"https:\/\/api.w.org\/{rel}","templated":true}]}}