{"id":11034,"date":"2023-08-03T12:29:31","date_gmt":"2023-08-03T12:29:31","guid":{"rendered":"https:\/\/kraios.app\/news\/yasam\/2023\/08\/03\/askerde-basladigi-gunluk-tutma-aliskanligini-70-yildir-birakmadi\/"},"modified":"2023-08-03T12:29:31","modified_gmt":"2023-08-03T12:29:31","slug":"askerde-basladigi-gunluk-tutma-aliskanligini-70-yildir-birakmadi","status":"publish","type":"post","link":"https:\/\/kraios.app\/news\/yasam\/2023\/08\/03\/askerde-basladigi-gunluk-tutma-aliskanligini-70-yildir-birakmadi\/","title":{"rendered":"Askerde ba\u015flad\u0131\u011f\u0131 g\u00fcnl\u00fck tutma al\u0131\u015fkanl\u0131\u011f\u0131n\u0131 70 y\u0131ld\u0131r b\u0131rakmad\u0131"},"content":{"rendered":"<p><\/p>\n<div>\n<p>\u00c7orum&#8217;un O\u011fuzlar il\u00e7esinde 1933&#8217;de do\u011fan, ilk kez 1953&#8217;te vatani g\u00f6revi i\u00e7in k\u00f6y\u00fcnden ayr\u0131lan Hastao\u011flu, askerlik yaparken g\u00fcnl\u00fck tutmaya ba\u015flad\u0131.<\/p>\n<p>\u0130lkokul mezunu Hastao\u011flu, buldu\u011fu bo\u015f ka\u011f\u0131tlara g\u00fcn i\u00e7inde ya\u015fad\u0131klar\u0131n\u0131 yazarak ba\u015flad\u0131\u011f\u0131 al\u0131\u015fkanl\u0131\u011f\u0131n\u0131 vatani g\u00f6revinden d\u00f6nd\u00fckten sonra O\u011fuzlar&#8217;da da s\u00fcrd\u00fcrd\u00fc.<\/p>\n<p><img decoding=\"async\" alt=\"\" src=\"https:\/\/www.aa.com.tr\/uploads\/userFiles\/54a427bf-71c5-4e63-a83d-6196709e92a3\/009_2023%2F005_2023%2F29_Agustos%2F09%2F20230803_2_59749669_91576670.jpg\"\/><\/p>\n<p>11 k\u0131z karde\u015ften sonra d\u00fcnyaya geldi\u011fi i\u00e7in y\u00f6re halk\u0131nca &#8220;K\u0131ymetli&#8221; lakab\u0131yla bilinen Hastao\u011flu 70 y\u0131ld\u0131r g\u00fcnl\u00fck tutma al\u0131\u015fkanl\u0131\u011f\u0131n\u0131 terk etmedi.<\/p>\n<p>Hastao\u011flu, ilk sayfas\u0131na hediye edenin ad\u0131n\u0131 not al\u0131p te\u015fekk\u00fcr notu ekledi\u011fi ajandalar\u0131n\u0131 evinde \u00f6zenle sakl\u0131yor.<\/p>\n<p><img decoding=\"async\" alt=\"\" src=\"https:\/\/www.aa.com.tr\/uploads\/userFiles\/54a427bf-71c5-4e63-a83d-6196709e92a3\/009_2023%2F005_2023%2F29_Agustos%2F09%2F20230803_2_59749669_91576672.jpg\"\/><\/p>\n<p>Uzun y\u0131llar \u00e7at\u0131 ustal\u0131\u011f\u0131 ile \u00e7ift\u00e7ilik yapan, \u00fc\u00e7 d\u00f6nem muhtar olan Hastao\u011flu, ya\u015fam\u0131n\u0131 e\u015fi, o\u011flu ve o\u011flunun ailesiyle birlikte O\u011fuzlar&#8217;daki Obruk Baraj\u0131 manzaral\u0131 evinde s\u00fcrd\u00fcr\u00fcyor.<\/p>\n<p>Uyand\u0131\u011f\u0131nda okudu\u011fu sure ve dualardan ak\u015fam uyudu\u011fu saate, hava s\u0131cakl\u0131\u011f\u0131ndan \u00e7evre olaylar\u0131na, vefat eden mahalleliden yeni do\u011fanlara g\u00fcn i\u00e7inde g\u00f6rd\u00fc\u011f\u00fc her \u015feyi g\u00fcnl\u00fc\u011f\u00fcne not alan Hastao\u011flu sa\u011fl\u0131\u011f\u0131 elverdik\u00e7e bu al\u0131\u015fkanl\u0131\u011f\u0131 s\u00fcrd\u00fcrmek istiyor.<\/p>\n<p><img decoding=\"async\" alt=\"\" src=\"https:\/\/www.aa.com.tr\/uploads\/userFiles\/54a427bf-71c5-4e63-a83d-6196709e92a3\/009_2023%2F005_2023%2F29_Agustos%2F09%2F20230803_2_59749669_91576674.jpg\"\/><\/p>\n<h3>&#8220;Belediyede cenaze bilgilerinde yanl\u0131\u015fl\u0131k olursa bana soruyorlar&#8221;<\/h3>\n<p>Be\u015f \u00e7ocuk babas\u0131 Hastao\u011flu, AA muhabirine, g\u00fcnl\u00fck yazmaktan keyif ald\u0131\u011f\u0131n\u0131 s\u00f6yledi.<\/p>\n<p>Ba\u015flad\u0131\u011f\u0131ndan beri bir g\u00fcn\u00fc bile atlamad\u0131\u011f\u0131n\u0131 belirten Hastao\u011flu, &#8220;Deftere her g\u00fcn ne yapt\u0131ysam onu yaz\u0131yorum. Misafirim gelmi\u015fse onu yaz\u0131yorum. Bo\u015f kalan g\u00fcn\u00fcm hi\u00e7 olmad\u0131. \u00d6lenlerin isimlerini de defterin arka sayfas\u0131na yaz\u0131yorum. Nerede \u00f6ld\u00fc\u011f\u00fc, nereye defnedildi\u011fini a\u00e7\u0131k a\u00e7\u0131k yaz\u0131yorum. Belediyede cenaze bilgilerinde yanl\u0131\u015fl\u0131k olursa bana soruyorlar. Ben de isminden bulup bilgileri veriyorum.&#8221; dedi.<\/p>\n<p>Bug\u00fcne kadar g\u00fcnl\u00fck olarak kulland\u0131\u011f\u0131 ajandalar\u0131 evindeki bir dolapta saklad\u0131\u011f\u0131n\u0131 dile getiren Hastao\u011flu \u015f\u00f6yle devam etti:<\/p>\n<p><img decoding=\"async\" alt=\"\" src=\"https:\/\/www.aa.com.tr\/uploads\/userFiles\/54a427bf-71c5-4e63-a83d-6196709e92a3\/009_2023%2F005_2023%2F29_Agustos%2F09%2F20230803_2_59749669_91576675.jpg\"\/><\/p>\n<p>&#8220;Ben bunu yap\u0131yorum, bundan zevk al\u0131yorum. Ya\u011fmuru, kar ya\u011fmas\u0131n\u0131 yaz\u0131yorum. Bu sene \u00e7ok zaman sonra kar ya\u011fd\u0131 \u00e7o\u011fu vilayete, ya\u011fmur ya\u011fd\u0131, sel geldi. T\u00fcrkiye&#8217;nin yar\u0131s\u0131n\u0131 sel g\u00f6t\u00fcrd\u00fc, bunlar\u0131 yaz\u0131yorum. Bunlar\u0131 yazmay\u0131nca gece uyumam. Her g\u00fcn yatmadan \u00f6nce yaz\u0131yorum. G\u00fcn\u00fc bitirince ne olduysa yaz\u0131yorum. O g\u00fcn ne i\u015f yapt\u0131ysam yaz\u0131yorum. Yazmad\u0131\u011f\u0131m g\u00fcn hi\u00e7 olmam\u0131\u015ft\u0131r. Kal\u00e7a kemi\u011fim k\u0131r\u0131ld\u0131, a\u011f\u0131r ameliyat oldum. Oturdu\u011fum yerden yine yazd\u0131m.&#8221;<\/p>\n<p>Gen\u00e7lik y\u0131llar\u0131nda yaz\u0131s\u0131n\u0131n \u00e7ok g\u00fczel oldu\u011funu, ya\u015flan\u0131nca eskisi kadar g\u00fczel yaz\u0131 yazamad\u0131\u011f\u0131n\u0131 aktaran Hastao\u011flu, &#8220;Yazmaya devam edece\u011fim. Kefene kadar yazaca\u011f\u0131m.&#8221; ifadesini kulland\u0131.<\/p>\n<p><img decoding=\"async\" alt=\"\" src=\"https:\/\/www.aa.com.tr\/uploads\/userFiles\/54a427bf-71c5-4e63-a83d-6196709e92a3\/009_2023%2F005_2023%2F29_Agustos%2F09%2F20230803_2_59749669_91576678.jpg\"\/><\/p>\n<h3>Akademisyenler ansiklopedi yapmak istedi<\/h3>\n<p>Mustafa Hastao\u011flu da babas\u0131n\u0131n an\u0131lar\u0131n\u0131 ya\u015fatmak i\u00e7in g\u00fcnl\u00fcklerini \u00f6zenle saklad\u0131klar\u0131n\u0131 belirterek \u015f\u00f6yle konu\u015ftu:<\/p>\n<p>&#8220;Bize b\u00f6yle bir al\u0131\u015fkanl\u0131k ge\u00e7memi\u015f. Babam her gece yatmadan \u00f6nce yazar, \u00f6yle yatar. Hastanede bile yazd\u0131. M\u00fcsveddeye yaz\u0131p ajandas\u0131na temize ge\u00e7iyordu. Eskiden \u00e7ok aktif bir hayat\u0131 oldu\u011fu i\u00e7in yazacak \u00e7ok \u015feyi oluyordu. \u015eu anda \u00e7ok d\u0131\u015far\u0131 \u00e7\u0131kam\u0131yor, Kur&#8217;an okudu\u011funu, ayet okudu\u011funu yaz\u0131yor.&#8221;<\/p>\n<p><img decoding=\"async\" alt=\"\" src=\"https:\/\/www.aa.com.tr\/uploads\/userFiles\/54a427bf-71c5-4e63-a83d-6196709e92a3\/009_2023%2F005_2023%2F29_Agustos%2F09%2F20230803_2_59749669_91576679.jpg\"\/><\/p>\n<p>Babas\u0131n\u0131n g\u00fcnl\u00fcklerinden iki akademisyenin haberdar oldu\u011funu aktaran Hastao\u011flu \u015funlar\u0131 kaydetti:<\/p>\n<p>&#8220;Akademisyenler geldi, &#8216;Abdullah amcan\u0131n yaz\u0131lar\u0131n\u0131 ansiklopedi yapmak istiyoruz.&#8217; dediler. Babam g\u00fcvenip ajandalar\u0131n\u0131 vermedi. &#8216;Kaybolur, bir daha ula\u015famam.&#8217; diye d\u00fc\u015f\u00fcnd\u00fc. Ajandalar\u0131n\u0131 g\u00fcvenip veremedi. Asl\u0131nda verseydik daha iyi olabilirdi. Kendisi raz\u0131 olmay\u0131nca bir \u015fey diyemedik.&#8221;<\/p>\n<p><img decoding=\"async\" alt=\"\" src=\"https:\/\/www.aa.com.tr\/uploads\/userFiles\/54a427bf-71c5-4e63-a83d-6196709e92a3\/009_2023%2F005_2023%2F29_Agustos%2F09%2F20230803_2_59749669_91576681.jpg\"\/><\/p>\n<p>Babas\u0131n\u0131n hayat\u0131 dolu dolu ya\u015fad\u0131\u011f\u0131n\u0131 dile getiren Hastao\u011flu, &#8220;\u00c7o\u011fu ajandas\u0131 duruyor. Eski ajandalar biraz daha k\u00fc\u00e7\u00fck. Y\u0131rt\u0131lanlar da var. 1972 y\u0131l\u0131ndan bu yana b\u00fct\u00fcn ajandalar\u0131 duruyor. \u00d6nceki tarihlerde aralarda kaybolanlar var.&#8221; dedi.<\/p>\n<p>G\u00fcnl\u00fcklerde, meteorolojik olaylarla ilgili k\u0131sa anlat\u0131mlar dikkati \u00e7ekiyor. T\u00fcrkiye&#8217;de etkili olan so\u011fuk havan\u0131n &#8220;Sibirya so\u011fuklar\u0131&#8221; olarak bas\u0131na yans\u0131d\u0131\u011f\u0131 Ocak 2008&#8217;de Hastao\u011flu&#8217;nun g\u00fcnl\u00fc\u011f\u00fcnde &#8220;Bug\u00fcnler \u00e7ok so\u011fuk gidiyor. Sibirya so\u011fuklar\u0131 devam ediyor.&#8221; ifadesi yer al\u0131yor.<\/p>\n<p>                            <span class=\"detay-foto-editor\">&#13;<br \/>\n                                <a href=\"https:\/\/www.aa.com.tr\/tr\/p\/abonelik-talep-formu\/1001\" target=\"_blank\" style=\"font-size:12px; color:#444; text-decoration:none;\" rel=\"noopener\">&#13;<br \/>\n                                    Anadolu Ajans\u0131 web sitesinde, AA Haber Ak\u0131\u015f Sistemi (HAS) \u00fczerinden abonelere sunulan haberler, \u00f6zetlenerek yay\u0131mlanmaktad\u0131r. <b style=\"color:#1897F7\">Abonelik i\u00e7in l\u00fctfen ileti\u015fime ge\u00e7iniz.<\/b>&#13;<br \/>\n                                <\/a>&#13;<br \/>\n                            <\/span>\n                        <\/div>\n<p><script>\n\t  window.fbAsyncInit = function() {\n\t\tFB.init({\n\t\t  appId: '1855843514662870',\n\t\t  status : true, \/\/ check login status\n\t\t  cookie : true, \/\/ enable cookies to allow the server to access the session\n\t\t  xfbml  : true  \/\/ parse XFBML\n\t\t});\n\t  };<\/p>\n<p>\t  (function() {\n\t\tvar e = document.createElement('script');\n\t\te.src=\"https:\/\/connect.facebook.net\/tr_TR\/all.js\";\n\t\te.async = true;\n\t\tdocument.getElementById('fb-root').appendChild(e);\n\t  }());\n    <\/script><\/p>\n","protected":false},"excerpt":{"rendered":"<p>\u00c7orum&#8217;un O\u011fuzlar il\u00e7esinde 1933&#8217;de do\u011fan, ilk kez 1953&#8217;te vatani g\u00f6revi i\u00e7in k\u00f6y\u00fcnden ayr\u0131lan Hastao\u011flu, askerlik yaparken g\u00fcnl\u00fck tutmaya ba\u015flad\u0131. \u0130lkokul mezunu Hastao\u011flu, buldu\u011fu bo\u015f ka\u011f\u0131tlara g\u00fcn i\u00e7inde ya\u015fad\u0131klar\u0131n\u0131 yazarak ba\u015flad\u0131\u011f\u0131 al\u0131\u015fkanl\u0131\u011f\u0131n\u0131 vatani g\u00f6revinden d\u00f6nd\u00fckten sonra O\u011fuzlar&#8217;da da s\u00fcrd\u00fcrd\u00fc. 11 k\u0131z karde\u015ften sonra d\u00fcnyaya geldi\u011fi i\u00e7in y\u00f6re halk\u0131nca &#8220;K\u0131ymetli&#8221; lakab\u0131yla bilinen Hastao\u011flu 70 y\u0131ld\u0131r g\u00fcnl\u00fck tutma [&hellip;]<\/p>\n","protected":false},"author":1,"featured_media":11035,"comment_status":"","ping_status":"","sticky":false,"template":"","format":"standard","meta":[],"categories":[50],"tags":[],"_links":{"self":[{"href":"https:\/\/kraios.app\/news\/wp-json\/wp\/v2\/posts\/11034"}],"collection":[{"href":"https:\/\/kraios.app\/news\/wp-json\/wp\/v2\/posts"}],"about":[{"href":"https:\/\/kraios.app\/news\/wp-json\/wp\/v2\/types\/post"}],"author":[{"embeddable":true,"href":"https:\/\/kraios.app\/news\/wp-json\/wp\/v2\/users\/1"}],"replies":[{"embeddable":true,"href":"https:\/\/kraios.app\/news\/wp-json\/wp\/v2\/comments?post=11034"}],"version-history":[{"count":0,"href":"https:\/\/kraios.app\/news\/wp-json\/wp\/v2\/posts\/11034\/revisions"}],"wp:featuredmedia":[{"embeddable":true,"href":"https:\/\/kraios.app\/news\/wp-json\/wp\/v2\/media\/11035"}],"wp:attachment":[{"href":"https:\/\/kraios.app\/news\/wp-json\/wp\/v2\/media?parent=11034"}],"wp:term":[{"taxonomy":"category","embeddable":true,"href":"https:\/\/kraios.app\/news\/wp-json\/wp\/v2\/categories?post=11034"},{"taxonomy":"post_tag","embeddable":true,"href":"https:\/\/kraios.app\/news\/wp-json\/wp\/v2\/tags?post=11034"}],"curies":[{"name":"wp","href":"https:\/\/api.w.org\/{rel}","templated":true}]}}