{"id":11028,"date":"2023-08-03T10:25:10","date_gmt":"2023-08-03T10:25:10","guid":{"rendered":"https:\/\/kraios.app\/news\/spor\/2023\/08\/03\/100-yil-cumhuriyet-bisiklet-turunun-havza-samsun-etabi-basladi\/"},"modified":"2023-08-03T10:25:10","modified_gmt":"2023-08-03T10:25:10","slug":"100-yil-cumhuriyet-bisiklet-turunun-havza-samsun-etabi-basladi","status":"publish","type":"post","link":"https:\/\/kraios.app\/news\/spor\/2023\/08\/03\/100-yil-cumhuriyet-bisiklet-turunun-havza-samsun-etabi-basladi\/","title":{"rendered":"100. Y\u0131l Cumhuriyet Bisiklet Turu&#8217;nun Havza-Samsun etab\u0131 ba\u015flad\u0131"},"content":{"rendered":"<p><\/p>\n<div>\n<p>Start \u00f6ncesi Havza Kaymakam\u0131 Cengiz Nayman ve Havza Belediye Ba\u015fkan\u0131 Sebahattin \u00d6zdemir, sporculara ba\u015far\u0131lar dileyerek, T\u00fcrk bayra\u011f\u0131n\u0131 Spor Toto Bisiklet Tak\u0131m\u0131 sporcusu Ahmet \u00d6rken&#8217;e verdi.<\/p>\n<p>Sporcular, Havza-Samsun etab\u0131n\u0131 tamamlamak \u00fczere Havza Atat\u00fcrk Evi \u00f6n\u00fcnden yola \u00e7\u0131kt\u0131.<\/p>\n<p>T\u00fcrkiye Bisiklet Federasyonu Asba\u015fkan\u0131 Bahattin Aky\u00f6n, AA muhabirine, 100. Y\u0131l Cumhuriyet Bisiklet Turu&#8217;nun ge\u00e7mi\u015fi gelece\u011fe ta\u015f\u0131yan \u00e7ok g\u00fczel bir organizasyon oldu\u011funu s\u00f6yledi.<\/p>\n<p><img decoding=\"async\" alt=\"\" src=\"https:\/\/www.aa.com.tr\/uploads\/userFiles\/76bad36d-1411-48e8-a1ae-b65e58872c06\/01.05%2F13%2F9%2FAA-31828742.jpg\"\/><\/p>\n<p>Cumhuriyetin 100. y\u0131l\u0131nda Milli M\u00fccadele yolunu takip ederken g\u00fczel anlara \u015fahitlik ettiklerini ifade eden Aky\u00f6n, \u015funlar\u0131 dile getirdi:<\/p>\n<p>&#8220;Cumhurba\u015fkan\u0131m\u0131z Say\u0131n Recep Tayyip Erdo\u011fan\u2019\u0131n himayesinde 784 kilometrelik Milli M\u00fccadele&#8217;deki illerimizi kapsayan, d\u00fcnya tak\u0131mlar\u0131n\u0131n kat\u0131ld\u0131\u011f\u0131, T\u00fcrkiye tak\u0131mlar\u0131n\u0131n kat\u0131ld\u0131\u011f\u0131 g\u00fczel bir bisiklet turunu federasyon olarak icra ediyoruz. Sivas&#8217;tan start ald\u0131k, Sivas-Amasya, Amasya-Havza ve bug\u00fcn Havza-Samsun etab\u0131n\u0131 ger\u00e7ekle\u015ftiriyoruz. Y\u00fcz bisiklet\u00e7imiz Sivas&#8217;tan bu yar\u0131\u015fa kat\u0131ld\u0131lar. Ya\u015fanan baz\u0131 aksilikler, zaman dilimine tak\u0131lmalar ve sakatlanmalardan \u00f6t\u00fcr\u00fc birka\u00e7 sporcumuz yar\u0131da b\u0131rakmak durumunda kald\u0131. Bu yar\u0131\u015f\u0131n bizim i\u00e7in g\u00fczelli\u011fi \u015fu, ilk defa Milli M\u00fccadele&#8217;nin ge\u00e7mi\u015f oldu\u011fu g\u00fczergahta yap\u0131lmas\u0131 ve valilerimizin, kaymakamlar\u0131m\u0131z\u0131n, belediye ba\u015fkanlar\u0131m\u0131z\u0131n ve halk\u0131n ellerinde T\u00fcrk bayraklar\u0131 ile bu organizasyona sahip \u00e7\u0131kmalar\u0131. Yol boyunca heyecanlar birbirini kovalad\u0131. Yol boyunca bisikletli \u00e7ocuklar bizlere e\u015flik etmek istediler. O g\u00fcn\u00fc ya\u015fayarak bu g\u00fcnlere gelme noktas\u0131nda T\u00fcrk milleti olarak birlik ve beraberlik i\u00e7erisinde, bir oldu\u011fumuzu, beraber oldu\u011fumuzu, vatan\u0131m\u0131z i\u00e7in, milletimiz i\u00e7in, bayra\u011f\u0131m\u0131z i\u00e7in can\u0131m\u0131z\u0131 feda etti\u011fimizi ve edece\u011fimizi bir kez daha g\u00f6sterdik.&#8221;<\/p>\n<p>Organizasyonun Samsun-\u00c7orum, \u00c7orum-\u00c7ank\u0131r\u0131 etab\u0131ndan sonra Ankara&#8217;da tamamlanaca\u011f\u0131na i\u015faret eden Aky\u00f6n, &#8220;Bisiklet\u00e7ilerimiz T\u00fcrk bayra\u011f\u0131n\u0131 ilden ile ta\u015f\u0131yarak T\u00fcrkiye B\u00fcy\u00fck Millet Meclisi Ba\u015fkanl\u0131\u011f\u0131&#8217;na Ankara&#8217;da yap\u0131lacak olan organizasyonda teslim edecek. Biz bug\u00fcn \u015funun i\u00e7in sevin\u00e7liyiz, hi\u00e7 durmadan devam eden, istikbale emin ve g\u00fc\u00e7l\u00fc ad\u0131mlar ile devam eden T\u00fcrkiye Y\u00fczy\u0131l\u0131nda \u00e7ok iyi noktalara gelebilecek gen\u00e7ler ile bu organizasyonu yap\u0131yoruz. B\u00fct\u00fcn yetkililere te\u015fekk\u00fcr ediyorum.&#8221; diye konu\u015ftu.<\/p>\n<p><img decoding=\"async\" alt=\"\" src=\"https:\/\/www.aa.com.tr\/uploads\/userFiles\/76bad36d-1411-48e8-a1ae-b65e58872c06\/01.05%2F13%2F9%2FAA-31828743.jpg\"\/><\/p>\n<p>                            <span class=\"detay-foto-editor\">&#13;<br \/>\n                                <a href=\"https:\/\/www.aa.com.tr\/tr\/p\/abonelik-talep-formu\/1001\" target=\"_blank\" style=\"font-size:12px; color:#444; text-decoration:none;\" rel=\"noopener\">&#13;<br \/>\n                                    Anadolu Ajans\u0131 web sitesinde, AA Haber Ak\u0131\u015f Sistemi (HAS) \u00fczerinden abonelere sunulan haberler, \u00f6zetlenerek yay\u0131mlanmaktad\u0131r. <b style=\"color:#1897F7\">Abonelik i\u00e7in l\u00fctfen ileti\u015fime ge\u00e7iniz.<\/b>&#13;<br \/>\n                                <\/a>&#13;<br \/>\n                            <\/span>\n                        <\/div>\n<p><script>\n\t  window.fbAsyncInit = function() {\n\t\tFB.init({\n\t\t  appId: '1855843514662870',\n\t\t  status : true, \/\/ check login status\n\t\t  cookie : true, \/\/ enable cookies to allow the server to access the session\n\t\t  xfbml  : true  \/\/ parse XFBML\n\t\t});\n\t  };<\/p>\n<p>\t  (function() {\n\t\tvar e = document.createElement('script');\n\t\te.src=\"https:\/\/connect.facebook.net\/tr_TR\/all.js\";\n\t\te.async = true;\n\t\tdocument.getElementById('fb-root').appendChild(e);\n\t  }());\n    <\/script><\/p>\n","protected":false},"excerpt":{"rendered":"<p>Start \u00f6ncesi Havza Kaymakam\u0131 Cengiz Nayman ve Havza Belediye Ba\u015fkan\u0131 Sebahattin \u00d6zdemir, sporculara ba\u015far\u0131lar dileyerek, T\u00fcrk bayra\u011f\u0131n\u0131 Spor Toto Bisiklet Tak\u0131m\u0131 sporcusu Ahmet \u00d6rken&#8217;e verdi. Sporcular, Havza-Samsun etab\u0131n\u0131 tamamlamak \u00fczere Havza Atat\u00fcrk Evi \u00f6n\u00fcnden yola \u00e7\u0131kt\u0131. T\u00fcrkiye Bisiklet Federasyonu Asba\u015fkan\u0131 Bahattin Aky\u00f6n, AA muhabirine, 100. Y\u0131l Cumhuriyet Bisiklet Turu&#8217;nun ge\u00e7mi\u015fi gelece\u011fe ta\u015f\u0131yan \u00e7ok g\u00fczel bir [&hellip;]<\/p>\n","protected":false},"author":1,"featured_media":11029,"comment_status":"","ping_status":"","sticky":false,"template":"","format":"standard","meta":[],"categories":[48],"tags":[],"_links":{"self":[{"href":"https:\/\/kraios.app\/news\/wp-json\/wp\/v2\/posts\/11028"}],"collection":[{"href":"https:\/\/kraios.app\/news\/wp-json\/wp\/v2\/posts"}],"about":[{"href":"https:\/\/kraios.app\/news\/wp-json\/wp\/v2\/types\/post"}],"author":[{"embeddable":true,"href":"https:\/\/kraios.app\/news\/wp-json\/wp\/v2\/users\/1"}],"replies":[{"embeddable":true,"href":"https:\/\/kraios.app\/news\/wp-json\/wp\/v2\/comments?post=11028"}],"version-history":[{"count":0,"href":"https:\/\/kraios.app\/news\/wp-json\/wp\/v2\/posts\/11028\/revisions"}],"wp:featuredmedia":[{"embeddable":true,"href":"https:\/\/kraios.app\/news\/wp-json\/wp\/v2\/media\/11029"}],"wp:attachment":[{"href":"https:\/\/kraios.app\/news\/wp-json\/wp\/v2\/media?parent=11028"}],"wp:term":[{"taxonomy":"category","embeddable":true,"href":"https:\/\/kraios.app\/news\/wp-json\/wp\/v2\/categories?post=11028"},{"taxonomy":"post_tag","embeddable":true,"href":"https:\/\/kraios.app\/news\/wp-json\/wp\/v2\/tags?post=11028"}],"curies":[{"name":"wp","href":"https:\/\/api.w.org\/{rel}","templated":true}]}}