{"id":11019,"date":"2023-08-03T06:03:53","date_gmt":"2023-08-03T06:03:53","guid":{"rendered":"https:\/\/kraios.app\/news\/spor\/2023\/08\/03\/trabzonsporun-56nci-kurulus-yil-donumu-kutlaniyor\/"},"modified":"2023-08-03T06:03:53","modified_gmt":"2023-08-03T06:03:53","slug":"trabzonsporun-56nci-kurulus-yil-donumu-kutlaniyor","status":"publish","type":"post","link":"https:\/\/kraios.app\/news\/spor\/2023\/08\/03\/trabzonsporun-56nci-kurulus-yil-donumu-kutlaniyor\/","title":{"rendered":"Trabzonspor&#8217;un 56&#8217;nc\u0131 kurulu\u015f y\u0131l d\u00f6n\u00fcm\u00fc kutlan\u0131yor"},"content":{"rendered":"<p><\/p>\n<div>\n<p>Bordo-mavili kul\u00fcb\u00fcn 56&#8217;nc\u0131 kurulu\u015f y\u0131l d\u00f6n\u00fcm\u00fc dolay\u0131s\u0131yla 15 Temmuz H\u00fcrriyet ve \u015eehitler Park\u0131&#8217;nda d\u00fczenlenen t\u00f6rende, Ertu\u011frul Do\u011fan ve Divan Kurulu Ba\u015fkan\u0131 Ali S\u00fcrmen, Atat\u00fcrk An\u0131t\u0131&#8217;na \u00e7elenk sundu.<\/p>\n<p>Do\u011fan, sayg\u0131 duru\u015funda bulunmas\u0131 ve \u0130stiklal Mar\u015f\u0131&#8217;n\u0131n okunmas\u0131n\u0131n ard\u0131ndan yapt\u0131\u011f\u0131 konu\u015fmada, toprak bir sahada ba\u015flayan yolculu\u011fun 56&#8217;nc\u0131 ya\u015f\u0131n\u0131 kutlad\u0131klar\u0131n\u0131 s\u00f6yledi.<\/p>\n<p><img decoding=\"async\" alt=\"\" src=\"https:\/\/www.aa.com.tr\/uploads\/userFiles\/54a427bf-71c5-4e63-a83d-6196709e92a3\/009_2023%2F005_2023%2F30_Agustos%2F11%2F20230802_2_59735258_91543642.jpg\"\/><\/p>\n<p>Kul\u00fcb\u00fcn kurulu\u015f hikayesine ili\u015fkin bilgi payla\u015fan Do\u011fan, 2 A\u011fustos 1967&#8217;de kurulan Trabzonspor&#8217;un mazisine onlarca ba\u015far\u0131y\u0131 ekleyerek buralara kadar geldi\u011fini vurgulad\u0131.<\/p>\n<p>Do\u011fan, bordo-mavili tak\u0131m\u0131n ba\u015far\u0131lar\u0131n\u0131n alt\u0131n\u0131 \u00e7izerek, \u015funlar\u0131 kaydetti:<\/p>\n<p><img decoding=\"async\" alt=\"\" src=\"https:\/\/www.aa.com.tr\/uploads\/userFiles\/54a427bf-71c5-4e63-a83d-6196709e92a3\/009_2023%2F005_2023%2F30_Agustos%2F11%2F20230802_2_59735258_91543656.jpg\"\/><\/p>\n<p>&#8220;Tarihte ilk kez \u015fampiyonlu\u011fu \u0130stanbul d\u0131\u015f\u0131na ta\u015f\u0131yarak &#8216;devrimin tak\u0131m\u0131&#8217; unvan\u0131n\u0131 alan hatta bunu tam 8 kez ta\u00e7land\u0131ran kul\u00fcb\u00fcm\u00fcz bir\u00e7ok konuda hem \u00f6nder olmu\u015ftur hem de \u00f6rnek olu\u015fturmu\u015ftur. Trabzon&#8217;da do\u011fan Trabzonsporumuz bug\u00fcn d\u00fcnyan\u0131n her taraf\u0131nda milyonlarca taraftara sahip b\u00fcy\u00fck bir camiad\u0131r. Bu g\u00fczelli\u011fi efsane ba\u015fkan\u0131m\u0131z Say\u0131n \u015eamil Ekinci \u00e7ok g\u00fczel \u00f6zetlemi\u015ftir, &#8216;Trabzonspor, k\u00f6kleri Trabzon&#8217;da, dallar\u0131 b\u00fct\u00fcn d\u00fcnyaya yay\u0131lm\u0131\u015f bir \u00e7\u0131nar a\u011fac\u0131d\u0131r.&#8217; Kurucu ba\u015fkanlar\u0131m\u0131z Say\u0131n Ali Osman Ulusoy ile R\u0131fat Dedeo\u011flu ve kurucu \u00fcyelerimizin bu topraklara dikti\u011fi fidan, efsane teknik direkt\u00f6rlerimiz ve efsane oyuncular\u0131m\u0131zla b\u00fcy\u00fcyerek g\u00f6lgesinde milyonlarca evlad\u0131n\u0131 bir araya getirmi\u015ftir. Bu e\u015fsiz ailenin ferdi olmaktan, bu de\u011ferli camiay\u0131 temsilen ba\u015fkanl\u0131k koltu\u011funa oturmaktan b\u00fcy\u00fck onur ve gurur duyuyorum.&#8221;<\/p>\n<p>T\u00fcrkiye Futbol Federasyonunun, 1959 y\u0131l\u0131 \u00f6ncesine dair \u015fampiyonluklar\u0131n incelenmesi i\u00e7in yap\u0131lan ba\u015fvurular \u00fczerine komisyon olu\u015fturdu\u011funu anlatan Do\u011fan, \u015f\u00f6yle devam etti:<\/p>\n<p><img decoding=\"async\" alt=\"\" src=\"https:\/\/www.aa.com.tr\/uploads\/userFiles\/54a427bf-71c5-4e63-a83d-6196709e92a3\/009_2023%2F005_2023%2F30_Agustos%2F11%2F20230802_2_59735258_91543650.jpg\"\/><\/p>\n<p>&#8220;Bizler bu komisyona dair itirazlar\u0131m\u0131z\u0131 g\u00fcndeme ta\u015f\u0131d\u0131k. Sadece \u0130stanbul, Ankara, \u0130zmir tak\u0131mlar\u0131 aras\u0131nda yap\u0131lm\u0131\u015f, se\u00e7ilmi\u015f ve b\u00f6lgesel bir d\u00f6nem liginin esas al\u0131nmas\u0131na kar\u015f\u0131 \u00e7\u0131kt\u0131k. \u00dclkemizin tamam\u0131n\u0131 kapsamayan bu mahalli ligler esas al\u0131narak bir karar verilecek olursa, belirlenen tarihten \u00f6nce mahalli ligde m\u00fccadele eden kurucu kul\u00fcplerimizden \u0130dmanoca\u011f\u0131 ve \u0130dmang\u00fcc\u00fc&#8217;n\u00fcn de 20 \u015fampiyonlu\u011funun tescil edilmesinin zorunlu oldu\u011funu federasyona bildirdik. Bu konuyla alakal\u0131 b\u00fct\u00fcn belgelerimizi avukatlar\u0131m\u0131zla beraber haz\u0131rl\u0131yoruz ve komisyon ba\u015fvurumuzu \u00f6n\u00fcm\u00fczdeki haftaya kadar ger\u00e7ekle\u015ftirece\u011fiz. Bu s\u00fcreci yak\u0131ndan takip edece\u011fimizin de bilinmesini, sadece bir kul\u00fcp \u00f6zelinde bir komisyon kurulmas\u0131n\u0131n da adaletli olmayaca\u011f\u0131n\u0131 ilgili yerlere ilettik.&#8221;<\/p>\n<p><img decoding=\"async\" alt=\"\" src=\"https:\/\/www.aa.com.tr\/uploads\/userFiles\/54a427bf-71c5-4e63-a83d-6196709e92a3\/009_2023%2F005_2023%2F30_Agustos%2F11%2F20230802_2_59735258_91543654.jpg\"\/><\/p>\n<p>Do\u011fan, kul\u00fcb\u00fcn kurulu\u015funda eme\u011fi ge\u00e7enlere te\u015fekk\u00fcr ederek, &#8220;Ebediyete intikal edenlere Allah&#8217;tan rahmet diliyorum. Bug\u00fcn hayatta olan kurucu \u00fcyelerimizden Nizamettin Algan ve Salih Erdem&#8217;i sayg\u0131yla, selaml\u0131yorum. Yolcu\u011fumuzun sonunda yeni \u015fampiyonluklara ula\u015faca\u011f\u0131m\u0131zdan, yeni kupalar kazanaca\u011f\u0131m\u0131zdan asla \u015f\u00fcphe duymuyorum. Trabzonspor var ise her zaman umut vard\u0131r, her zaman ba\u015far\u0131 vard\u0131r. Kimsenin umutsuzlu\u011fa kap\u0131lmas\u0131n\u0131 istemiyorum. Belki kolay olmayacak ama mutlaka olacak.&#8221; diye konu\u015ftu.<\/p>\n<p>Ertu\u011frul Do\u011fan, konu\u015fmas\u0131n\u0131, &#8220;Ya\u015fas\u0131n bordo-mavi, ya\u015fas\u0131n Trabzonspor.&#8221; s\u00f6zleriyle tamamlad\u0131.<\/p>\n<p><img decoding=\"async\" alt=\"\" src=\"https:\/\/www.aa.com.tr\/uploads\/userFiles\/54a427bf-71c5-4e63-a83d-6196709e92a3\/009_2023%2F005_2023%2F30_Agustos%2F11%2F20230802_2_59735258_91543655.jpg\"\/><\/p>\n<h3>Ali S\u00fcrmen: &#8220;Trabzonspor Anadolu&#8217;yu, Anadolu insan\u0131n\u0131 temsil ediyor&#8221;<\/h3>\n<p>Divan Kurulu Ba\u015fkan\u0131 Ali S\u00fcrmen ise Trabzonspor&#8217;u sadece bir futbol kul\u00fcb\u00fc olarak tarif etmenin do\u011fru olmayaca\u011f\u0131n\u0131 s\u00f6yledi.<\/p>\n<p>S\u00fcrmen, Trabzonspor&#8217;un temsil etti\u011fi de\u011ferlere ili\u015fkin g\u00f6r\u00fc\u015flerini \u015f\u00f6yle aktard\u0131:<\/p>\n<p>&#8220;E\u011fer \u00f6yle olsayd\u0131, k\u00f6yde s\u0131\u011f\u0131r sa\u011fan Fadime nine ke\u015fan\u0131 ile ma\u00e7a gelmezdi. O hayat\u0131nda hi\u00e7bir tak\u0131m\u0131 belki de izlememi\u015ftir, belki \u00e7ocu\u011funu top oynarken bile izlememi\u015ftir ama &#8216;Trabzonspor&#8217; dendi\u011fi zaman onun i\u00e7in \u00e7ok ayr\u0131 bir manevi de\u011ferdir. \u00c7\u00fcnk\u00fc Trabzonspor Anadolu&#8217;yu, Anadolu insan\u0131n\u0131 temsil ediyor. Onda kendini buluyor, onda direni\u015fini buluyor, hayk\u0131r\u0131\u015f\u0131n\u0131 buluyor.&#8221;<\/p>\n<p><img decoding=\"async\" alt=\"\" src=\"https:\/\/www.aa.com.tr\/uploads\/userFiles\/54a427bf-71c5-4e63-a83d-6196709e92a3\/009_2023%2F005_2023%2F30_Agustos%2F11%2F20230802_2_59735258_91543657.jpg\"\/><\/p>\n<p>Trabzonspor&#8217;un bug\u00fcn geldi\u011fi noktada bir tak\u0131m s\u0131k\u0131nt\u0131lar\u0131 oldu\u011funu da dile getiren S\u00fcrmen, &#8220;Bu ge\u00e7mi\u015fte de olmu\u015ftur. Bu ekonomik olabilir, y\u00f6netimsel olabilir ama \u015fu anda huzurunuzda Say\u0131n Ba\u015fkan\u0131m\u0131z Ertu\u011frul Do\u011fan&#8217;a te\u015fekk\u00fcr ediyorum. Trabzonspor&#8217;un \u015fampiyonluktan sonra k\u00f6t\u00fc y\u00f6netilmesinden kaynaklanan s\u0131k\u0131nt\u0131lar\u0131, sorumluluk alarak, &#8216;Evet ben de burada y\u00f6neticiydim ama ben sorumlulu\u011fuma devam edece\u011fim ve bu kul\u00fcb\u00fc d\u00fcze \u00e7\u0131kartaca\u011f\u0131m&#8217; diye talip olup, s\u0131k\u0131nt\u0131l\u0131 g\u00fcnler ge\u00e7irmemizi engelledi\u011fi i\u00e7in tekrar te\u015fekk\u00fcr ediyorum.&#8221; de\u011ferlendirmesinde bulundu.<\/p>\n<p>B\u00fcy\u00fck\u015fehir Belediye Ba\u015fkan\u0131 Murat Zorluo\u011flu, Ortahisar Belediye Ba\u015fkan\u0131 Ahmet Metin Gen\u00e7, y\u00f6netim kurulu \u00fcyeleri, eski y\u00f6neticiler, tak\u0131mda ge\u00e7mi\u015f y\u0131llarda forma giyen Ali Kemal Denizci ve Hami Mand\u0131ral\u0131&#8217;n\u0131n da bulundu\u011fu baz\u0131 futbolcular\u0131n yan\u0131 s\u0131ra altyap\u0131dan sporcular\u0131n kat\u0131ld\u0131\u011f\u0131 t\u00f6ren, hat\u0131ra foto\u011fraf\u0131 \u00e7ektirilmesinin ard\u0131ndan sona erdi.<\/p>\n<p>                            <span class=\"detay-foto-editor\">&#13;<br \/>\n                                <a href=\"https:\/\/www.aa.com.tr\/tr\/p\/abonelik-talep-formu\/1001\" target=\"_blank\" style=\"font-size:12px; color:#444; text-decoration:none;\" rel=\"noopener\">&#13;<br \/>\n                                    Anadolu Ajans\u0131 web sitesinde, AA Haber Ak\u0131\u015f Sistemi (HAS) \u00fczerinden abonelere sunulan haberler, \u00f6zetlenerek yay\u0131mlanmaktad\u0131r. <b style=\"color:#1897F7\">Abonelik i\u00e7in l\u00fctfen ileti\u015fime ge\u00e7iniz.<\/b>&#13;<br \/>\n                                <\/a>&#13;<br \/>\n                            <\/span>\n                        <\/div>\n<p><script>\n\t  window.fbAsyncInit = function() {\n\t\tFB.init({\n\t\t  appId: '1855843514662870',\n\t\t  status : true, \/\/ check login status\n\t\t  cookie : true, \/\/ enable cookies to allow the server to access the session\n\t\t  xfbml  : true  \/\/ parse XFBML\n\t\t});\n\t  };<\/p>\n<p>\t  (function() {\n\t\tvar e = document.createElement('script');\n\t\te.src=\"https:\/\/connect.facebook.net\/tr_TR\/all.js\";\n\t\te.async = true;\n\t\tdocument.getElementById('fb-root').appendChild(e);\n\t  }());\n    <\/script><\/p>\n","protected":false},"excerpt":{"rendered":"<p>Bordo-mavili kul\u00fcb\u00fcn 56&#8217;nc\u0131 kurulu\u015f y\u0131l d\u00f6n\u00fcm\u00fc dolay\u0131s\u0131yla 15 Temmuz H\u00fcrriyet ve \u015eehitler Park\u0131&#8217;nda d\u00fczenlenen t\u00f6rende, Ertu\u011frul Do\u011fan ve Divan Kurulu Ba\u015fkan\u0131 Ali S\u00fcrmen, Atat\u00fcrk An\u0131t\u0131&#8217;na \u00e7elenk sundu. Do\u011fan, sayg\u0131 duru\u015funda bulunmas\u0131 ve \u0130stiklal Mar\u015f\u0131&#8217;n\u0131n okunmas\u0131n\u0131n ard\u0131ndan yapt\u0131\u011f\u0131 konu\u015fmada, toprak bir sahada ba\u015flayan yolculu\u011fun 56&#8217;nc\u0131 ya\u015f\u0131n\u0131 kutlad\u0131klar\u0131n\u0131 s\u00f6yledi. Kul\u00fcb\u00fcn kurulu\u015f hikayesine ili\u015fkin bilgi payla\u015fan Do\u011fan, 2 [&hellip;]<\/p>\n","protected":false},"author":1,"featured_media":11020,"comment_status":"","ping_status":"","sticky":false,"template":"","format":"standard","meta":[],"categories":[48],"tags":[],"_links":{"self":[{"href":"https:\/\/kraios.app\/news\/wp-json\/wp\/v2\/posts\/11019"}],"collection":[{"href":"https:\/\/kraios.app\/news\/wp-json\/wp\/v2\/posts"}],"about":[{"href":"https:\/\/kraios.app\/news\/wp-json\/wp\/v2\/types\/post"}],"author":[{"embeddable":true,"href":"https:\/\/kraios.app\/news\/wp-json\/wp\/v2\/users\/1"}],"replies":[{"embeddable":true,"href":"https:\/\/kraios.app\/news\/wp-json\/wp\/v2\/comments?post=11019"}],"version-history":[{"count":0,"href":"https:\/\/kraios.app\/news\/wp-json\/wp\/v2\/posts\/11019\/revisions"}],"wp:featuredmedia":[{"embeddable":true,"href":"https:\/\/kraios.app\/news\/wp-json\/wp\/v2\/media\/11020"}],"wp:attachment":[{"href":"https:\/\/kraios.app\/news\/wp-json\/wp\/v2\/media?parent=11019"}],"wp:term":[{"taxonomy":"category","embeddable":true,"href":"https:\/\/kraios.app\/news\/wp-json\/wp\/v2\/categories?post=11019"},{"taxonomy":"post_tag","embeddable":true,"href":"https:\/\/kraios.app\/news\/wp-json\/wp\/v2\/tags?post=11019"}],"curies":[{"name":"wp","href":"https:\/\/api.w.org\/{rel}","templated":true}]}}