{"id":11010,"date":"2023-08-03T02:41:37","date_gmt":"2023-08-03T02:41:37","guid":{"rendered":"https:\/\/kraios.app\/news\/spor\/2023\/08\/03\/besiktasta-tirana-maci-kamp-kadrosu-belli-oldu\/"},"modified":"2023-08-03T02:41:37","modified_gmt":"2023-08-03T02:41:37","slug":"besiktasta-tirana-maci-kamp-kadrosu-belli-oldu","status":"publish","type":"post","link":"https:\/\/kraios.app\/news\/spor\/2023\/08\/03\/besiktasta-tirana-maci-kamp-kadrosu-belli-oldu\/","title":{"rendered":"Be\u015fikta\u015f&#8217;ta Tirana ma\u00e7\u0131 kamp kadrosu belli oldu"},"content":{"rendered":"<p><\/p>\n<div>\n<p>Kul\u00fcpten yap\u0131lan a\u00e7\u0131klamaya g\u00f6re, teknik direkt\u00f6r \u015eenol G\u00fcne\u015f&#8217;in Arnavutluk&#8217;a g\u00f6t\u00fcrece\u011fi oyuncular \u015f\u00f6yle:<\/p>\n<p>&#8220;Mert G\u00fcnok, Ersin Destano\u011flu, Utku Yuvakuran, Javier Montero, Onur Bulut, Omar Colley, Salih U\u00e7an, Vincent Aboubakar, Daniel Amartey, Kerem Atakan Kesgin, Amir Hadziahmetovic, Necip Uysal, Demir Ege T\u0131knaz, Berkay Vardar, Kartal Kayra Y\u0131lmaz, Valentin Rosier, Arthur Masuaku, Jackson Muleka, O\u011fuzhan Akg\u00fcn, Jean Onana, Umut Mera\u015f, Gedson Fernandes, Semih K\u0131l\u0131\u00e7soy, Emrecan Bulut.&#8221;<\/p>\n<p>Tedavileri devam eden Rachid Ghezzal, Cenk Tosun, Tayyip Talha Sanu\u00e7, Emrecan Uzunhan ile UEFA listesinde yer almayan Ante Rebic kafileye dahil edilmedi.<\/p>\n<h3>Be\u015fikta\u015f Futbol Tak\u0131m\u0131, Arnavutluk&#8217;a gitti<\/h3>\n<p>UEFA Avrupa Konferans Ligi 2. eleme turu r\u00f6van\u015f\u0131nda yar\u0131n Arnavutluk ekibi Tirana ile deplasmanda kar\u015f\u0131la\u015facak Be\u015fikta\u015f, bu \u00fclkeye gitti.<\/p>\n<p>Siyah-beyazl\u0131 kafile, Sabiha G\u00f6k\u00e7en Havaliman\u0131&#8217;ndan kalkan \u00f6zel u\u00e7akla Arnavutluk&#8217;un ba\u015fkenti Tiran&#8217;a hareket etti.<\/p>\n<p>Kafilede ikinci ba\u015fkan Engin Baltac\u0131 ve asba\u015fkan Emre Kocada\u011f&#8217;\u0131n yan\u0131 s\u0131ra y\u00f6netim kurulu \u00fcyeleri de yer ald\u0131.<\/p>\n<p>Be\u015fikta\u015f, Tirana ma\u00e7\u0131n\u0131n haz\u0131rl\u0131klar\u0131n\u0131 TS\u0130 20.00&#8217;de Arena Kombetare&#8217;de yapaca\u011f\u0131 antrenmanla tamamlayacak ve kampa girecek. Teknik direkt\u00f6r \u015eenol G\u00fcne\u015f, TS\u0130 19.30&#8217;da bas\u0131n toplant\u0131s\u0131 d\u00fczenleyecek.<\/p>\n<p>                            <span class=\"detay-foto-editor\">&#13;<br \/>\n                                <a href=\"https:\/\/www.aa.com.tr\/tr\/p\/abonelik-talep-formu\/1001\" target=\"_blank\" style=\"font-size:12px; color:#444; text-decoration:none;\" rel=\"noopener\">&#13;<br \/>\n                                    Anadolu Ajans\u0131 web sitesinde, AA Haber Ak\u0131\u015f Sistemi (HAS) \u00fczerinden abonelere sunulan haberler, \u00f6zetlenerek yay\u0131mlanmaktad\u0131r. <b style=\"color:#1897F7\">Abonelik i\u00e7in l\u00fctfen ileti\u015fime ge\u00e7iniz.<\/b>&#13;<br \/>\n                                <\/a>&#13;<br \/>\n                            <\/span>\n                        <\/div>\n<p><script>\n\t  window.fbAsyncInit = function() {\n\t\tFB.init({\n\t\t  appId: '1855843514662870',\n\t\t  status : true, \/\/ check login status\n\t\t  cookie : true, \/\/ enable cookies to allow the server to access the session\n\t\t  xfbml  : true  \/\/ parse XFBML\n\t\t});\n\t  };<\/p>\n<p>\t  (function() {\n\t\tvar e = document.createElement('script');\n\t\te.src=\"https:\/\/connect.facebook.net\/tr_TR\/all.js\";\n\t\te.async = true;\n\t\tdocument.getElementById('fb-root').appendChild(e);\n\t  }());\n    <\/script><\/p>\n","protected":false},"excerpt":{"rendered":"<p>Kul\u00fcpten yap\u0131lan a\u00e7\u0131klamaya g\u00f6re, teknik direkt\u00f6r \u015eenol G\u00fcne\u015f&#8217;in Arnavutluk&#8217;a g\u00f6t\u00fcrece\u011fi oyuncular \u015f\u00f6yle: &#8220;Mert G\u00fcnok, Ersin Destano\u011flu, Utku Yuvakuran, Javier Montero, Onur Bulut, Omar Colley, Salih U\u00e7an, Vincent Aboubakar, Daniel Amartey, Kerem Atakan Kesgin, Amir Hadziahmetovic, Necip Uysal, Demir Ege T\u0131knaz, Berkay Vardar, Kartal Kayra Y\u0131lmaz, Valentin Rosier, Arthur Masuaku, Jackson Muleka, O\u011fuzhan Akg\u00fcn, Jean Onana, [&hellip;]<\/p>\n","protected":false},"author":1,"featured_media":11011,"comment_status":"","ping_status":"","sticky":false,"template":"","format":"standard","meta":[],"categories":[48],"tags":[],"_links":{"self":[{"href":"https:\/\/kraios.app\/news\/wp-json\/wp\/v2\/posts\/11010"}],"collection":[{"href":"https:\/\/kraios.app\/news\/wp-json\/wp\/v2\/posts"}],"about":[{"href":"https:\/\/kraios.app\/news\/wp-json\/wp\/v2\/types\/post"}],"author":[{"embeddable":true,"href":"https:\/\/kraios.app\/news\/wp-json\/wp\/v2\/users\/1"}],"replies":[{"embeddable":true,"href":"https:\/\/kraios.app\/news\/wp-json\/wp\/v2\/comments?post=11010"}],"version-history":[{"count":0,"href":"https:\/\/kraios.app\/news\/wp-json\/wp\/v2\/posts\/11010\/revisions"}],"wp:featuredmedia":[{"embeddable":true,"href":"https:\/\/kraios.app\/news\/wp-json\/wp\/v2\/media\/11011"}],"wp:attachment":[{"href":"https:\/\/kraios.app\/news\/wp-json\/wp\/v2\/media?parent=11010"}],"wp:term":[{"taxonomy":"category","embeddable":true,"href":"https:\/\/kraios.app\/news\/wp-json\/wp\/v2\/categories?post=11010"},{"taxonomy":"post_tag","embeddable":true,"href":"https:\/\/kraios.app\/news\/wp-json\/wp\/v2\/tags?post=11010"}],"curies":[{"name":"wp","href":"https:\/\/api.w.org\/{rel}","templated":true}]}}