{"id":11007,"date":"2023-08-03T02:19:41","date_gmt":"2023-08-03T02:19:41","guid":{"rendered":"https:\/\/kraios.app\/news\/yasam\/2023\/08\/03\/isvicredeki-alplerden-cezayirdeki-atlas-daglarina-uzanan-bir-peynir-hikayesi\/"},"modified":"2023-08-03T02:19:41","modified_gmt":"2023-08-03T02:19:41","slug":"isvicredeki-alplerden-cezayirdeki-atlas-daglarina-uzanan-bir-peynir-hikayesi","status":"publish","type":"post","link":"https:\/\/kraios.app\/news\/yasam\/2023\/08\/03\/isvicredeki-alplerden-cezayirdeki-atlas-daglarina-uzanan-bir-peynir-hikayesi\/","title":{"rendered":"\u0130svi\u00e7re&#8217;deki Alpler&#8217;den Cezayir&#8217;deki Atlas Da\u011flar\u0131&#8217;na uzanan bir peynir hikayesi"},"content":{"rendered":"<p><\/p>\n<div>\n<p>\u0130bersiyan, Alpler&#8217;den Cezayir&#8217;deki Atlas Da\u011flar\u0131&#8217;na uzanan ilgin\u00e7 peynircilik hikayesini AA muhabirine anlatt\u0131.<\/p>\n<p>E\u011fitim hayat\u0131n\u0131n ard\u0131ndan Cezayir\u2019de petrol end\u00fcstriyel planlay\u0131c\u0131s\u0131 olarak \u00e7al\u0131\u015fmaya ba\u015flayan \u0130bersiyan, 1990&#8217;da hen\u00fcz 24 ya\u015f\u0131ndayken kariyerini bu alanda s\u00fcrd\u00fcrmek istemedi\u011fine karar vermi\u015f ve \u00e7ok sevdi\u011fi sinemac\u0131l\u0131k \u00fczerine e\u011fitim almak \u00fczere \u0130talya\u2019n\u0131n ba\u015fkenti Roma\u2019ya gitmi\u015f.<\/p>\n<p>Ancak Roma\u2019da hedefledi\u011fi e\u011fitimi alamayan \u0130bersiyan, \u0130svi\u00e7re\u2019ye ge\u00e7erek burada uzun s\u00fcre bas\u0131n alan\u0131nda \u00e7al\u0131\u015fm\u0131\u015f.<\/p>\n<p>\u0130bersiyan&#8217;\u0131n peynircilik hikayesi de \u0130svi\u00e7re&#8217;de, Alp Da\u011flar\u0131&#8217;n\u0131n eteklerinde ba\u015fl\u0131yor.<\/p>\n<p><img decoding=\"async\" alt=\"\" src=\"https:\/\/www.aa.com.tr\/uploads\/userFiles\/9c85db40-ef31-40fe-a989-05c7e506d5d0\/08_2023%2F02082023%2Fpeynir1_.jpg\"\/><\/p>\n<h3>\u0130svi\u00e7re&#8217;de peynircili\u011fi \u00f6\u011frendi<\/h3>\n<p>&#8220;Do\u011frusu \u0130svi\u00e7re\u2019de \u00e7al\u0131\u015f\u0131rken \u00e7ok fazla i\u015f yo\u011funlu\u011fum vard\u0131 ve hep bilgisayar ba\u015f\u0131ndayd\u0131m. F\u0131rsat bulduk\u00e7a do\u011faya \u00e7\u0131kar ve \u00f6zellikle peynir \u00fcretim tesislerini gezerdim.&#8221; diyen \u0130bersiyan, bu geziler s\u0131ras\u0131nda Avrupa&#8217;n\u0131n geleneksel peynir yap\u0131m tekniklerini etrafl\u0131ca \u00f6\u011frendi\u011fini s\u00f6yledi.<\/p>\n<p>Peynircilik konusunda uzun s\u00fcre e\u011fitim ald\u0131\u011f\u0131n\u0131 da aktaran Cezayirlinin zihninde o s\u0131ralar bu kez farkl\u0131 bir hayalle \u00fclkesine d\u00f6nme d\u00fc\u015f\u00fcncesi olu\u015fmu\u015f.<\/p>\n<p>Cezayir\u2019de Frans\u0131z s\u00f6m\u00fcrgesi d\u00f6neminde yok edilen peynir k\u00fclt\u00fcr\u00fcn\u00fc yeniden canland\u0131rmak istedi\u011fini belirten \u0130bersiyan, &#8220;Biz sadece Fransa\u2019n\u0131n &#8216;champignon brie&#8217; peynirini bilirdik. Frans\u0131zlar 132 y\u0131ll\u0131k s\u00f6m\u00fcrge tarihleri boyunca Cezayir\u2019in peynir k\u00fclt\u00fcr\u00fcn\u00fc yok etmi\u015fler. Ben de bundan dolay\u0131 Cezayir piyasas\u0131na yeni peynirler sunmay\u0131 d\u00fc\u015f\u00fcnd\u00fcm.&#8221; dedi.<\/p>\n<p>\u0130bersiyan, bu ama\u00e7la 2006\u2019da Cezayir&#8217;e d\u00f6nerek Atlas Da\u011flar\u0131 eteklerindeki Tizi Vizu kentinin Feriha kasabas\u0131nda peynir \u00fcretimine ba\u015flam\u0131\u015f.<\/p>\n<p><img decoding=\"async\" alt=\"\" src=\"https:\/\/www.aa.com.tr\/uploads\/userFiles\/9c85db40-ef31-40fe-a989-05c7e506d5d0\/08_2023%2F02082023%2Fpeynir2_.jpg\"\/><\/p>\n<h3>\u0130svi\u00e7re tecr\u00fcbesinden Cezayir peynirine<\/h3>\n<p>\u0130bersiyan, Cezayir&#8217;deki peynir \u00e7e\u015fitlerinin b\u00fcy\u00fck \u00e7o\u011funlu\u011funun s\u00fct tozundan yap\u0131ld\u0131\u011f\u0131n\u0131, kendisinin ise kurdu\u011fu m\u00fctevaz\u0131 i\u015fletmede tamamen do\u011fal inek s\u00fct\u00fcnden sa\u011fl\u0131kl\u0131 peynir \u00fcretti\u011fini s\u00f6yledi.<\/p>\n<p>\u0130svi\u00e7relilerin de bir zamanlar peynir \u00fcretimini Rusya ba\u015fta olmak \u00fczere \u00e7e\u015fitli \u00fclkelerden \u00f6\u011frendi\u011fine dikkati \u00e7eken \u0130bersiyan, &#8220;Elbette Cezayir s\u00fct\u00fc ile \u0130svi\u00e7re s\u00fct\u00fc bir de\u011fil. Ben \u0130svi\u00e7relilerden bunu \u00f6\u011frendim. Bu peynirin \u00fcretimi i\u00e7in \u00e7ok uzun s\u00fcre e\u011fitim ald\u0131m. \u015eimdi kendi \u00fclkemde bunu yap\u0131yorum. Fikir \u0130svi\u00e7re fikri ama peynir Cezayir peyniri.&#8221; ifadelerini kulland\u0131.<\/p>\n<p>S\u00fct\u00fc elde ettikleri ineklerin bak\u0131m\u0131ndan yedikleri yeme kadar t\u00fcm a\u015famalar\u0131yla ilgilendi\u011fini vurgulayan \u0130bersiyan, peynirlerinin Cezayir\u2019deki yabanc\u0131 diplomatik misyon temsilcilerinden \u00fclke d\u0131\u015f\u0131na kadar b\u00fcy\u00fck ilgi g\u00f6rd\u00fc\u011f\u00fcn\u00fc dile getirdi.<\/p>\n<p>\u00dcr\u00fcnlerinde hi\u00e7bir koruyucu, tatland\u0131r\u0131c\u0131, g\u0131da katk\u0131s\u0131 ve lezzet art\u0131r\u0131c\u0131 gibi maddeler bulunmad\u0131\u011f\u0131n\u0131 belirten Cezayirli giri\u015fimci, g\u00fcnl\u00fck 700 ila 1000 litre s\u00fctten 70-80 kilogram peynir elde ettiklerini aktard\u0131.<\/p>\n<p><img decoding=\"async\" alt=\"\" src=\"https:\/\/www.aa.com.tr\/uploads\/userFiles\/9c85db40-ef31-40fe-a989-05c7e506d5d0\/08_2023%2F02082023%2Fpeynir3_.jpg\"\/><\/p>\n<h3>Deve s\u00fct\u00fcnden peynir<\/h3>\n<p>\u0130bersiyan, bug\u00fcn kendi y\u00f6resindeki ineklerin s\u00fct\u00fcnden \u0130svi\u00e7re gravyeri, Hollanda&#8217;n\u0131n gouda peyniri, sar\u0131msakl\u0131 ve otlu krem peynir, ke\u00e7i s\u00fct\u00fcnden yap\u0131lan beyaz peynirin yan\u0131 s\u0131ra \u00fclkesinde ilk defa deve s\u00fct\u00fcnden de peynir \u00fcretmeyi ba\u015fard\u0131klar\u0131n\u0131 s\u00f6yledi.<\/p>\n<p>Mayan\u0131n deve s\u00fct\u00fcn\u00fcn kesilmesine ve toplanmas\u0131na izin vermedi\u011fine dikkati \u00e7eken \u0130bersiyan, deve s\u00fct\u00fcn\u00fcn i\u00e7indeki proteinlerin p\u0131ht\u0131la\u015fmas\u0131n\u0131n \u00e7ok zor olmas\u0131na ra\u011fmen alan\u0131nda uzman ki\u015filerle yapt\u0131klar\u0131 \u00e7al\u0131\u015fmalarla deve s\u00fct\u00fcnden de peynir \u00fcretebildiklerini belirtti.<\/p>\n<p>Deve s\u00fct\u00fcnden \u00fcrettikleri peynirin de \u0130svi\u00e7re usul\u00fcyle yap\u0131ld\u0131\u011f\u0131n\u0131 vurgulayan \u0130bersiyan, bu fikrin Fransa\u2019da d\u00fczenlenen bir s\u00fct \u00fcr\u00fcnleri fuar\u0131nda b\u00fcy\u00fck bir ilgi g\u00f6rd\u00fc\u011f\u00fcn\u00fc ve ba\u015far\u0131 \u00f6d\u00fcl\u00fcne lay\u0131k g\u00f6r\u00fcld\u00fc\u011f\u00fcn\u00fc dile getirdi.<\/p>\n<p>Sadece Cezayir&#8217;den de\u011fil K\u00f6rfez&#8217;deki Arap \u00fclkeleri ve Avrupa\u2019dan da \u00e7ok say\u0131da m\u00fc\u015fterisi oldu\u011funu kaydeden \u0130bersiyan, yak\u0131nda \u00fcr\u00fcnlerini yurt d\u0131\u015f\u0131 pazarlara ihra\u00e7 etmeyi hedeflediklerini belirtti.<\/p>\n<h3>&#8220;\u00c7ok \u00f6zel bir lezzet&#8221;<\/h3>\n<p>E\u015fi ve \u00e7ocuklar\u0131yla peynir almaya gelen Cezayirli Verda Hammadi, \u0130bersiyan\u2019\u0131n \u00fcr\u00fcnlerinin \u00e7ok lezzetli oldu\u011funu s\u00f6yledi.<\/p>\n<p>Hammadi, hem \u00fcr\u00fcnlerin kalitesinden hem de b\u00f6yle bir i\u015fletmenin b\u00f6lgelerinde olmas\u0131ndan memnuniyet duyduklar\u0131n\u0131 belirtti.<\/p>\n<p>\u00c7ocuklar\u0131n\u0131n da \u00f6zellikle burada \u00fcretilen peynirleri \u00e7ok sevdi\u011fini aktaran Hammadi, &#8220;Bu \u00e7ok \u00f6zel bir lezzet. Biz, \u0130bersiyan\u2019\u0131n \u00fcretti\u011fi bu peynirleri hem kendimiz b\u00fcy\u00fck bir keyifle t\u00fcketiyoruz hem de dostlar\u0131m\u0131za \u00f6neriyoruz.&#8221; dedi.<\/p>\n<p>                            <span class=\"detay-foto-editor\">&#13;<br \/>\n                                <a href=\"https:\/\/www.aa.com.tr\/tr\/p\/abonelik-talep-formu\/1001\" target=\"_blank\" style=\"font-size:12px; color:#444; text-decoration:none;\" rel=\"noopener\">&#13;<br \/>\n                                    Anadolu Ajans\u0131 web sitesinde, AA Haber Ak\u0131\u015f Sistemi (HAS) \u00fczerinden abonelere sunulan haberler, \u00f6zetlenerek yay\u0131mlanmaktad\u0131r. <b style=\"color:#1897F7\">Abonelik i\u00e7in l\u00fctfen ileti\u015fime ge\u00e7iniz.<\/b>&#13;<br \/>\n                                <\/a>&#13;<br \/>\n                            <\/span>\n                        <\/div>\n<p><script>\n\t  window.fbAsyncInit = function() {\n\t\tFB.init({\n\t\t  appId: '1855843514662870',\n\t\t  status : true, \/\/ check login status\n\t\t  cookie : true, \/\/ enable cookies to allow the server to access the session\n\t\t  xfbml  : true  \/\/ parse XFBML\n\t\t});\n\t  };<\/p>\n<p>\t  (function() {\n\t\tvar e = document.createElement('script');\n\t\te.src=\"https:\/\/connect.facebook.net\/tr_TR\/all.js\";\n\t\te.async = true;\n\t\tdocument.getElementById('fb-root').appendChild(e);\n\t  }());\n    <\/script><\/p>\n","protected":false},"excerpt":{"rendered":"<p>\u0130bersiyan, Alpler&#8217;den Cezayir&#8217;deki Atlas Da\u011flar\u0131&#8217;na uzanan ilgin\u00e7 peynircilik hikayesini AA muhabirine anlatt\u0131. E\u011fitim hayat\u0131n\u0131n ard\u0131ndan Cezayir\u2019de petrol end\u00fcstriyel planlay\u0131c\u0131s\u0131 olarak \u00e7al\u0131\u015fmaya ba\u015flayan \u0130bersiyan, 1990&#8217;da hen\u00fcz 24 ya\u015f\u0131ndayken kariyerini bu alanda s\u00fcrd\u00fcrmek istemedi\u011fine karar vermi\u015f ve \u00e7ok sevdi\u011fi sinemac\u0131l\u0131k \u00fczerine e\u011fitim almak \u00fczere \u0130talya\u2019n\u0131n ba\u015fkenti Roma\u2019ya gitmi\u015f. Ancak Roma\u2019da hedefledi\u011fi e\u011fitimi alamayan \u0130bersiyan, \u0130svi\u00e7re\u2019ye ge\u00e7erek burada [&hellip;]<\/p>\n","protected":false},"author":1,"featured_media":11008,"comment_status":"","ping_status":"","sticky":false,"template":"","format":"standard","meta":[],"categories":[50],"tags":[],"_links":{"self":[{"href":"https:\/\/kraios.app\/news\/wp-json\/wp\/v2\/posts\/11007"}],"collection":[{"href":"https:\/\/kraios.app\/news\/wp-json\/wp\/v2\/posts"}],"about":[{"href":"https:\/\/kraios.app\/news\/wp-json\/wp\/v2\/types\/post"}],"author":[{"embeddable":true,"href":"https:\/\/kraios.app\/news\/wp-json\/wp\/v2\/users\/1"}],"replies":[{"embeddable":true,"href":"https:\/\/kraios.app\/news\/wp-json\/wp\/v2\/comments?post=11007"}],"version-history":[{"count":0,"href":"https:\/\/kraios.app\/news\/wp-json\/wp\/v2\/posts\/11007\/revisions"}],"wp:featuredmedia":[{"embeddable":true,"href":"https:\/\/kraios.app\/news\/wp-json\/wp\/v2\/media\/11008"}],"wp:attachment":[{"href":"https:\/\/kraios.app\/news\/wp-json\/wp\/v2\/media?parent=11007"}],"wp:term":[{"taxonomy":"category","embeddable":true,"href":"https:\/\/kraios.app\/news\/wp-json\/wp\/v2\/categories?post=11007"},{"taxonomy":"post_tag","embeddable":true,"href":"https:\/\/kraios.app\/news\/wp-json\/wp\/v2\/tags?post=11007"}],"curies":[{"name":"wp","href":"https:\/\/api.w.org\/{rel}","templated":true}]}}