{"id":11002,"date":"2023-08-03T01:07:28","date_gmt":"2023-08-03T01:07:28","guid":{"rendered":"https:\/\/kraios.app\/news\/ekonomi\/2023\/08\/03\/ticaret-bakanligi-otomotiv-sektorunde-piyasa-bozucu-faaliyetlerin-takip-edildigini-bildirdi\/"},"modified":"2023-08-03T01:07:28","modified_gmt":"2023-08-03T01:07:28","slug":"ticaret-bakanligi-otomotiv-sektorunde-piyasa-bozucu-faaliyetlerin-takip-edildigini-bildirdi","status":"publish","type":"post","link":"https:\/\/kraios.app\/news\/ekonomi\/2023\/08\/03\/ticaret-bakanligi-otomotiv-sektorunde-piyasa-bozucu-faaliyetlerin-takip-edildigini-bildirdi\/","title":{"rendered":"Ticaret Bakanl\u0131\u011f\u0131, otomotiv sekt\u00f6r\u00fcnde piyasa bozucu faaliyetlerin takip edildi\u011fini bildirdi"},"content":{"rendered":"<p> <br \/>\n<\/p>\n<div>\n<p>Bakanl\u0131\u011f\u0131n sosyal medya hesab\u0131ndan yap\u0131lan a\u00e7\u0131klamada, Ticaret Bakan\u0131 \u00d6mer Bolat&#8217;\u0131n talimatlar\u0131 do\u011frultusunda otomotiv sekt\u00f6r\u00fc konusunda \u00e7al\u0131\u015fmalara h\u0131zla ba\u015fland\u0131\u011f\u0131 hat\u0131rlat\u0131ld\u0131.<\/p>\n<p>Bolat ba\u015fkanl\u0131\u011f\u0131nda otomotiv sekt\u00f6r\u00fc ve t\u00fcm payda\u015flar\u0131n\u0131n kat\u0131l\u0131m\u0131yla bir\u00e7ok isti\u015fare ve toplant\u0131 yap\u0131ld\u0131\u011f\u0131, sekt\u00f6r temsilcilerinin \u00f6nerilerinin dikkate al\u0131nd\u0131\u011f\u0131 ve de\u011ferlendirmeler yap\u0131ld\u0131\u011f\u0131 ifade edildi. Bu de\u011ferlendirmeler sonucunda, a\u011fustos-eyl\u00fcl aylar\u0131na kadar otomotiv piyasas\u0131nda olu\u015fturulan k\u00f6p\u00fc\u011f\u00fcn kalkmaya ba\u015flayaca\u011f\u0131 sonucuna var\u0131ld\u0131\u011f\u0131 belirtildi.<\/p>\n<p>A\u00e7\u0131klamada, Bakanl\u0131k nezdinde yap\u0131lan \u00e7al\u0131\u015fmalar neticesinde ba\u015fta internet siteleri ilanlar\u0131, galerilerin s\u0131f\u0131r ve ikinci el ara\u00e7 sat\u0131\u015flar\u0131 dahil ve en \u00e7ok da \u015fahsi ilanlar\u0131n i\u00e7eri\u011fiyle ilgili bir\u00e7ok d\u00fczenleme yap\u0131ld\u0131\u011f\u0131, stok\u00e7ulu\u011fa ciddi darbe indirecek d\u00fczenlemelerin uygulamaya konuldu\u011fu ifade edildi.<\/p>\n<p>Son d\u00fczenleme olan ara\u00e7 al\u0131m sat\u0131m\u0131nda kural ihlalinde ara\u00e7 ba\u015f\u0131na 300 bin lira idari para cezas\u0131 uygulamas\u0131yla birlikte kanun d\u0131\u015f\u0131 ilan say\u0131lar\u0131nda ciddi d\u00fc\u015f\u00fc\u015f sa\u011fland\u0131\u011f\u0131 belirtilen a\u00e7\u0131klamada, &#8220;Bu d\u00fczenlemelerin etkisiyle ara\u00e7 sat\u0131\u015flar\u0131n\u0131n oto pazara y\u00f6nelmeye ba\u015flad\u0131\u011f\u0131, bununla birlikte vatanda\u015flar\u0131m\u0131zda fiyatlar\u0131n d\u00fc\u015f\u00fc\u015fe ge\u00e7ece\u011fi beklentisi a\u011f\u0131rl\u0131k kazand\u0131\u011f\u0131ndan, bu a\u015famada ikinci el ara\u00e7 al\u0131m sat\u0131m\u0131nda yava\u015flama oldu\u011fu g\u00f6r\u00fclm\u00fc\u015ft\u00fcr. Bu d\u00fczelme ve yatay seyir s\u00fcrecinin fiyatlar d\u00fc\u015fene kadar bir s\u00fcre daha b\u00f6yle devam edece\u011fi umulmaktad\u0131r. \u00d6te yandan, bu d\u00fczenlemelerimiz galerilerde s\u0131f\u0131r otomobillere ula\u015f\u0131m sorununu da ortadan kald\u0131rm\u0131\u015ft\u0131r.&#8221; ifadelerine yer verildi.<\/p>\n<h3>&#8220;Fiyatlarda yer yer d\u00fc\u015f\u00fc\u015fler g\u00f6zlemleniyor&#8221;<\/h3>\n<p>\u0130yi niyet ve ticaret eti\u011fine uygun hareket etmeyen oto sat\u0131c\u0131lar\u0131n\u0131n piyasay\u0131 manip\u00fcle etmesi ve bunlar\u0131n say\u0131lar\u0131n\u0131n da hayli fazla olmas\u0131 sebebiyle fiyat normalle\u015fmelerinin bir s\u00fcre\u00e7 i\u00e7inde ger\u00e7ekle\u015fmekte oldu\u011fu belirtilerek, &#8220;Y\u00fcksek kar al\u0131\u015fkanl\u0131klar\u0131n\u0131 terk etmeye direnenlere ra\u011fmen fiyatlar 3 haftad\u0131r art\u0131\u015f g\u00f6stermemekte, s\u00fcre\u00e7 \u015fu anda planlad\u0131\u011f\u0131m\u0131z \u015fekilde ilerlemekte ve yer yer fiyatlarda d\u00fc\u015f\u00fc\u015fler de g\u00f6zlemlenmektedir.&#8221; bilgisi yer verildi.<\/p>\n<p>Vatanda\u015flara uyar\u0131larda da bulunulan a\u00e7\u0131klamada \u015funlar kaydedildi:<\/p>\n<p>&#8220;Vatanda\u015flar\u0131m\u0131zdan beklentimiz, yasa d\u0131\u015f\u0131 yollara tevess\u00fcl eden oto sat\u0131c\u0131s\u0131 \u015fah\u0131s ya da kurulu\u015flar\u0131 Bakanl\u0131\u011f\u0131m\u0131z\u0131n ilgili birimlerine bildirmeleri, kimseye hi\u00e7bir ko\u015fulda hukuki g\u00fcvence olmadan nakdi olarak fazladan para vermemeleri, piyasay\u0131 k\u0131\u015fk\u0131rtan ki\u015filere alan a\u00e7mamalar\u0131d\u0131r. Herkes kurallara riayet etti\u011finde ve f\u0131rsat\u00e7\u0131lara prim verilmedi\u011finde, otomotiv sekt\u00f6r\u00fcnde olu\u015fan yapay sorunlar \u00e7\u00f6z\u00fcme kavu\u015fturulacakt\u0131r. Bu sayede vatanda\u015flar\u0131m\u0131z\u0131n arzu etti\u011fi \u015fartlar tekrar olu\u015facakt\u0131r. Ticaret Bakanl\u0131\u011f\u0131 olarak otomotiv sekt\u00f6r\u00fc ve di\u011fer t\u00fcm ticari alanlarda piyasa bozucu faaliyetleri dikkatle takip etmeye devam edece\u011fiz. Vatanda\u015flar\u0131m\u0131z\u0131 ma\u011fdur edenlere kar\u015f\u0131 yasal yapt\u0131r\u0131mlar devreye al\u0131nacak, ilave ba\u015fka tedbirler ve d\u00fczenlemeler hemen hayata ge\u00e7irilecektir.&#8221;<\/p>\n<p>                            <span class=\"detay-foto-editor\">&#13;<br \/>\n                                <a href=\"https:\/\/www.aa.com.tr\/tr\/p\/abonelik-talep-formu\/1001\" target=\"_blank\" style=\"font-size:12px; color:#444; text-decoration:none;\" rel=\"noopener\">&#13;<br \/>\n                                    Anadolu Ajans\u0131 web sitesinde, AA Haber Ak\u0131\u015f Sistemi (HAS) \u00fczerinden abonelere sunulan haberler, \u00f6zetlenerek yay\u0131mlanmaktad\u0131r. <b style=\"color:#1897F7\">Abonelik i\u00e7in l\u00fctfen ileti\u015fime ge\u00e7iniz.<\/b>&#13;<br \/>\n                                <\/a>&#13;<br \/>\n                            <\/span>\n                        <\/div>\n<p><script>\n\t  window.fbAsyncInit = function() {\n\t\tFB.init({\n\t\t  appId: '1855843514662870',\n\t\t  status : true, \/\/ check login status\n\t\t  cookie : true, \/\/ enable cookies to allow the server to access the session\n\t\t  xfbml  : true  \/\/ parse XFBML\n\t\t});\n\t  };<\/p>\n<p>\t  (function() {\n\t\tvar e = document.createElement('script');\n\t\te.src=\"https:\/\/connect.facebook.net\/tr_TR\/all.js\";\n\t\te.async = true;\n\t\tdocument.getElementById('fb-root').appendChild(e);\n\t  }());\n    <\/script><br \/>\n<br \/><br \/>\n<br \/><a href=\"https:\/\/www.aa.com.tr\/tr\/ekonomi\/ticaret-bakanligi-otomotiv-sektorunde-piyasa-bozucu-faaliyetlerin-takip-edildigini-bildirdi\/2959687\">Source link <\/a><\/p>\n","protected":false},"excerpt":{"rendered":"<p>Bakanl\u0131\u011f\u0131n sosyal medya hesab\u0131ndan yap\u0131lan a\u00e7\u0131klamada, Ticaret Bakan\u0131 \u00d6mer Bolat&#8217;\u0131n talimatlar\u0131 do\u011frultusunda otomotiv sekt\u00f6r\u00fc konusunda \u00e7al\u0131\u015fmalara h\u0131zla ba\u015fland\u0131\u011f\u0131 hat\u0131rlat\u0131ld\u0131. Bolat ba\u015fkanl\u0131\u011f\u0131nda otomotiv sekt\u00f6r\u00fc ve t\u00fcm payda\u015flar\u0131n\u0131n kat\u0131l\u0131m\u0131yla bir\u00e7ok isti\u015fare ve toplant\u0131 yap\u0131ld\u0131\u011f\u0131, sekt\u00f6r temsilcilerinin \u00f6nerilerinin dikkate al\u0131nd\u0131\u011f\u0131 ve de\u011ferlendirmeler yap\u0131ld\u0131\u011f\u0131 ifade edildi. Bu de\u011ferlendirmeler sonucunda, a\u011fustos-eyl\u00fcl aylar\u0131na kadar otomotiv piyasas\u0131nda olu\u015fturulan k\u00f6p\u00fc\u011f\u00fcn kalkmaya ba\u015flayaca\u011f\u0131 sonucuna [&hellip;]<\/p>\n","protected":false},"author":1,"featured_media":11003,"comment_status":"","ping_status":"","sticky":false,"template":"","format":"standard","meta":[],"categories":[44],"tags":[],"_links":{"self":[{"href":"https:\/\/kraios.app\/news\/wp-json\/wp\/v2\/posts\/11002"}],"collection":[{"href":"https:\/\/kraios.app\/news\/wp-json\/wp\/v2\/posts"}],"about":[{"href":"https:\/\/kraios.app\/news\/wp-json\/wp\/v2\/types\/post"}],"author":[{"embeddable":true,"href":"https:\/\/kraios.app\/news\/wp-json\/wp\/v2\/users\/1"}],"replies":[{"embeddable":true,"href":"https:\/\/kraios.app\/news\/wp-json\/wp\/v2\/comments?post=11002"}],"version-history":[{"count":0,"href":"https:\/\/kraios.app\/news\/wp-json\/wp\/v2\/posts\/11002\/revisions"}],"wp:featuredmedia":[{"embeddable":true,"href":"https:\/\/kraios.app\/news\/wp-json\/wp\/v2\/media\/11003"}],"wp:attachment":[{"href":"https:\/\/kraios.app\/news\/wp-json\/wp\/v2\/media?parent=11002"}],"wp:term":[{"taxonomy":"category","embeddable":true,"href":"https:\/\/kraios.app\/news\/wp-json\/wp\/v2\/categories?post=11002"},{"taxonomy":"post_tag","embeddable":true,"href":"https:\/\/kraios.app\/news\/wp-json\/wp\/v2\/tags?post=11002"}],"curies":[{"name":"wp","href":"https:\/\/api.w.org\/{rel}","templated":true}]}}