{"id":10995,"date":"2023-08-03T00:41:37","date_gmt":"2023-08-03T00:41:37","guid":{"rendered":"https:\/\/kraios.app\/news\/yasam\/2023\/08\/03\/togolu-insaat-muhendisligi-ogrencisi-turkiyede-kazandigi-tecrubeyi-ulkesine-aktaracak\/"},"modified":"2023-08-03T00:41:37","modified_gmt":"2023-08-03T00:41:37","slug":"togolu-insaat-muhendisligi-ogrencisi-turkiyede-kazandigi-tecrubeyi-ulkesine-aktaracak","status":"publish","type":"post","link":"https:\/\/kraios.app\/news\/yasam\/2023\/08\/03\/togolu-insaat-muhendisligi-ogrencisi-turkiyede-kazandigi-tecrubeyi-ulkesine-aktaracak\/","title":{"rendered":"Togolu in\u015faat m\u00fchendisli\u011fi \u00f6\u011frencisi T\u00fcrkiye&#8217;de kazand\u0131\u011f\u0131 tecr\u00fcbeyi \u00fclkesine aktaracak"},"content":{"rendered":"<p><\/p>\n<div>\n<p>Kocaeli \u00dcniversitesi (KO\u00dc) \u0130n\u015faat M\u00fchendisli\u011fi B\u00f6l\u00fcm\u00fc 4. s\u0131n\u0131f \u00f6\u011frencisi Togo Cumhuriyeti vatanda\u015f\u0131 Abdoul-Gafarou Fousseni, staj g\u00f6rd\u00fc\u011f\u00fc Kocaeli B\u00fcy\u00fck\u015fehir Belediyesinin k\u0131rsal mahallelerdeki ba\u011flant\u0131 yollar\u0131n\u0131n yap\u0131m \u00e7al\u0131\u015fmalar\u0131na destek vererek \u00fclkesinde uygulamak istedi\u011fi mesle\u011fiyle ilgili tecr\u00fcbe ediniyor.<\/p>\n<p>Arkada\u015flar\u0131n\u0131n &#8220;Ali Gaffar&#8221; olarak hitap etti\u011fi 26 ya\u015f\u0131ndaki Fousseni, son s\u0131n\u0131f staj\u0131 kapsam\u0131nda Kand\u0131ra il\u00e7esinde devam eden \u00c7er\u00e7ili-Ak\u0131nc\u0131 k\u00f6yleri aras\u0131ndaki \u00fcstyap\u0131 \u00e7al\u0131\u015fmalar\u0131nda yer al\u0131yor.<\/p>\n<p>Fousseni, yol yap\u0131m \u00e7al\u0131\u015fmalar\u0131nda edinece\u011fi deneyimle \u00fclkesine faydal\u0131 olmay\u0131 hedefliyor.<\/p>\n<p><img decoding=\"async\" alt=\"\" src=\"https:\/\/www.aa.com.tr\/uploads\/userFiles\/7e80dc7f-a011-4033-a881-3a6b5b580d82\/20230802_2_59735246_91543626.jpg\"\/><\/p>\n<h3>&#8220;Ailem e\u011fitime \u00f6nem veriyor&#8221;<\/h3>\n<p>Abdoul-Gafarou Fousseni, AA muhabirine, \u00fcniversite e\u011fitimi i\u00e7in T\u00fcrkiye&#8217;ye geldi\u011fini s\u00f6yledi.<\/p>\n<p>\u00dcniversiteye kabul edilmesinin ard\u0131ndan 1 y\u0131l boyunca T\u00fcrk\u00e7e haz\u0131rl\u0131k dersleri g\u00f6rd\u00fc\u011f\u00fcn\u00fc aktaran Fousseni, s\u0131n\u0131f arkada\u015flar\u0131n\u0131n da deste\u011fiyle T\u00fcrk\u00e7e \u00f6\u011frendi\u011fini anlatt\u0131.<\/p>\n<p>Fousseni, T\u00fcrkiye&#8217;yi ve insanlar\u0131n\u0131 \u00e7ok sevdi\u011fini kaydetti.<\/p>\n<p>Yakla\u015f\u0131k 1 ay \u00f6nce staja ba\u015flad\u0131\u011f\u0131n\u0131 dile getiren Fousseni, \u015f\u00f6yle devam etti:<\/p>\n<p>&#8220;Staj\u0131m 1 ay daha s\u00fcrecek. \u00c7ok iyi bilgiler al\u0131yorum, \u00f6\u011freniyorum. Staj\u0131m bitene kadar tecr\u00fcbeli olaca\u011f\u0131m\u0131 d\u00fc\u015f\u00fcn\u00fcyorum. Bu bilgilerle \u00fclkeme de faydal\u0131 olaca\u011f\u0131m\u0131 d\u00fc\u015f\u00fcn\u00fcyorum. Kocaeli B\u00fcy\u00fck\u015fehir Belediyesine \u00e7ok te\u015fekk\u00fcr ediyorum, faydal\u0131 oldu\u011fumu d\u00fc\u015f\u00fcn\u00fcyorum. \u00c7al\u0131\u015fma arkada\u015flar\u0131m \u00e7ok iyi. \u015eeflerim de iyi davran\u0131yor. Bilgileri art\u0131rmak i\u00e7in de her \u015feyi soruyorum. Kendime g\u00fcveniyorum. \u015eu anda yolda dolgu yap\u0131yoruz. Ondan sonra asfaltlayaca\u011f\u0131z.&#8221;<\/p>\n<p>Fousseni, \u00fclkesini ve ailesini \u00f6zledi\u011fini ifade ederek, &#8220;Bundan sonra \u00fclkeme faydal\u0131 olmak i\u00e7in d\u00f6nebilirim. Amac\u0131m, burada tecr\u00fcbe edinmek sonra da \u00fclkemde uygulamak. Nas\u0131l asfaltlama yap\u0131ld\u0131\u011f\u0131n\u0131 \u00fclkemde de g\u00f6sterece\u011fim. \u00c7o\u011fu arkada\u015f\u0131m Diyarbak\u0131rl\u0131. Staj g\u00f6rd\u00fc\u011f\u00fcm yerde de Diyarbak\u0131rl\u0131lar var. Diyarbak\u0131rl\u0131 arkada\u015flar\u0131m bana &#8216;Ali Gaffar&#8217; diyor. \u0130n\u015fallah Diyarbak\u0131r&#8217;\u0131 g\u00f6rmeye gidece\u011fim.&#8221; diye konu\u015ftu.<\/p>\n<p>Alt\u0131 karde\u015f olduklar\u0131n\u0131, karde\u015fleri aras\u0131ndan sadece kendisinin yurt d\u0131\u015f\u0131na \u00e7\u0131kt\u0131\u011f\u0131n\u0131 anlatan Fousseni, bir a\u011fabeyinin fizik b\u00f6l\u00fcm\u00fcnden mezun oldu\u011funu ve doktora yapt\u0131\u011f\u0131n\u0131, bir a\u011fabeyinin de matematik b\u00f6l\u00fcm\u00fcnden mezun oldu\u011funu anlatt\u0131.<\/p>\n<p>Ailesinin e\u011fitime \u00f6nem verdi\u011fini aktaran Fousseni, Togo&#8217;da lisans e\u011fitimine fizik b\u00f6l\u00fcm\u00fcnde ba\u015flad\u0131\u011f\u0131n\u0131, daha sonra \u00fclkesinde in\u015faat sekt\u00f6r\u00fcnde eksiklikler oldu\u011funu d\u00fc\u015f\u00fcnerek bu alana ge\u00e7meye karar verdi\u011fini, bunun i\u00e7in de T\u00fcrkiye&#8217;ye geldi\u011fini kaydetti.<\/p>\n<p>Fousseni, Kocaeli B\u00fcy\u00fck\u015fehir Belediyesinde staj g\u00f6rmekten memnuniyet duydu\u011funu s\u00f6zlerine ekledi.<\/p>\n<p>\u00c7al\u0131\u015fma arkada\u015f\u0131 Yunus Ak\u00e7am da zaman zaman ekibe stajyerlerin kat\u0131ld\u0131\u011f\u0131n\u0131 belirterek, &#8220;\u0130lk defa Afrikal\u0131 bir arkada\u015f\u0131m\u0131z geldi. Biz ona Ali Gaffar diyoruz. \u00c7ok yetenekli ve tecr\u00fcbeli bir arkada\u015f\u0131m\u0131z oldu diyebilirim. \u00c7ok zeki bir \u00e7ocuk. Soruyor, merak ediyor, merak ettiklerini hemen kavr\u0131yor. Ba\u015far\u0131l\u0131 bir \u00e7ocuk. Takdir ediyorum kendisini. Bu kadar\u0131n\u0131 biz de beklemiyorduk. \u0130lk geldi\u011finde zorlan\u0131r diye d\u00fc\u015f\u00fcn\u00fcyordum ama bizi yan\u0131ltt\u0131 bu ba\u015far\u0131s\u0131yla.&#8221; ifadelerini kulland\u0131.<\/p>\n<p>                            <span class=\"detay-foto-editor\">&#13;<br \/>\n                                <a href=\"https:\/\/www.aa.com.tr\/tr\/p\/abonelik-talep-formu\/1001\" target=\"_blank\" style=\"font-size:12px; color:#444; text-decoration:none;\" rel=\"noopener\">&#13;<br \/>\n                                    Anadolu Ajans\u0131 web sitesinde, AA Haber Ak\u0131\u015f Sistemi (HAS) \u00fczerinden abonelere sunulan haberler, \u00f6zetlenerek yay\u0131mlanmaktad\u0131r. <b style=\"color:#1897F7\">Abonelik i\u00e7in l\u00fctfen ileti\u015fime ge\u00e7iniz.<\/b>&#13;<br \/>\n                                <\/a>&#13;<br \/>\n                            <\/span>\n                        <\/div>\n<p><script>\n\t  window.fbAsyncInit = function() {\n\t\tFB.init({\n\t\t  appId: '1855843514662870',\n\t\t  status : true, \/\/ check login status\n\t\t  cookie : true, \/\/ enable cookies to allow the server to access the session\n\t\t  xfbml  : true  \/\/ parse XFBML\n\t\t});\n\t  };<\/p>\n<p>\t  (function() {\n\t\tvar e = document.createElement('script');\n\t\te.src=\"https:\/\/connect.facebook.net\/tr_TR\/all.js\";\n\t\te.async = true;\n\t\tdocument.getElementById('fb-root').appendChild(e);\n\t  }());\n    <\/script><\/p>\n","protected":false},"excerpt":{"rendered":"<p>Kocaeli \u00dcniversitesi (KO\u00dc) \u0130n\u015faat M\u00fchendisli\u011fi B\u00f6l\u00fcm\u00fc 4. s\u0131n\u0131f \u00f6\u011frencisi Togo Cumhuriyeti vatanda\u015f\u0131 Abdoul-Gafarou Fousseni, staj g\u00f6rd\u00fc\u011f\u00fc Kocaeli B\u00fcy\u00fck\u015fehir Belediyesinin k\u0131rsal mahallelerdeki ba\u011flant\u0131 yollar\u0131n\u0131n yap\u0131m \u00e7al\u0131\u015fmalar\u0131na destek vererek \u00fclkesinde uygulamak istedi\u011fi mesle\u011fiyle ilgili tecr\u00fcbe ediniyor. Arkada\u015flar\u0131n\u0131n &#8220;Ali Gaffar&#8221; olarak hitap etti\u011fi 26 ya\u015f\u0131ndaki Fousseni, son s\u0131n\u0131f staj\u0131 kapsam\u0131nda Kand\u0131ra il\u00e7esinde devam eden \u00c7er\u00e7ili-Ak\u0131nc\u0131 k\u00f6yleri aras\u0131ndaki \u00fcstyap\u0131 [&hellip;]<\/p>\n","protected":false},"author":1,"featured_media":10996,"comment_status":"","ping_status":"","sticky":false,"template":"","format":"standard","meta":[],"categories":[50],"tags":[],"_links":{"self":[{"href":"https:\/\/kraios.app\/news\/wp-json\/wp\/v2\/posts\/10995"}],"collection":[{"href":"https:\/\/kraios.app\/news\/wp-json\/wp\/v2\/posts"}],"about":[{"href":"https:\/\/kraios.app\/news\/wp-json\/wp\/v2\/types\/post"}],"author":[{"embeddable":true,"href":"https:\/\/kraios.app\/news\/wp-json\/wp\/v2\/users\/1"}],"replies":[{"embeddable":true,"href":"https:\/\/kraios.app\/news\/wp-json\/wp\/v2\/comments?post=10995"}],"version-history":[{"count":0,"href":"https:\/\/kraios.app\/news\/wp-json\/wp\/v2\/posts\/10995\/revisions"}],"wp:featuredmedia":[{"embeddable":true,"href":"https:\/\/kraios.app\/news\/wp-json\/wp\/v2\/media\/10996"}],"wp:attachment":[{"href":"https:\/\/kraios.app\/news\/wp-json\/wp\/v2\/media?parent=10995"}],"wp:term":[{"taxonomy":"category","embeddable":true,"href":"https:\/\/kraios.app\/news\/wp-json\/wp\/v2\/categories?post=10995"},{"taxonomy":"post_tag","embeddable":true,"href":"https:\/\/kraios.app\/news\/wp-json\/wp\/v2\/tags?post=10995"}],"curies":[{"name":"wp","href":"https:\/\/api.w.org\/{rel}","templated":true}]}}