{"id":10989,"date":"2023-08-03T00:10:36","date_gmt":"2023-08-03T00:10:36","guid":{"rendered":"https:\/\/kraios.app\/news\/spor\/2023\/08\/03\/galatasaray-zalgiris-karsisinda-rovansi-tek-golle-alarak-tur-atladi\/"},"modified":"2023-08-03T00:10:36","modified_gmt":"2023-08-03T00:10:36","slug":"galatasaray-zalgiris-karsisinda-rovansi-tek-golle-alarak-tur-atladi","status":"publish","type":"post","link":"https:\/\/kraios.app\/news\/spor\/2023\/08\/03\/galatasaray-zalgiris-karsisinda-rovansi-tek-golle-alarak-tur-atladi\/","title":{"rendered":"Galatasaray, Zalgiris kar\u015f\u0131s\u0131nda r\u00f6van\u015f\u0131 tek golle alarak tur atlad\u0131"},"content":{"rendered":"<p><\/p>\n<div>\n<p>Galatasaray, UEFA \u015eampiyonlar Ligi 2. Eleme Turu r\u00f6van\u015f m\u00fccadelesinde Zalgiris ile kar\u015f\u0131la\u015ft\u0131.\u00a0<\/p>\n<p>Ma\u00e7\u0131n 17. dakikas\u0131nda, kar\u015f\u0131la\u015fmada ilk tehlike Zalgiris kalesinde ya\u015fand\u0131. Mertens&#8217;in ara pas\u0131nda sa\u011fdan ceza sahas\u0131 i\u00e7ine hareketlenen Kerem Akt\u00fcrko\u011flu&#8217;nun \u00e7aprazdan sert vuru\u015funda kaleci Gertmonas son anda me\u015fin yuvarla\u011f\u0131 \u00fcstten kornere g\u00f6nderdi.<\/p>\n<p>19. dakikada Berkan Kutlu&#8217;nun pas\u0131nda ceza sahas\u0131 d\u0131\u015f\u0131 sa\u011f \u00e7apraz\u0131nda topla bulu\u015fan Oliveira, uzaktan \u015fans\u0131n\u0131 denedi. Bu pozisyonda kaleci Gertmonas gole izin vermedi.<\/p>\n<p><img decoding=\"async\" alt=\"\" src=\"https:\/\/www.aa.com.tr\/uploads\/userFiles\/88e4063b-7018-4331-b06e-f0cb513ac64c\/2023%2F08%2Fgs2-33.jpg\"\/><\/p>\n<p>24. dakikada Galatasaray yine Oliveira&#8217;yla gole yakla\u015ft\u0131. Boey&#8217;in sa\u011f kanattan ceza sahas\u0131na g\u00f6nderdi\u011fi ortaya arka direkte y\u00fckselen Oliveira \u00e7aprazdan kafa vuru\u015funu yapt\u0131 ancak kaleci Gertmonas bu pozisyonda da ba\u015far\u0131l\u0131yd\u0131.<\/p>\n<p>28. dakikada Zalgiris tehlikeli geldi. Galatasaray yar\u0131 sahas\u0131na uzun at\u0131lan pasa hareketlenen Oyewusi, Abd\u00fclkerim Bardak\u00e7\u0131&#8217;dan s\u0131yr\u0131l\u0131p sa\u011f \u00e7aprazdan ceza sahas\u0131na girdi. Bu futbolcu yak\u0131n mesafeden topu yandan d\u0131\u015far\u0131 yollad\u0131.<\/p>\n<p>31. dakikada Galatasaray \u00f6ne ge\u00e7ti. Sa\u011fdan kazan\u0131lan korner at\u0131\u015f\u0131nda Kerem Akt\u00fcrko\u011flu, me\u015fin yuvarla\u011f\u0131 ceza yay\u0131 d\u0131\u015f\u0131na ortalad\u0131. Bu noktada Mertens bekletmeden \u00e7ok sert bir \u015futla topu filelere g\u00f6nderdi: 1-0.<\/p>\n<p>M\u00fccadelenin ilk yar\u0131s\u0131 Galatasaray&#8217;\u0131n 1-0&#8217;l\u0131k \u00fcst\u00fcnl\u00fc\u011f\u00fcyle tamamland\u0131.<\/p>\n<p><img decoding=\"async\" alt=\"\" src=\"https:\/\/admin.aa.com.tr\/uploads\/userFiles\/88e4063b-7018-4331-b06e-f0cb513ac64c\/2023%2F08%2Fgs2-1.jpg\"\/><\/p>\n<h3>\u0130kinci yar\u0131<\/h3>\n<p>51. dakikada Galatasaray gole yakla\u015ft\u0131. Soldan ceza sahas\u0131na giren Kerem Akt\u00fcrko\u011flu&#8217;nun ortas\u0131nda \u00f6n direkte me\u015fin yuvarla\u011f\u0131 kontrol eden Bar\u0131\u015f Alper Y\u0131lmaz, penalt\u0131 noktas\u0131 \u00fczerindeki Oliveira&#8217;ya pas\u0131n\u0131 aktard\u0131. Bu futbolcunun vuru\u015funda savunma me\u015fin yuvarla\u011f\u0131 \u00e7izgi \u00fczerinden \u00e7\u0131kard\u0131.<\/p>\n<p>64. dakikada sol kanatta topla bulu\u015fan Kerem son \u00e7izgiye inip ceza sahas\u0131na ortalad\u0131. Yunus Akg\u00fcn&#8217;\u00fcn penalt\u0131 noktas\u0131na kafayla indirdi\u011fi me\u015fin yuvarla\u011f\u0131 kontrol eden Mertens \u00e7ok sert vurdu, kaleci Gertmonas 2 hamlede topa sahip oldu.<\/p>\n<p><img decoding=\"async\" alt=\"\" src=\"https:\/\/admin.aa.com.tr\/uploads\/userFiles\/88e4063b-7018-4331-b06e-f0cb513ac64c\/2023%2F08%2Fgs2-2.jpg\"\/><\/p>\n<p>66. dakikada Zalgiris etkili geldi. Kendi yar\u0131 sahas\u0131nda me\u015fin yuvarlakla bulu\u015fan Oyewusi, Abd\u00fclkerim Bardak\u00e7\u0131&#8217;dan s\u0131yr\u0131l\u0131p sa\u011fdan Galatasaray ceza sahas\u0131na girdi. Bu futbolcunun yerden vuru\u015funda kaleci Muslera gole izin vermedi.<\/p>\n<p>Galatasaray, kar\u015f\u0131la\u015fmadan 1-0&#8217;l\u0131k galibiyetle ayr\u0131ld\u0131.<\/p>\n<p>\u0130lk ma\u00e7\u0131 2-2 beraberlikle sonu\u00e7lanan turun r\u00f6van\u015f kar\u015f\u0131la\u015fmas\u0131n\u0131 1-0 kazanan Galatasaray, 3. eleme turuna y\u00fckseldi.<\/p>\n<p><img decoding=\"async\" alt=\"\" src=\"https:\/\/admin.aa.com.tr\/uploads\/userFiles\/88e4063b-7018-4331-b06e-f0cb513ac64c\/2023%2F08%2Fgs2-4.jpg\"\/><\/p>\n<h3>Kilidi Mertens&#8217;in \u015futu a\u00e7t\u0131<\/h3>\n<p>Dries Mertens, m\u00fcsabakan\u0131n 31. dakikas\u0131nda uzaktan att\u0131\u011f\u0131 golle sar\u0131-k\u0131rm\u0131z\u0131l\u0131lara galibiyeti getirdi.<\/p>\n<p>Kar\u015f\u0131la\u015fmada topa sahip olan sar\u0131-k\u0131rm\u0131z\u0131l\u0131 ekip, ilk yar\u0131m saat pozisyon \u00fcretmekte zorland\u0131. Ma\u00e7\u0131n 31. dakikas\u0131ndaki duran topta ceza sahas\u0131 d\u0131\u015f\u0131ndan geli\u015fine sert bir \u015fut \u00e7\u0131karan Bel\u00e7ikal\u0131 futbolcu, tak\u0131m\u0131n\u0131 1-0 \u00f6ne ge\u00e7irdi.<\/p>\n<p>Bu sezon ilk kez gol sevinci ya\u015fayan Mertens, sar\u0131-k\u0131rm\u0131z\u0131l\u0131 formayla toplam gol say\u0131s\u0131n\u0131 8&#8217;e \u00e7\u0131kard\u0131.<\/p>\n<p><img decoding=\"async\" alt=\"\" src=\"https:\/\/admin.aa.com.tr\/uploads\/userFiles\/88e4063b-7018-4331-b06e-f0cb513ac64c\/2023%2F08%2Fgs2-5.jpg\"\/><\/p>\n<h3>Muslera&#8217;dan kritik kurtar\u0131\u015f<\/h3>\n<p>Sar\u0131-k\u0131rm\u0131z\u0131l\u0131 ekibin kaptan\u0131 Fernando Muslera, kurtar\u0131\u015f\u0131yla galibiyette \u00f6nemli rol ald\u0131.<\/p>\n<p>M\u00fccadelenin 66. dakikas\u0131nda Mathias Oyewusi, t\u00fcm Galatasaray yar\u0131 alan\u0131n\u0131 ge\u00e7erek kaleci Muslera ile kar\u015f\u0131 kar\u015f\u0131ya kald\u0131. Skorda 1-0 \u00f6nde olduklar\u0131 b\u00f6l\u00fcmde zaman\u0131nda a\u00e7\u0131y\u0131 kapatan Uruguayl\u0131 file bek\u00e7isi, Nijeryal\u0131 futbolcuya gol izni vermedi.<\/p>\n<p><img decoding=\"async\" alt=\"\" src=\"https:\/\/admin.aa.com.tr\/uploads\/userFiles\/88e4063b-7018-4331-b06e-f0cb513ac64c\/2023%2F08%2Fgs2-6.jpg\"\/><\/p>\n<h3>Bakambu ilk kez forma giydi<\/h3>\n<p>Galatasaray&#8217;\u0131n yeni transferi Cedric Bakambu, ilk kez bir ma\u00e7ta sar\u0131-k\u0131rm\u0131z\u0131l\u0131 formay\u0131 terletti.<\/p>\n<p>Ma\u00e7a yedekler aras\u0131nda ba\u015flayan Bakambu, 79. dakikada Bar\u0131\u015f Alper Y\u0131lmaz&#8217;\u0131n yerine oyuna dahil oldu. Ge\u00e7en hafta kadroya kat\u0131lan 32 ya\u015f\u0131ndaki santrfor, ilk kez bir m\u00fcsabakada sar\u0131-k\u0131rm\u0131z\u0131l\u0131 formay\u0131 giymi\u015f oldu.<\/p>\n<p><img decoding=\"async\" alt=\"\" src=\"https:\/\/admin.aa.com.tr\/uploads\/userFiles\/88e4063b-7018-4331-b06e-f0cb513ac64c\/2023%2F08%2Fgs2-7.jpg\"\/><\/p>\n<h3>Rakip Olimpija Ljubljana<\/h3>\n<p>Galatasaray, 3. eleme turunda Slovenya temsilcisi Olimpija Ljubljana ile kar\u015f\u0131la\u015facak.<\/p>\n<p>UEFA \u015eampiyonlar Ligi 2. Eleme Turu&#8217;nda Zalgiris&#8217;i ge\u00e7en sar\u0131-k\u0131rm\u0131z\u0131l\u0131 ekip, play-off turuna \u00e7\u0131kmak i\u00e7in Olimpija Ljubljana ile m\u00fccadele edecek. \u0130lk ma\u00e7a deplasmanda \u00e7\u0131kacak Galatasaray, r\u00f6van\u015fta rakibini \u0130stanbul&#8217;da a\u011f\u0131rlayacak.<\/p>\n<p>Zalgiris ise yoluna UEFA Avrupa Ligi 3. Eleme Turu&#8217;ndan devam edecek<\/p>\n<h3>&#8220;Devler Ligi&#8221; elemesinde 6 ma\u00e7 sonra kazand\u0131<\/h3>\n<p>Galatasaray, \u015eampiyonlar Ligi elemelerinde 6 ma\u00e7tan sonra galip geldi.<\/p>\n<p>&#8220;Devler Ligi&#8221; elemelerindeki son galibiyetini 2006-2007 sezonunda \u00c7ekya temsilcisi Mlada Boleslav ile yapt\u0131\u011f\u0131 ilk ma\u00e7ta alan sar\u0131-k\u0131rm\u0131z\u0131l\u0131lar, sonras\u0131ndaki 6 m\u00fcsabakada galibiyet y\u00fcz\u00fc g\u00f6remedi.<\/p>\n<p><img decoding=\"async\" alt=\"\" src=\"https:\/\/admin.aa.com.tr\/uploads\/userFiles\/88e4063b-7018-4331-b06e-f0cb513ac64c\/2023%2F08%2Fgs2-8.jpg\"\/><\/p>\n<p>Mlada Boleslav ile r\u00f6van\u015f ma\u00e7\u0131nda 1-1 berabere kalan Galatasaray ad\u0131n\u0131 gruplara yazd\u0131rd\u0131. 2007-2008 sezonunda Romanya temsilcisi Steaua B\u00fckre\u015f&#8217;e 2-2 ve 1-0&#8217;l\u0131k skorlarla elenen sar\u0131-k\u0131rm\u0131z\u0131l\u0131lar, 2021-2022 sezonunda ise Hollanda ekibi PSV&#8217;ye 5-1 ve 2-1 yenildi. Galatasaray&#8217;\u0131n son olarak Zalgiris ile yapt\u0131\u011f\u0131 ilk ma\u00e7 2-2 sonu\u00e7land\u0131.<\/p>\n<p>Zalgiris kar\u015f\u0131s\u0131nda r\u00f6van\u015f ma\u00e7\u0131n\u0131 1-0 kazanan sar\u0131-k\u0131rm\u0131z\u0131l\u0131 ekip, hem turu ge\u00e7en taraf oldu hem de elemelerdeki kazanamama serisini de sonland\u0131rd\u0131.<\/p>\n<h3>Zalgiris&#8217;in k\u0131rm\u0131z\u0131 kart\u0131 VAR&#8217;dan d\u00f6nd\u00fc<\/h3>\n<p>M\u00fcsabakada Zalgirisli futbolcu Nassim Hnid&#8217;in g\u00f6rd\u00fc\u011f\u00fc k\u0131rm\u0131z\u0131 kart, Video Yard\u0131mc\u0131 Hakem (VAR) incelemesiyle iptal edildi.<\/p>\n<p>Ma\u00e7\u0131n 75. dakikas\u0131nda Kerem Akt\u00fcrko\u011flu ile girdi\u011fi ikili m\u00fccadelede Frans\u0131z hakem Willy Delajod, Tunuslu futbolcuyu do\u011frudan k\u0131rm\u0131z\u0131 kartla oyundan att\u0131. Delajod, VAR&#8217;\u0131n uyar\u0131s\u0131yla pozisyonu yeniden izledikten sonra k\u0131rm\u0131z\u0131 kart\u0131 iptal ederek Hnid&#8217;e sar\u0131 kart g\u00f6sterdi.<\/p>\n<h3>&#8220;Rakibimizde kaliteli vuru\u015fa sahip bir oyuncu olsayd\u0131, bizim i\u00e7in tehlikeli olabilirdi&#8221;<\/h3>\n<p><em\/>Galatasaray&#8217;\u0131n teknik direkt\u00f6r\u00fc Okan Buruk, kazanmalar\u0131na kar\u015f\u0131n rakibe \u015fans verdiklerini vurgulad\u0131.<\/p>\n<p>Rams Park&#8217;ta oynanan m\u00fccadelenin ard\u0131ndan d\u00fczenlenen bas\u0131n toplant\u0131s\u0131nda sorular\u0131 yan\u0131tlayan Okan Buruk, bekledikleri gibi bir m\u00fccadele oldu\u011funu s\u00f6yledi.<\/p>\n<p>Rakibin savunmada bekleyece\u011fini d\u00fc\u015f\u00fcnd\u00fcklerini ve tahminlerinin daha \u00fczerinde bir durumla kar\u015f\u0131la\u015ft\u0131klar\u0131n\u0131 ifade eden Buruk, &#8220;10 ki\u015fi defansta kald\u0131lar. Bunu a\u00e7makta zorland\u0131k. \u0130lk yar\u0131da kalemize bir kez ge\u00e7i\u015f \u015fans\u0131 verdik. \u0130kinci yar\u0131da da bir \u015fans daha yakalad\u0131lar. Yunus&#8217;un oyuna girmesiyle kenarlar\u0131 daha iyi kulland\u0131k. Rakibin son 5-10 dakikada biraz \u00f6ne \u00e7\u0131kt\u0131\u011f\u0131n\u0131 g\u00f6rd\u00fck ama onlar i\u00e7in yetmedi. Kazand\u0131\u011f\u0131m\u0131z i\u00e7in mutluyuz. Rakibimize de bundan sonras\u0131 i\u00e7in ba\u015far\u0131lar diliyoruz.&#8221; de\u011ferlendirmesinde bulundu.<\/p>\n<h3>&#8220;H\u00fccumda g\u00fc\u00e7l\u00fc oyuncular\u0131m\u0131z var&#8221;<\/h3>\n<p>Torreira&#8217;n\u0131n yoklu\u011funun orta sahada hissedildi\u011fini s\u00f6yleyen Buruk, Berkan Kutlu&#8217;nun oynad\u0131\u011f\u0131 ma\u00e7larda da dinamik bir g\u00f6r\u00fcnt\u00fc ortaya \u00e7\u0131kt\u0131\u011f\u0131n\u0131 s\u00f6zlerine ekledi.<\/p>\n<p>Orta sahaya takviye yap\u0131laca\u011f\u0131n\u0131 da s\u00f6zlerine ekleyen Okan Buruk \u015f\u00f6yle devam etti:<\/p>\n<p>Transfer anlam\u0131nda d\u00fc\u015f\u00fcncelerimiz var, karar verece\u011fiz. Ama savunma anlam\u0131nda bug\u00fcn verdi\u011fimiz pozisyonlara bakarsak, Torreira&#8217;n\u0131n ge\u00e7en sene toplad\u0131\u011f\u0131 toplar\u0131n \u00f6nemi belli oldu. Rashica sevdi\u011fimiz ve be\u011fendi\u011fimiz bir oyuncu. \u015eartlar olu\u015fursa kadromuzda olmas\u0131n\u0131 d\u00fc\u015f\u00fcn\u00fcyoruz. Ama net bir durum yok. H\u00fccumda g\u00fc\u00e7l\u00fc oyuncular\u0131m\u0131z var. Tak\u0131m savunmas\u0131n\u0131 \u00f6nden ba\u015flatan bir tak\u0131m\u0131z ve bu \u015fekilde devam edece\u011fiz. Orta sahadaki oyuncular\u0131m\u0131z de\u011fi\u015febilir ama elimizde hangi oyuncular olursa, oyunumuz ayn\u0131 olacak.&#8221;<\/p>\n<p>Zalgiris&#8217;in Oyewusi ile buldu\u011fu pozisyonlar hakk\u0131nda da konu\u015fan Galatasaray Teknik Direkt\u00f6r\u00fc Okan Buruk, \u015funlar\u0131 s\u00f6yledi:<\/p>\n<p>&#8220;\u0130lk ma\u00e7ta da benzer pozisyonlar vermi\u015ftik. Rakibimizin h\u00fccumda bir se\u00e7ene\u011fi vard\u0131, \u00f6ndeki oyuncunun savunma arkas\u0131na yapaca\u011f\u0131 ko\u015fulard\u0131. Bunu da ilk ve ikinci ma\u00e7ta iyi yapt\u0131lar. Rakibimizde kaliteli vuru\u015fa sahip bir oyuncu olsayd\u0131, bizim i\u00e7in tehlikeli olabilirdi. Sonunu getiremeyen bir oyuncu olmas\u0131 bizim ad\u0131m\u0131za avantaj oldu. Savunma merkezimizin fiziksel yap\u0131lar\u0131na bak\u0131nca Nelsson ve Abd\u00fclkerim&#8217;in biraz ge\u00e7 forma girdi\u011fini g\u00f6r\u00fcyoruz. Ge\u00e7ti\u011fimiz sezon da b\u00f6yle olmu\u015ftu. Zaman ge\u00e7tik\u00e7e daha iyi olacak. Tak\u0131m savunmas\u0131nda orta saha oyuncular\u0131m\u0131z\u0131n da kolay eksildi\u011fini g\u00f6rd\u00fck. Bir sonraki turda daha farkl\u0131 bir tak\u0131m kar\u015f\u0131m\u0131zda olacak. Bug\u00fcn bir tak\u0131m oynad\u0131, di\u011fer tak\u0131m bekledi. Bir sonraki turda iki tak\u0131m\u0131n da oynayaca\u011f\u0131 bir tur olacak.&#8221;<\/p>\n<p>Buruk, son olarak tak\u0131m\u0131n fiziksel anlamda daha g\u00fc\u00e7l\u00fc hale gelece\u011fini s\u00f6zlerine ekledi.<\/p>\n<h3>&#8220;\u00c7ok keyifli ve g\u00fczel bir ma\u00e7t\u0131&#8221;<\/h3>\n<p>\u015eampiyonlar Ligi 2. Eleme Turu r\u00f6van\u015f\u0131nda Galatasaray&#8217;a deplasmanda 1-0 ma\u011flup olarak elenen Zalgiris&#8217;in teknik direkt\u00f6r\u00fc Vladimir Cheburin, 90 dakikan\u0131n keyifli ge\u00e7ti\u011fini s\u00f6yledi.<\/p>\n<p>Rams Park&#8217;ta oynanan m\u00fccadelenin ard\u0131ndan d\u00fczenlenen bas\u0131n toplant\u0131s\u0131nda konu\u015fan Cheburin, elenmelerinin ard\u0131ndan di\u011fer planlara odaklanacaklar\u0131n\u0131 belirtti.<\/p>\n<p>Ma\u00e7ta yakalad\u0131klar\u0131 pozisyonlar\u0131 de\u011ferlendiremediklerini ifade eden Cheburin \u015funlar\u0131 s\u00f6yledi:<\/p>\n<p>&#8220;Bana g\u00f6re \u00e7ok keyifli ve g\u00fczel bir ma\u00e7t\u0131. Eminim Galatasaray, bug\u00fcn bizimle oynamaktan keyif alm\u0131\u015ft\u0131r. Biz genel anlamda savunmada kald\u0131k. \u00c7ok g\u00fczel bir atmosfer vard\u0131. \u00d6zellikle Galatasaray taraftar\u0131 \u00e7ok etkiliydi. Yolumuza devam etmek i\u00e7in sahaya \u00e7\u0131kt\u0131k ancak Galatasaray&#8217;\u0131n \u00e7ok haz\u0131r oldu\u011fu ortadayd\u0131. \u015eampiyonlar Ligi&#8217;nde bundan sonras\u0131 i\u00e7in Galatasaray&#8217;a ba\u015far\u0131lar diliyorum.&#8221;<\/p>\n<p>                            <span class=\"detay-foto-editor\">&#13;<br \/>\n                                <a href=\"https:\/\/www.aa.com.tr\/tr\/p\/abonelik-talep-formu\/1001\" target=\"_blank\" style=\"font-size:12px; color:#444; text-decoration:none;\" rel=\"noopener\">&#13;<br \/>\n                                    Anadolu Ajans\u0131 web sitesinde, AA Haber Ak\u0131\u015f Sistemi (HAS) \u00fczerinden abonelere sunulan haberler, \u00f6zetlenerek yay\u0131mlanmaktad\u0131r. <b style=\"color:#1897F7\">Abonelik i\u00e7in l\u00fctfen ileti\u015fime ge\u00e7iniz.<\/b>&#13;<br \/>\n                                <\/a>&#13;<br \/>\n                            <\/span>\n                        <\/div>\n<p><script>\n\t  window.fbAsyncInit = function() {\n\t\tFB.init({\n\t\t  appId: '1855843514662870',\n\t\t  status : true, \/\/ check login status\n\t\t  cookie : true, \/\/ enable cookies to allow the server to access the session\n\t\t  xfbml  : true  \/\/ parse XFBML\n\t\t});\n\t  };<\/p>\n<p>\t  (function() {\n\t\tvar e = document.createElement('script');\n\t\te.src=\"https:\/\/connect.facebook.net\/tr_TR\/all.js\";\n\t\te.async = true;\n\t\tdocument.getElementById('fb-root').appendChild(e);\n\t  }());\n    <\/script><\/p>\n","protected":false},"excerpt":{"rendered":"<p>Galatasaray, UEFA \u015eampiyonlar Ligi 2. Eleme Turu r\u00f6van\u015f m\u00fccadelesinde Zalgiris ile kar\u015f\u0131la\u015ft\u0131.\u00a0 Ma\u00e7\u0131n 17. dakikas\u0131nda, kar\u015f\u0131la\u015fmada ilk tehlike Zalgiris kalesinde ya\u015fand\u0131. Mertens&#8217;in ara pas\u0131nda sa\u011fdan ceza sahas\u0131 i\u00e7ine hareketlenen Kerem Akt\u00fcrko\u011flu&#8217;nun \u00e7aprazdan sert vuru\u015funda kaleci Gertmonas son anda me\u015fin yuvarla\u011f\u0131 \u00fcstten kornere g\u00f6nderdi. 19. dakikada Berkan Kutlu&#8217;nun pas\u0131nda ceza sahas\u0131 d\u0131\u015f\u0131 sa\u011f \u00e7apraz\u0131nda topla bulu\u015fan [&hellip;]<\/p>\n","protected":false},"author":1,"featured_media":10990,"comment_status":"","ping_status":"","sticky":false,"template":"","format":"standard","meta":[],"categories":[48],"tags":[],"_links":{"self":[{"href":"https:\/\/kraios.app\/news\/wp-json\/wp\/v2\/posts\/10989"}],"collection":[{"href":"https:\/\/kraios.app\/news\/wp-json\/wp\/v2\/posts"}],"about":[{"href":"https:\/\/kraios.app\/news\/wp-json\/wp\/v2\/types\/post"}],"author":[{"embeddable":true,"href":"https:\/\/kraios.app\/news\/wp-json\/wp\/v2\/users\/1"}],"replies":[{"embeddable":true,"href":"https:\/\/kraios.app\/news\/wp-json\/wp\/v2\/comments?post=10989"}],"version-history":[{"count":0,"href":"https:\/\/kraios.app\/news\/wp-json\/wp\/v2\/posts\/10989\/revisions"}],"wp:featuredmedia":[{"embeddable":true,"href":"https:\/\/kraios.app\/news\/wp-json\/wp\/v2\/media\/10990"}],"wp:attachment":[{"href":"https:\/\/kraios.app\/news\/wp-json\/wp\/v2\/media?parent=10989"}],"wp:term":[{"taxonomy":"category","embeddable":true,"href":"https:\/\/kraios.app\/news\/wp-json\/wp\/v2\/categories?post=10989"},{"taxonomy":"post_tag","embeddable":true,"href":"https:\/\/kraios.app\/news\/wp-json\/wp\/v2\/tags?post=10989"}],"curies":[{"name":"wp","href":"https:\/\/api.w.org\/{rel}","templated":true}]}}