{"id":10983,"date":"2023-08-02T23:50:27","date_gmt":"2023-08-02T23:50:27","guid":{"rendered":"https:\/\/kraios.app\/news\/ekonomi\/2023\/08\/02\/tarim-ve-orman-bakanliginin-projesiyle-3-yilda-45-milyon-dekar-atil-arazi-uretime-kazandirildi\/"},"modified":"2023-08-02T23:50:27","modified_gmt":"2023-08-02T23:50:27","slug":"tarim-ve-orman-bakanliginin-projesiyle-3-yilda-45-milyon-dekar-atil-arazi-uretime-kazandirildi","status":"publish","type":"post","link":"https:\/\/kraios.app\/news\/ekonomi\/2023\/08\/02\/tarim-ve-orman-bakanliginin-projesiyle-3-yilda-45-milyon-dekar-atil-arazi-uretime-kazandirildi\/","title":{"rendered":"Tar\u0131m ve Orman Bakanl\u0131\u011f\u0131n\u0131n projesiyle 3 y\u0131lda 4,5 milyon dekar at\u0131l arazi \u00fcretime kazand\u0131r\u0131ld\u0131"},"content":{"rendered":"<p> <br \/>\n<\/p>\n<div>\n<p>Tar\u0131m ve Orman Bakanl\u0131\u011f\u0131na ba\u011fl\u0131 Bitkisel \u00dcretim Genel M\u00fcd\u00fcrl\u00fc\u011f\u00fcn\u00fcn y\u00fcr\u00fctt\u00fc\u011f\u00fc Tar\u0131m Arazilerinin Kullan\u0131m\u0131n\u0131n Etkinle\u015ftirilmesi (TAKE) Projesi ile yakla\u015f\u0131k 3 y\u0131lda bo\u015f, nadasa b\u0131rak\u0131lan ya da at\u0131l durumdaki yakla\u015f\u0131k 4,5 milyon dekar alanda tar\u0131msal \u00fcretim ba\u015flad\u0131. <\/p>\n<p>AA muhabirinin edindi\u011fi bilgiye g\u00f6re, Bakanl\u0131k taraf\u0131ndan 2021 y\u0131l\u0131ndan bu yana TAKE Projesi y\u00fcr\u00fct\u00fcl\u00fcyor.<\/p>\n<p>Projeyle 81 ildeki bo\u015f, nadasa b\u0131rak\u0131lan, at\u0131l durumdaki alanlar ile i\u015flemeli tar\u0131ma uygun olmayan yerlerde farkl\u0131 \u00fcretim teknikleri kullan\u0131larak bitkisel \u00fcretimin art\u0131r\u0131lmas\u0131 hedefleniyor. Buralarda stratejik \u00fcr\u00fcnlerin \u00fcretilmesine de \u00f6zel \u00f6nem veriliyor.<\/p>\n<p>S\u00f6z konusu b\u00f6lgelerde iklim de\u011fi\u015fikli\u011fi dikkate al\u0131narak, uygun \u00e7e\u015fitlerle hububat, baklagil ve ya\u011fl\u0131 tohumlu bitkilerin \u00fcretiminin geli\u015ftirilmesi planlan\u0131yor. \u0130\u015flemeli tar\u0131ma uygun olmayan arazilerde, katma de\u011feri y\u00fcksek bitki t\u00fcrlerinin \u00fcretiminin art\u0131r\u0131lmas\u0131 i\u00e7in projeyle 81 ildeki \u00fcreticilere azami y\u00fczde 75 hibeli fide ve tohumlar temin ediliyor.<\/p>\n<p>Ayr\u0131ca, hasat sonras\u0131 kay\u0131plar\u0131 azaltmak ve katma de\u011feri art\u0131rmak amac\u0131yla birincil \u00fcretim sonras\u0131 kurutma veya i\u015fleme tesislerinin kurulmas\u0131, do\u011fal ekolojilerinde var olan bitki t\u00fcrlerinin a\u015f\u0131lanmas\u0131, \u00e7e\u015fit de\u011fi\u015fimi gibi teknik uygulamalarla birim alandan elde edilen veriminin art\u0131r\u0131lmas\u0131 da hedefleniyor.<\/p>\n<p>TAKE Projesi ile tarla bitkileri ekim alanlar\u0131 art\u0131\u015f g\u00f6sterirken nadas alanlar\u0131 daralt\u0131larak at\u0131l ve bo\u015f alanlar etkin kullan\u0131l\u0131yor. Ayn\u0131 zamanda b\u00fcy\u00fck \u015fehirlerde hayata ge\u00e7irilen bu projelerle kent \u00e7evrelerinde sebze \u00fcretiminin art\u0131r\u0131lmas\u0131na katk\u0131 sa\u011flan\u0131yor.<\/p>\n<p>Projeyle 2021-2022 y\u0131llar\u0131nda 505 milyon lira b\u00fct\u00e7eyle yakla\u015f\u0131k 3,4 milyon dekarda ekim, dikim ve a\u015f\u0131lama \u00e7al\u0131\u015fmalar\u0131 yap\u0131larak, beklenen hedefe ula\u015f\u0131ld\u0131. Proje kapsam\u0131nda bu y\u0131l\u0131n ilkbahar d\u00f6neminde ise 310 milyon lira b\u00fct\u00e7eyle 1,1 milyon dekarl\u0131k alanda s\u00f6z konusu faaliyetler ger\u00e7ekle\u015ftirildi. Proje faaliyetlerine sonbahar ekili\u015fleriyle devam ediliyor.<\/p>\n<h3>Nadas alanlar\u0131 azald\u0131, ekim alanlar\u0131 artt\u0131<\/h3>\n<p>T\u00fcrkiye \u0130statistik Kurumu (T\u00dc\u0130K) verilerine g\u00f6re, 2020-2022 y\u0131llar\u0131nda nadas alanlar\u0131 2,1 milyon dekar daralarak 31,7 milyon dekardan 29,6 milyon dekara geriledi. Tarla bitkileri ekim alanlar\u0131 yakla\u015f\u0131k 156 milyon dekardan 165 milyon dekara \u00e7\u0131karak 8,8 milyon dekar art\u0131\u015f sa\u011fland\u0131. Toplam i\u015flenen alan\u0131n 231,4 milyon dekardan 238,6 milyon dekara \u00e7\u0131kmas\u0131yla 7,2 milyon dekar art\u0131\u015f oldu. <\/p>\n<p>TAKE Projesi kapsam\u0131nda finanse edilen projeler sayesinde ulusal politika ve \u00f6ncelikler ba\u011flam\u0131nda sa\u011flanan ilerlemenin izlenmesi ve d\u00f6nemsel raporlanmas\u0131 amac\u0131yla &#8220;Bitkisel \u00dcretim Genel M\u00fcd\u00fcrl\u00fc\u011f\u00fc Yat\u0131r\u0131m Projeleri \u0130zleme ve De\u011ferlendirme Y\u00f6netim Sistemi&#8221; uygulamaya al\u0131nd\u0131.<\/p>\n<p>Sistem kapsam\u0131nda her bir proje faaliyetinin y\u00fcr\u00fct\u00fclmesi, kay\u0131t alt\u0131na al\u0131nmas\u0131 ve raporlanmas\u0131na y\u00f6nelik \u00e7al\u0131\u015fmalar titizlikle y\u00fcr\u00fct\u00fcl\u00fcyor. Bitkisel \u00dcretim Genel M\u00fcd\u00fcrl\u00fc\u011f\u00fc personeliyle tar\u0131m ve orman uzmanlar\u0131 da g\u00f6revlendirilerek, proje izleme ve de\u011ferlendirme \u00e7al\u0131\u015fmalar\u0131 sahada d\u00f6nemsel olarak s\u00fcrd\u00fcr\u00fcl\u00fcyor.<\/p>\n<h3>&#8220;Tar\u0131msal \u00fcretimde s\u00fcrd\u00fcr\u00fclebilirli\u011fi \u00f6nceliyoruz&#8221;<\/h3>\n<p>Tar\u0131m ve Orman Bakan\u0131 \u0130brahim Yumakl\u0131, AA muhabirine, bereketli tar\u0131m topraklar\u0131n\u0131n etkin ve verimli kullan\u0131lmas\u0131n\u0131n bug\u00fcn sadece T\u00fcrkiye&#8217;de de\u011fil, t\u00fcm d\u00fcnyada \u00f6nemi her ge\u00e7en g\u00fcn artan bir konu haline geldi\u011fini s\u00f6yledi.<\/p>\n<p>Tar\u0131m arazilerinin korunmas\u0131 ve etkin kullan\u0131m\u0131yla tar\u0131msal \u00fcretimde s\u00fcrd\u00fcr\u00fclebilirli\u011fi \u00f6ncelediklerini vurgulayan Yumakl\u0131, \u015funlar\u0131 kaydetti:<\/p>\n<p>&#8220;Bakanl\u0131k olarak, hububat, bakliyat ve ya\u011fl\u0131 tohumlu bitkiler gibi stratejik \u00fcr\u00fcnler ba\u015fta olmak \u00fczere bitkisel \u00fcretimimizin art\u0131r\u0131l\u0131p geli\u015ftirilmesi amac\u0131yla TAKE gibi \u00e7ok say\u0131da proje y\u00fcr\u00fct\u00fcyoruz. \u00c7ift\u00e7imizi \u00fcretime te\u015fvik etmek ve k\u0131rsal\u0131 kalk\u0131nd\u0131rmak amac\u0131yla hayata ge\u00e7irdi\u011fimiz projelerimiz, temel g\u0131da \u00fcr\u00fcnlerinde arz g\u00fcvenli\u011finin sa\u011flanmas\u0131na b\u00fcy\u00fck katk\u0131da bulunmaktad\u0131r.&#8221;<\/p>\n<p>                            <span class=\"detay-foto-editor\">&#13;<br \/>\n                                <a href=\"https:\/\/www.aa.com.tr\/tr\/p\/abonelik-talep-formu\/1001\" target=\"_blank\" style=\"font-size:12px; color:#444; text-decoration:none;\" rel=\"noopener\">&#13;<br \/>\n                                    Anadolu Ajans\u0131 web sitesinde, AA Haber Ak\u0131\u015f Sistemi (HAS) \u00fczerinden abonelere sunulan haberler, \u00f6zetlenerek yay\u0131mlanmaktad\u0131r. <b style=\"color:#1897F7\">Abonelik i\u00e7in l\u00fctfen ileti\u015fime ge\u00e7iniz.<\/b>&#13;<br \/>\n                                <\/a>&#13;<br \/>\n                            <\/span>\n                        <\/div>\n<p><script>\n\t  window.fbAsyncInit = function() {\n\t\tFB.init({\n\t\t  appId: '1855843514662870',\n\t\t  status : true, \/\/ check login status\n\t\t  cookie : true, \/\/ enable cookies to allow the server to access the session\n\t\t  xfbml  : true  \/\/ parse XFBML\n\t\t});\n\t  };<\/p>\n<p>\t  (function() {\n\t\tvar e = document.createElement('script');\n\t\te.src=\"https:\/\/connect.facebook.net\/tr_TR\/all.js\";\n\t\te.async = true;\n\t\tdocument.getElementById('fb-root').appendChild(e);\n\t  }());\n    <\/script><br \/>\n<br \/><br \/>\n<br \/><a href=\"https:\/\/www.aa.com.tr\/tr\/ekonomi\/tarim-ve-orman-bakanliginin-projesiyle-3-yilda-4-5-milyon-dekar-atil-arazi-uretime-kazandirildi\/2959766\">Source link <\/a><\/p>\n","protected":false},"excerpt":{"rendered":"<p>Tar\u0131m ve Orman Bakanl\u0131\u011f\u0131na ba\u011fl\u0131 Bitkisel \u00dcretim Genel M\u00fcd\u00fcrl\u00fc\u011f\u00fcn\u00fcn y\u00fcr\u00fctt\u00fc\u011f\u00fc Tar\u0131m Arazilerinin Kullan\u0131m\u0131n\u0131n Etkinle\u015ftirilmesi (TAKE) Projesi ile yakla\u015f\u0131k 3 y\u0131lda bo\u015f, nadasa b\u0131rak\u0131lan ya da at\u0131l durumdaki yakla\u015f\u0131k 4,5 milyon dekar alanda tar\u0131msal \u00fcretim ba\u015flad\u0131. AA muhabirinin edindi\u011fi bilgiye g\u00f6re, Bakanl\u0131k taraf\u0131ndan 2021 y\u0131l\u0131ndan bu yana TAKE Projesi y\u00fcr\u00fct\u00fcl\u00fcyor. Projeyle 81 ildeki bo\u015f, nadasa b\u0131rak\u0131lan, [&hellip;]<\/p>\n","protected":false},"author":1,"featured_media":10984,"comment_status":"","ping_status":"","sticky":false,"template":"","format":"standard","meta":[],"categories":[44],"tags":[],"_links":{"self":[{"href":"https:\/\/kraios.app\/news\/wp-json\/wp\/v2\/posts\/10983"}],"collection":[{"href":"https:\/\/kraios.app\/news\/wp-json\/wp\/v2\/posts"}],"about":[{"href":"https:\/\/kraios.app\/news\/wp-json\/wp\/v2\/types\/post"}],"author":[{"embeddable":true,"href":"https:\/\/kraios.app\/news\/wp-json\/wp\/v2\/users\/1"}],"replies":[{"embeddable":true,"href":"https:\/\/kraios.app\/news\/wp-json\/wp\/v2\/comments?post=10983"}],"version-history":[{"count":0,"href":"https:\/\/kraios.app\/news\/wp-json\/wp\/v2\/posts\/10983\/revisions"}],"wp:featuredmedia":[{"embeddable":true,"href":"https:\/\/kraios.app\/news\/wp-json\/wp\/v2\/media\/10984"}],"wp:attachment":[{"href":"https:\/\/kraios.app\/news\/wp-json\/wp\/v2\/media?parent=10983"}],"wp:term":[{"taxonomy":"category","embeddable":true,"href":"https:\/\/kraios.app\/news\/wp-json\/wp\/v2\/categories?post=10983"},{"taxonomy":"post_tag","embeddable":true,"href":"https:\/\/kraios.app\/news\/wp-json\/wp\/v2\/tags?post=10983"}],"curies":[{"name":"wp","href":"https:\/\/api.w.org\/{rel}","templated":true}]}}