{"id":10980,"date":"2023-08-02T23:30:20","date_gmt":"2023-08-02T23:30:20","guid":{"rendered":"https:\/\/kraios.app\/news\/yasam\/2023\/08\/02\/seramik-tutkusu-icin-kocaelideki-kursa-8-saatlik-yoldan-geliyor\/"},"modified":"2023-08-02T23:30:20","modified_gmt":"2023-08-02T23:30:20","slug":"seramik-tutkusu-icin-kocaelideki-kursa-8-saatlik-yoldan-geliyor","status":"publish","type":"post","link":"https:\/\/kraios.app\/news\/yasam\/2023\/08\/02\/seramik-tutkusu-icin-kocaelideki-kursa-8-saatlik-yoldan-geliyor\/","title":{"rendered":"Seramik tutkusu i\u00e7in Kocaeli&#8217;deki kursa 8 saatlik yoldan geliyor"},"content":{"rendered":"<p><\/p>\n<div>\n<p>\u00d6zel okulda \u00f6\u011fretmenlik yaparken \u00e7ocuk sahibi olmas\u0131 ve salg\u0131n s\u00fcrecinin etkisiyle mesle\u011fine ara veren 33 ya\u015f\u0131ndaki Oral, bu s\u00fcre\u00e7te el yap\u0131m\u0131 \u00fcr\u00fcnlere olan merak\u0131yla seramikle tan\u0131\u015fma f\u0131rsat\u0131 buldu.<\/p>\n<p>Bir arkada\u015f\u0131 i\u00e7in hediye ararken g\u00f6rd\u00fc\u011f\u00fc seramik kupadan etkilenerek kendini bu sanat\u0131n i\u00e7inde bulan Oral, Tokat&#8217;ta Halk E\u011fitim Merkezinde seramik kursuna kat\u0131ld\u0131.<\/p>\n<p>Oral, profesyonel anlamda geleneksel \u00e7\u00f6mlek\u00e7i tornas\u0131 e\u011fitimi alabilece\u011fi kurs merkezi aray\u0131\u015f\u0131na girdi.<\/p>\n<p><img decoding=\"async\" alt=\"\" src=\"https:\/\/www.aa.com.tr\/uploads\/userFiles\/54a427bf-71c5-4e63-a83d-6196709e92a3\/009_2023%2F005_2023%2F30_Agustos%2F15%2F20230802_2_59735783_91544473.jpg\"\/><\/p>\n<p>Sosyal medya arac\u0131l\u0131\u011f\u0131yla K\u00fclt\u00fcr ve Turizm Bakanl\u0131\u011f\u0131 Somut Olmayan K\u00fclt\u00fcrel Miras Ta\u015f\u0131y\u0131c\u0131s\u0131 \u00e7\u00f6mlek sanat\u00e7\u0131s\u0131 \u00c7i\u011fdem Ero\u011flu ile ileti\u015fime ge\u00e7en Oral, e\u011fitim almak \u00fczere Kocaeli&#8217;ye gelmeye karar verdi.<\/p>\n<p>Belirli zamanlarda Kocaeli&#8217;ye gelen Oral, geleneksel \u00e7\u00f6mlek\u00e7i \u00e7ark\u0131 e\u011fitimi alarak kendi at\u00f6lyesini a\u00e7mak istiyor.<\/p>\n<p><img decoding=\"async\" alt=\"\" src=\"https:\/\/www.aa.com.tr\/uploads\/userFiles\/54a427bf-71c5-4e63-a83d-6196709e92a3\/009_2023%2F005_2023%2F30_Agustos%2F15%2F20230802_2_59735783_91544475.jpg\"\/><\/p>\n<h3>&#8220;Seramik bana g\u00f6re ak\u0131l ve kalbin yolculu\u011fudur&#8221;<\/h3>\n<p>Asl\u0131 S\u00fcd\u00fctemiz Oral, AA muhabirine, tutkusunun r\u00fcyalar\u0131na girmeye ba\u015flamas\u0131yla art\u0131k harekete ge\u00e7mesi gerekti\u011fini d\u00fc\u015f\u00fcnd\u00fc\u011f\u00fcn\u00fc s\u00f6yledi.<\/p>\n<p>E\u011fitim alabilece\u011fi kurs merkezi aray\u0131\u015f\u0131na girdi\u011fini aktaran Oral, &#8220;Art\u0131k yapmak, \u00e7amura dokunmak istiyordum. Hocam\u0131n Kocaeli&#8217;de oldu\u011funu \u00f6\u011frendim. \u00c7ocu\u011fum 3 ya\u015f\u0131ndayd\u0131, e\u011fitime gidersem \u00e7ocu\u011fumu b\u0131rakabilece\u011fim bir yer olmas\u0131 gerekiyordu. En yak\u0131n arkada\u015f\u0131m\u0131n Kocaeli&#8217;de olmas\u0131 benim i\u00e7in b\u00fcy\u00fck bir \u015fanst\u0131. \u00c7i\u011fdem hocamla ileti\u015fime ge\u00e7tim ve e\u011fitime geldim, sonras\u0131 zaten m\u00fckemmeldi.&#8221; diye konu\u015ftu.<\/p>\n<p>Oral, belirli d\u00f6nemlerde ald\u0131\u011f\u0131 e\u011fitimlerle kendisini geli\u015ftirdi\u011fini anlatarak, \u015f\u00f6yle devam etti:<\/p>\n<p><img decoding=\"async\" alt=\"\" src=\"https:\/\/www.aa.com.tr\/uploads\/userFiles\/54a427bf-71c5-4e63-a83d-6196709e92a3\/009_2023%2F005_2023%2F30_Agustos%2F15%2F20230802_2_59735783_91544479.jpg\"\/><\/p>\n<p>&#8220;Hocam\u0131n a\u015famas\u0131na gelebilir miyim bilmiyorum ama istedi\u011fim bu. Seramik at\u00f6lyesi a\u00e7mak istiyorum ama bunun i\u00e7in h\u0131zl\u0131 hareket etmek istemiyorum \u00e7\u00fcnk\u00fc kafamda tasarlad\u0131\u011f\u0131m bir yol var. Alelade bir \u00fcr\u00fcn \u00e7\u0131karmak istemiyorum. Kendi tasar\u0131mlar\u0131m\u0131 yapmak istiyorum. Seramik bana g\u00f6re ak\u0131l ve kalbin yolculu\u011fudur. Hocam\u0131n deyimiyle \u00e7ocuklar i\u00e7in \u00e7\u00f6mlek\u00e7i \u00e7ark\u0131 e\u011fitimi verebilecek d\u00fczeye geldim. Yeti\u015fkinler i\u00e7in de el \u015fekillendirmesi e\u011fitimi verebilecek d\u00fczeydeyim. Kendi \u00fcr\u00fcn\u00fcm\u00fc, tasar\u0131m\u0131m\u0131 \u00e7\u0131karabildi\u011fim d\u00fczeye geldi\u011fimde at\u00f6lye a\u00e7mak istiyorum. Hocam, yeti\u015fkinler i\u00e7in \u00e7\u00f6mlek\u00e7i \u00e7ark\u0131 e\u011fitimi verebilmem i\u00e7in bir e\u011fitimim daha oldu\u011funu s\u00f6yl\u00fcyor.&#8221;<\/p>\n<p>Bu alanda yetkin bir ki\u015fiden iyi bir e\u011fitim almak i\u00e7in otomobiliyle yakla\u015f\u0131k 8 saat yolculuk yapt\u0131\u011f\u0131n\u0131, buna de\u011fdi\u011fini dile getiren Oral, &#8220;Bir i\u015fi profesyonel anlamda yapmak istiyorsan\u0131z mesafenin bir \u00f6nemi kalm\u0131yor. Bir \u015fekilde ula\u015f\u0131yorsunuz ve bir \u015feyi yapmak istiyorsan\u0131z buna de\u011fiyor.&#8221; dedi.<\/p>\n<p><img decoding=\"async\" alt=\"\" src=\"https:\/\/www.aa.com.tr\/uploads\/userFiles\/54a427bf-71c5-4e63-a83d-6196709e92a3\/009_2023%2F005_2023%2F30_Agustos%2F15%2F20230802_2_59735783_91544481.jpg\"\/><\/p>\n<h3>&#8220;Hobi ama\u00e7l\u0131 gelen kursiyerler meslek edinerek ayr\u0131l\u0131yor&#8221;<\/h3>\n<p>Usta \u00f6\u011fretici \u00c7i\u011fdem Ero\u011flu, at\u00f6lyesinde T\u00fcrkiye&#8217;nin her yerinden ve yurt d\u0131\u015f\u0131ndan her ya\u015f ve meslek grubuna y\u00f6nelik e\u011fitimler verdi\u011fini s\u00f6yledi.<\/p>\n<p>\u00c7o\u011fu hobi ama\u00e7l\u0131 gelen kursiyerlerinin meslek edinerek at\u00f6lyeden ayr\u0131ld\u0131\u011f\u0131n\u0131 belirten Ero\u011flu, &#8220;Her ne kadar hobi ama\u00e7l\u0131 desek de \u00f6yle dolu dolu bir e\u011fitim al\u0131yorlar ki gittikleri zaman bu meslek dal\u0131n\u0131 se\u00e7mek istiyorlar hatta kurslar\u0131m\u0131 tamamlayanlar\u0131n \u00e7o\u011fu bunu meslek haline d\u00f6n\u00fc\u015ft\u00fcrd\u00fc. At\u00f6lyelerini kuruyor ya da evlerinde devam ediyorlar. Evlerinde kendilerine bir alan a\u00e7arak \u00fcretimde bulunup sat\u0131\u015f yap\u0131yorlar.&#8221; ifadelerini kulland\u0131.<\/p>\n<p>Ero\u011flu, yo\u011fun bir e\u011fitim program\u0131 uyguland\u0131\u011f\u0131n\u0131 anlatarak, s\u00f6zlerini \u015f\u00f6yle s\u00fcrd\u00fcrd\u00fc:<\/p>\n<p>&#8220;Geleneksel y\u00f6ntemle e\u011fitim verdi\u011fimizde, Ahilik k\u00fclt\u00fcr\u00fcyle yeti\u015ftirdi\u011fimizde 4 ya da 5 y\u0131lda bir usta yeti\u015ftirebiliyoruz. G\u00fcn\u00fcm\u00fczde \u00f6\u011frenciler meslek sahibi olup bize ula\u015ft\u0131\u011f\u0131 i\u00e7in belirli tekniklerle h\u0131zland\u0131r\u0131lm\u0131\u015f yo\u011fun e\u011fitimle bu s\u00fcreci 20-25 g\u00fcne indirebildik. Bu e\u011fitimi de bir anda vermiyoruz. \u00c7\u00f6mlek\u00e7ilik zaman isteyen bir meslek. Belirli periyotlara b\u00f6ld\u00fck. Kursiyer 3-4 ders al\u0131yor, gidiyor, onu peki\u015ftiriyor. \u00d6\u011frendiklerinin \u00fczerinden ge\u00e7erek, s\u00fcrekli \u00e7al\u0131\u015farak sonraki a\u015famaya haz\u0131rlan\u0131yor. Soras\u0131nda 3-4 ders daha al\u0131yor. Bu \u015fekilde toplam 20-25 derste yeti\u015fmi\u015f oluyor. Aradaki \u00e7al\u0131\u015fma s\u00fcrecini de sayarsak yakla\u015f\u0131k 6 ay gibi bir s\u00fcrede bu i\u015fi \u00f6\u011frenmi\u015f oluyor. Aradaki d\u00f6nemler i\u00e7in onlara \u00e7al\u0131\u015fma program\u0131 veriyorum. Foto\u011fraflar, videolarla d\u00f6n\u00fc\u015f yap\u0131yor, soruyorlar. G\u00f6rseller \u00fczerinden uzaktan y\u00f6nlendiriyorum.&#8221;<\/p>\n<p>\u0130nsan\u0131n bir mesle\u011fi se\u00e7erken onu sevip sevemeyece\u011fimizi bilemedi\u011fine i\u015faret eden Ero\u011flu, &#8220;Belli bir s\u00fcreden sonra insanlar meslek de\u011fi\u015ftirmek istiyor. Bu noktada biz devreye giriyoruz sanat\u0131n i\u00e7inde oldu\u011fumuz i\u00e7in. &#8216;Acaba bu mesle\u011fi yapabilir miyim, bu meslekte mutlu olabilir miyim, hayat\u0131m\u0131 bu meslekle bitirebilir miyim?&#8217; diye geldiklerinde de \u00e7ok g\u00fczel sonu\u00e7lar alan, meslek de\u011fi\u015ftiren \u00f6\u011frencilerim oldu.&#8221; de\u011ferlendirmesinde bulundu.<\/p>\n<p>                            <span class=\"detay-foto-editor\">&#13;<br \/>\n                                <a href=\"https:\/\/www.aa.com.tr\/tr\/p\/abonelik-talep-formu\/1001\" target=\"_blank\" style=\"font-size:12px; color:#444; text-decoration:none;\" rel=\"noopener\">&#13;<br \/>\n                                    Anadolu Ajans\u0131 web sitesinde, AA Haber Ak\u0131\u015f Sistemi (HAS) \u00fczerinden abonelere sunulan haberler, \u00f6zetlenerek yay\u0131mlanmaktad\u0131r. <b style=\"color:#1897F7\">Abonelik i\u00e7in l\u00fctfen ileti\u015fime ge\u00e7iniz.<\/b>&#13;<br \/>\n                                <\/a>&#13;<br \/>\n                            <\/span>\n                        <\/div>\n<p><script>\n\t  window.fbAsyncInit = function() {\n\t\tFB.init({\n\t\t  appId: '1855843514662870',\n\t\t  status : true, \/\/ check login status\n\t\t  cookie : true, \/\/ enable cookies to allow the server to access the session\n\t\t  xfbml  : true  \/\/ parse XFBML\n\t\t});\n\t  };<\/p>\n<p>\t  (function() {\n\t\tvar e = document.createElement('script');\n\t\te.src=\"https:\/\/connect.facebook.net\/tr_TR\/all.js\";\n\t\te.async = true;\n\t\tdocument.getElementById('fb-root').appendChild(e);\n\t  }());\n    <\/script><\/p>\n","protected":false},"excerpt":{"rendered":"<p>\u00d6zel okulda \u00f6\u011fretmenlik yaparken \u00e7ocuk sahibi olmas\u0131 ve salg\u0131n s\u00fcrecinin etkisiyle mesle\u011fine ara veren 33 ya\u015f\u0131ndaki Oral, bu s\u00fcre\u00e7te el yap\u0131m\u0131 \u00fcr\u00fcnlere olan merak\u0131yla seramikle tan\u0131\u015fma f\u0131rsat\u0131 buldu. Bir arkada\u015f\u0131 i\u00e7in hediye ararken g\u00f6rd\u00fc\u011f\u00fc seramik kupadan etkilenerek kendini bu sanat\u0131n i\u00e7inde bulan Oral, Tokat&#8217;ta Halk E\u011fitim Merkezinde seramik kursuna kat\u0131ld\u0131. Oral, profesyonel anlamda geleneksel \u00e7\u00f6mlek\u00e7i [&hellip;]<\/p>\n","protected":false},"author":1,"featured_media":10981,"comment_status":"","ping_status":"","sticky":false,"template":"","format":"standard","meta":[],"categories":[50],"tags":[],"_links":{"self":[{"href":"https:\/\/kraios.app\/news\/wp-json\/wp\/v2\/posts\/10980"}],"collection":[{"href":"https:\/\/kraios.app\/news\/wp-json\/wp\/v2\/posts"}],"about":[{"href":"https:\/\/kraios.app\/news\/wp-json\/wp\/v2\/types\/post"}],"author":[{"embeddable":true,"href":"https:\/\/kraios.app\/news\/wp-json\/wp\/v2\/users\/1"}],"replies":[{"embeddable":true,"href":"https:\/\/kraios.app\/news\/wp-json\/wp\/v2\/comments?post=10980"}],"version-history":[{"count":0,"href":"https:\/\/kraios.app\/news\/wp-json\/wp\/v2\/posts\/10980\/revisions"}],"wp:featuredmedia":[{"embeddable":true,"href":"https:\/\/kraios.app\/news\/wp-json\/wp\/v2\/media\/10981"}],"wp:attachment":[{"href":"https:\/\/kraios.app\/news\/wp-json\/wp\/v2\/media?parent=10980"}],"wp:term":[{"taxonomy":"category","embeddable":true,"href":"https:\/\/kraios.app\/news\/wp-json\/wp\/v2\/categories?post=10980"},{"taxonomy":"post_tag","embeddable":true,"href":"https:\/\/kraios.app\/news\/wp-json\/wp\/v2\/tags?post=10980"}],"curies":[{"name":"wp","href":"https:\/\/api.w.org\/{rel}","templated":true}]}}