{"id":10976,"date":"2023-08-02T23:24:03","date_gmt":"2023-08-02T23:24:03","guid":{"rendered":"https:\/\/kraios.app\/news\/ekonomi\/2023\/08\/02\/turkiye-urun-ihtisas-borsasinda-bu-yil-95-milyar-liralik-islem-hacmi-bekleniyor\/"},"modified":"2023-08-02T23:24:03","modified_gmt":"2023-08-02T23:24:03","slug":"turkiye-urun-ihtisas-borsasinda-bu-yil-95-milyar-liralik-islem-hacmi-bekleniyor","status":"publish","type":"post","link":"https:\/\/kraios.app\/news\/ekonomi\/2023\/08\/02\/turkiye-urun-ihtisas-borsasinda-bu-yil-95-milyar-liralik-islem-hacmi-bekleniyor\/","title":{"rendered":"T\u00fcrkiye \u00dcr\u00fcn \u0130htisas Borsas\u0131nda bu y\u0131l 95 milyar liral\u0131k i\u015flem hacmi bekleniyor"},"content":{"rendered":"<p> <br \/>\n<\/p>\n<div>\n<p>T\u00fcrkiye \u00dcr\u00fcn \u0130htisas Borsas\u0131 (T\u00dcR\u0130B) Genel M\u00fcd\u00fcr\u00fc Ali K\u0131rali, Tar\u0131m Gazetecileri ve Yazarlar\u0131 Derne\u011fi (TAGYAD) \u00f6nc\u00fcl\u00fc\u011f\u00fcnde TOBB Sosyal Tesisleri&#8217;nde d\u00fczenlenen &#8220;bas\u0131n bulu\u015fmas\u0131&#8221;nda gazetecilerle bir araya geldi.<\/p>\n<p><img decoding=\"async\" alt=\"\" src=\"https:\/\/www.aa.com.tr\/uploads\/userFiles\/23525b19-4139-468c-8051-ba931b6738e4\/TEMMUZ%202023%2Ftobbic.jpg\"\/><\/p>\n<p>T\u00dcR\u0130B&#8217;de yap\u0131lan \u00e7al\u0131\u015fmalara ili\u015fkin bilgi veren K\u0131rali, burada bu\u011fday, arpa ve m\u0131s\u0131r ba\u015fta olmak \u00fczere 17 \u00fcr\u00fcnde i\u015flem ger\u00e7ekle\u015ftirildi\u011fini s\u00f6yledi. K\u0131rali, s\u00f6z konusu 3 \u00fcr\u00fcn\u00fcn, i\u015flemlerin y\u00fczde 90&#8217;\u0131n\u0131 olu\u015fturdu\u011funu, di\u011fer 14 \u00fcr\u00fcnle ilgili i\u015flem hacmini art\u0131rmak i\u00e7in de \u00e7al\u0131\u015fmalar\u0131n devam etti\u011fini bildirdi.<\/p>\n<p>K\u0131rali, elektronik \u00fcr\u00fcn senedi (EL\u00dcS) yat\u0131r\u0131mc\u0131 say\u0131s\u0131n\u0131n 200 bine ula\u015ft\u0131\u011f\u0131na dikkati \u00e7ekerek, i\u015flem say\u0131s\u0131n\u0131n artmas\u0131nda lisansl\u0131 depolar\u0131n kapasitesinin 4 y\u0131lda 2 kat\u0131na \u00e7\u0131kmas\u0131n\u0131n etkili oldu\u011funu dile getirdi.<\/p>\n<p>Kurulu\u015fundan bug\u00fcne Borsada 835 bin i\u015flem yap\u0131ld\u0131\u011f\u0131n\u0131 s\u00f6yleyen K\u0131rali, &#8220;Borsada 4 y\u0131lda 133 milyar liral\u0131k i\u015flem hacmine ula\u015f\u0131ld\u0131. Borsam\u0131zda bu s\u00fcre\u00e7te 33 milyon ton \u00fcr\u00fcn el de\u011fi\u015ftirdi. Bu sene 95 milyar liral\u0131k i\u015flem hacmini hedefliyoruz.&#8221; diye konu\u015ftu.<\/p>\n<h3>Teknolojik d\u00f6n\u00fc\u015f\u00fcm \u00e7al\u0131\u015fmalar\u0131<\/h3>\n<p>K\u0131rali, y\u00fcr\u00fctt\u00fckleri teknolojik d\u00f6n\u00fc\u015f\u00fcm projelerine de de\u011finerek, bu konuda altyap\u0131 \u00e7al\u0131\u015fmalar\u0131n\u0131n devam etti\u011fini belirtti.<\/p>\n<p>T\u00dcR\u0130B Teknolojik D\u00f6n\u00fc\u015f\u00fcm Projesi&#8217;nin \u00f6nemine i\u015faret eden K\u0131rali, sistemin gelecek y\u0131l hasat d\u00f6neminde i\u015fleme al\u0131nmas\u0131n\u0131 planlad\u0131klar\u0131n\u0131 dile getirdi.<\/p>\n<p>K\u0131rali, proje kapsam\u0131nda \u00fcr\u00fcn piyasas\u0131 arac\u0131 kurumlar\u0131n\u0131n faaliyete ge\u00e7mesini sa\u011flayacaklar\u0131n\u0131 belirterek, arac\u0131 kurumlar\u0131n piyasaya gelmesiyle sahan\u0131n istekleriyle daha \u00e7ok ilgilenilece\u011fini ifade etti. &#8220;T\u00dcR\u0130B Teverruk Piyasas\u0131&#8221; ad\u0131 alt\u0131nda \u0130slami \u00fcr\u00fcnler piyasas\u0131 a\u00e7acaklar\u0131 bilgisini veren K\u0131rali, piyasadaki manip\u00fclasyonlara kar\u015f\u0131 h\u0131zl\u0131 \u00f6nlem alabilmek ad\u0131na da T\u00dcR\u0130B Yapay Zeka Destekli Piyasa G\u00f6zetimi Projesi&#8217;ni hayata ge\u00e7ireceklerini s\u00f6yledi.<\/p>\n<h3>Hasat de\u011ferlendirmesi<\/h3>\n<p>K\u0131rali, bu sezon bereketli bir hasat d\u00f6nemi ge\u00e7irildi\u011fini vurgulayarak, &#8220;\u0130ki ekstrem y\u0131l ge\u00e7irdik. Rusya-Ukrayna Sava\u015f\u0131 ile Toprak Mahsulleri Ofisi piyasaya a\u011f\u0131rl\u0131\u011f\u0131n\u0131 koydu. \u00dclkemizde depolar\u0131m\u0131z dolu ve hasat da iyi durumda. Bu nedenle &#8216;tah\u0131l koridoru&#8217;nda ya\u015fanan kriz \u00fclkemizi k\u0131sa vadede \u00e7ok az etkileyecektir.&#8221; de\u011ferlendirmesinde bulundu.<\/p>\n<p>Rusya ve Ukrayna&#8217;n\u0131n &#8220;d\u00fcnyan\u0131n tah\u0131l ambar\u0131&#8221; olarak adland\u0131r\u0131ld\u0131\u011f\u0131na dikkati \u00e7eken K\u0131rali, koridorda ya\u015fanan sorunun uzamas\u0131n\u0131n tah\u0131l \u00fcretimi az \u00fclkelerde kriz \u00e7\u0131karabilece\u011fi uyar\u0131s\u0131nda bulundu.<\/p>\n<p>K\u0131rali, hububat \u00fcr\u00fcnlerinin \u00fcretiminin yan\u0131 s\u0131ra depolanmas\u0131n\u0131n da \u00f6nemli oldu\u011funa i\u015faret ederek, bu \u00e7er\u00e7evede lisansl\u0131 depolar\u0131n kapasitesinin artmas\u0131 gerekti\u011fini bildirdi.<\/p>\n<p>Finansal s\u00fcrd\u00fcr\u00fclebilirli\u011fin \u00fcretimin devam\u0131 i\u00e7in \u00f6nemli oldu\u011funu vurgulayan K\u0131rali, &#8220;Bankalar EL\u00dcS&#8217;leri teminat olarak kabul edip, \u00e7ift\u00e7ilere likit sa\u011fl\u0131yorlar. Bu, finansmanda s\u0131k\u0131nt\u0131 ya\u015fayan \u00e7ift\u00e7iler i\u00e7in \u00e7ok k\u0131ymetli.&#8221; dedi.<\/p>\n<p>TAGYAD Ba\u015fkan\u0131 \u0130smail U\u011fural da T\u00dcR\u0130B&#8217;in T\u00fcrkiye&#8217;de \u00e7ok \u00f6nemli i\u015flere imza att\u0131\u011f\u0131n\u0131 belirterek, Borsan\u0131n yak\u0131n zamanda yurt d\u0131\u015f\u0131nda da g\u00fczel i\u015fler yapaca\u011f\u0131na inand\u0131\u011f\u0131n\u0131 kaydetti.<\/p>\n<p>                            <span class=\"detay-foto-editor\">&#13;<br \/>\n                                <a href=\"https:\/\/www.aa.com.tr\/tr\/p\/abonelik-talep-formu\/1001\" target=\"_blank\" style=\"font-size:12px; color:#444; text-decoration:none;\" rel=\"noopener\">&#13;<br \/>\n                                    Anadolu Ajans\u0131 web sitesinde, AA Haber Ak\u0131\u015f Sistemi (HAS) \u00fczerinden abonelere sunulan haberler, \u00f6zetlenerek yay\u0131mlanmaktad\u0131r. <b style=\"color:#1897F7\">Abonelik i\u00e7in l\u00fctfen ileti\u015fime ge\u00e7iniz.<\/b>&#13;<br \/>\n                                <\/a>&#13;<br \/>\n                            <\/span>\n                        <\/div>\n<p><script>\n\t  window.fbAsyncInit = function() {\n\t\tFB.init({\n\t\t  appId: '1855843514662870',\n\t\t  status : true, \/\/ check login status\n\t\t  cookie : true, \/\/ enable cookies to allow the server to access the session\n\t\t  xfbml  : true  \/\/ parse XFBML\n\t\t});\n\t  };<\/p>\n<p>\t  (function() {\n\t\tvar e = document.createElement('script');\n\t\te.src=\"https:\/\/connect.facebook.net\/tr_TR\/all.js\";\n\t\te.async = true;\n\t\tdocument.getElementById('fb-root').appendChild(e);\n\t  }());\n    <\/script><br \/>\n<br \/><br \/>\n<br \/><a href=\"https:\/\/www.aa.com.tr\/tr\/ekonomi\/turkiye-urun-ihtisas-borsasinda-bu-yil-95-milyar-liralik-islem-hacmi-bekleniyor\/2959793\">Source link <\/a><\/p>\n","protected":false},"excerpt":{"rendered":"<p>T\u00fcrkiye \u00dcr\u00fcn \u0130htisas Borsas\u0131 (T\u00dcR\u0130B) Genel M\u00fcd\u00fcr\u00fc Ali K\u0131rali, Tar\u0131m Gazetecileri ve Yazarlar\u0131 Derne\u011fi (TAGYAD) \u00f6nc\u00fcl\u00fc\u011f\u00fcnde TOBB Sosyal Tesisleri&#8217;nde d\u00fczenlenen &#8220;bas\u0131n bulu\u015fmas\u0131&#8221;nda gazetecilerle bir araya geldi. T\u00dcR\u0130B&#8217;de yap\u0131lan \u00e7al\u0131\u015fmalara ili\u015fkin bilgi veren K\u0131rali, burada bu\u011fday, arpa ve m\u0131s\u0131r ba\u015fta olmak \u00fczere 17 \u00fcr\u00fcnde i\u015flem ger\u00e7ekle\u015ftirildi\u011fini s\u00f6yledi. K\u0131rali, s\u00f6z konusu 3 \u00fcr\u00fcn\u00fcn, i\u015flemlerin y\u00fczde 90&#8217;\u0131n\u0131 olu\u015fturdu\u011funu, [&hellip;]<\/p>\n","protected":false},"author":1,"featured_media":10977,"comment_status":"","ping_status":"","sticky":false,"template":"","format":"standard","meta":[],"categories":[44],"tags":[],"_links":{"self":[{"href":"https:\/\/kraios.app\/news\/wp-json\/wp\/v2\/posts\/10976"}],"collection":[{"href":"https:\/\/kraios.app\/news\/wp-json\/wp\/v2\/posts"}],"about":[{"href":"https:\/\/kraios.app\/news\/wp-json\/wp\/v2\/types\/post"}],"author":[{"embeddable":true,"href":"https:\/\/kraios.app\/news\/wp-json\/wp\/v2\/users\/1"}],"replies":[{"embeddable":true,"href":"https:\/\/kraios.app\/news\/wp-json\/wp\/v2\/comments?post=10976"}],"version-history":[{"count":0,"href":"https:\/\/kraios.app\/news\/wp-json\/wp\/v2\/posts\/10976\/revisions"}],"wp:featuredmedia":[{"embeddable":true,"href":"https:\/\/kraios.app\/news\/wp-json\/wp\/v2\/media\/10977"}],"wp:attachment":[{"href":"https:\/\/kraios.app\/news\/wp-json\/wp\/v2\/media?parent=10976"}],"wp:term":[{"taxonomy":"category","embeddable":true,"href":"https:\/\/kraios.app\/news\/wp-json\/wp\/v2\/categories?post=10976"},{"taxonomy":"post_tag","embeddable":true,"href":"https:\/\/kraios.app\/news\/wp-json\/wp\/v2\/tags?post=10976"}],"curies":[{"name":"wp","href":"https:\/\/api.w.org\/{rel}","templated":true}]}}