{"id":10949,"date":"2023-08-02T19:35:08","date_gmt":"2023-08-02T19:35:08","guid":{"rendered":"https:\/\/kraios.app\/news\/yasam\/2023\/08\/02\/bodrumda-makilik-yangininda-kurtarilan-kaplumbagalar-tedaviye-alindi\/"},"modified":"2023-08-02T19:35:08","modified_gmt":"2023-08-02T19:35:08","slug":"bodrumda-makilik-yangininda-kurtarilan-kaplumbagalar-tedaviye-alindi","status":"publish","type":"post","link":"https:\/\/kraios.app\/news\/yasam\/2023\/08\/02\/bodrumda-makilik-yangininda-kurtarilan-kaplumbagalar-tedaviye-alindi\/","title":{"rendered":"Bodrum&#039;da makilik yang\u0131n\u0131nda kurtar\u0131lan kaplumba\u011falar tedaviye al\u0131nd\u0131"},"content":{"rendered":"<p>Mu\u011fla&#8217;n\u0131n Bodrum il\u00e7esinde \u00e7\u0131kan makilik yang\u0131n\u0131nda yaralanan kaplumba\u011falar tedavi ediliyor.<\/p>\n","protected":false},"excerpt":{"rendered":"<p>Mu\u011fla&#8217;n\u0131n Bodrum il\u00e7esinde \u00e7\u0131kan makilik yang\u0131n\u0131nda yaralanan kaplumba\u011falar tedavi ediliyor.<\/p>\n","protected":false},"author":1,"featured_media":10950,"comment_status":"","ping_status":"","sticky":false,"template":"","format":"standard","meta":[],"categories":[50],"tags":[],"_links":{"self":[{"href":"https:\/\/kraios.app\/news\/wp-json\/wp\/v2\/posts\/10949"}],"collection":[{"href":"https:\/\/kraios.app\/news\/wp-json\/wp\/v2\/posts"}],"about":[{"href":"https:\/\/kraios.app\/news\/wp-json\/wp\/v2\/types\/post"}],"author":[{"embeddable":true,"href":"https:\/\/kraios.app\/news\/wp-json\/wp\/v2\/users\/1"}],"replies":[{"embeddable":true,"href":"https:\/\/kraios.app\/news\/wp-json\/wp\/v2\/comments?post=10949"}],"version-history":[{"count":0,"href":"https:\/\/kraios.app\/news\/wp-json\/wp\/v2\/posts\/10949\/revisions"}],"wp:featuredmedia":[{"embeddable":true,"href":"https:\/\/kraios.app\/news\/wp-json\/wp\/v2\/media\/10950"}],"wp:attachment":[{"href":"https:\/\/kraios.app\/news\/wp-json\/wp\/v2\/media?parent=10949"}],"wp:term":[{"taxonomy":"category","embeddable":true,"href":"https:\/\/kraios.app\/news\/wp-json\/wp\/v2\/categories?post=10949"},{"taxonomy":"post_tag","embeddable":true,"href":"https:\/\/kraios.app\/news\/wp-json\/wp\/v2\/tags?post=10949"}],"curies":[{"name":"wp","href":"https:\/\/api.w.org\/{rel}","templated":true}]}}