{"id":10944,"date":"2023-08-02T19:20:05","date_gmt":"2023-08-02T19:20:05","guid":{"rendered":"https:\/\/kraios.app\/news\/ekonomi\/2023\/08\/02\/abd-hazine-bakani-yellen-fitchin-ulkenin-kredi-notunu-dusurmesinin-anlasilmasinin-zor-oldugunu-soyledi\/"},"modified":"2023-08-02T19:20:05","modified_gmt":"2023-08-02T19:20:05","slug":"abd-hazine-bakani-yellen-fitchin-ulkenin-kredi-notunu-dusurmesinin-anlasilmasinin-zor-oldugunu-soyledi","status":"publish","type":"post","link":"https:\/\/kraios.app\/news\/ekonomi\/2023\/08\/02\/abd-hazine-bakani-yellen-fitchin-ulkenin-kredi-notunu-dusurmesinin-anlasilmasinin-zor-oldugunu-soyledi\/","title":{"rendered":"ABD Hazine Bakan\u0131 Yellen, Fitch&#8217;in \u00fclkenin kredi notunu d\u00fc\u015f\u00fcrmesinin anla\u015f\u0131lmas\u0131n\u0131n zor oldu\u011funu s\u00f6yledi"},"content":{"rendered":"<p> <br \/>\n<\/p>\n<div>\n<p>ABD Hazine Bakan\u0131 Janet Yellen, ABD&#8217;nin uzun vadede &#8220;d\u00fcnyan\u0131n en b\u00fcy\u00fck, en dinamik ve en yenilik\u00e7i&#8221; ekonomisi olmaya devam etti\u011fini belirterek, \u00fclkenin ekonomik g\u00fcc\u00fc g\u00f6z \u00f6n\u00fcne al\u0131nd\u0131\u011f\u0131nda Fitch Ratings&#8217;in ABD&#8217;nin kredi notunu d\u00fc\u015f\u00fcrme karar\u0131n\u0131n anla\u015f\u0131lmas\u0131n\u0131n g\u00fc\u00e7 oldu\u011funu s\u00f6yledi.<\/p>\n<p>Yellen, Virginia eyaletinde kat\u0131ld\u0131\u011f\u0131 programda, &#8220;Enflasyonu D\u00fc\u015f\u00fcrme Yasas\u0131&#8221; kapsam\u0131nda vergi m\u00fckellefi hizmetlerinin iyile\u015ftirilmesinde kaydedilen mesafeyi anlatt\u0131.<\/p>\n<p>Konu\u015fmas\u0131nda, kredi derecelendirme kurulu\u015fu Fitch Ratings&#8217;in ABD&#8217;nin notunu &#8220;AAA&#8221;dan &#8220;AA+&#8221;ya d\u00fc\u015f\u00fcrmesine de\u011finen Yellen, son birka\u00e7 y\u0131lda \u00fclke ekonomisinin pandeminin ard\u0131ndan tarihi bir toparlanma ya\u015fad\u0131\u011f\u0131n\u0131 dile getirdi.<\/p>\n<p>Yellen, Ocak 2021&#8217;den bu yana \u00fclkede 13 milyondan fazla yeni istihdam olu\u015fturuldu\u011funa i\u015faret ederek, i\u015fsizlik oran\u0131n\u0131n da tarihi d\u00fc\u015f\u00fck seviyelere yak\u0131n seyretti\u011finden bahsetti.<\/p>\n<p>\u00dclkede enflasyonun y\u0131l boyunca her ay d\u00fc\u015ft\u00fc\u011f\u00fcne dikkati \u00e7eken Yellen, ABD ekonomisinin b\u00fcy\u00fcmeye devam etti\u011fini ve uzun vadede &#8220;d\u00fcnyan\u0131n en b\u00fcy\u00fck, en dinamik ve en yenilik\u00e7i&#8221; ekonomisi olmay\u0131 s\u00fcrd\u00fcrd\u00fc\u011f\u00fcn\u00fc vurgulad\u0131.<\/p>\n<p>Yellen, ABD&#8217;de g\u00f6r\u00fclen ekonomik g\u00fc\u00e7 g\u00f6z \u00f6n\u00fcne al\u0131nd\u0131\u011f\u0131nda Fitch&#8217;in karar\u0131n\u0131n anla\u015f\u0131lmas\u0131 zor oldu\u011funu belirterek, &#8220;Fitch&#8217;in karar\u0131na kesinlikle kat\u0131lm\u0131yorum ve bunun tamamen yersiz oldu\u011funa inan\u0131yorum.&#8221; de\u011ferlendirmesinde bulundu.<\/p>\n<p>Fitch&#8217;in &#8220;hatal\u0131&#8221; de\u011ferlendirmesinin g\u00fcncelli\u011fini yitirmi\u015f verilere dayand\u0131\u011f\u0131n\u0131 savunan Yellen, bu karar\u0131n son iki bu\u00e7uk y\u0131lda g\u00f6r\u00fclen bir dizi g\u00f6stergedeki geli\u015fmeleri yans\u0131tmad\u0131\u011f\u0131n\u0131 \u00f6ne s\u00fcrd\u00fc.<\/p>\n<p>Yellen, a\u00e7maza ra\u011fmen her iki taraf\u0131n da bor\u00e7 limitini \u00e7\u00f6zmek i\u00e7in bir araya geldi\u011fini an\u0131msatarak, mali sorumlulu\u011fun ABD Ba\u015fkan\u0131 Joe Biden ile kendisi i\u00e7in \u00f6ncelik oldu\u011funu anlatt\u0131.<\/p>\n<p>Fitch&#8217;in karar\u0131n\u0131n herkesin bildi\u011fini de\u011fi\u015ftirmedi\u011fini s\u00f6yleyen Yellen, &#8220;Hazine tahvilleri d\u00fcnyan\u0131n \u00f6nde gelen g\u00fcvenli ve likit varl\u0131\u011f\u0131 olmaya devam ediyor ve Amerikan ekonomisi temelde g\u00fc\u00e7l\u00fc.&#8221; diye konu\u015ftu.<\/p>\n<p>                            <span class=\"detay-foto-editor\">&#13;<br \/>\n                                <a href=\"https:\/\/www.aa.com.tr\/tr\/p\/abonelik-talep-formu\/1001\" target=\"_blank\" style=\"font-size:12px; color:#444; text-decoration:none;\" rel=\"noopener\">&#13;<br \/>\n                                    Anadolu Ajans\u0131 web sitesinde, AA Haber Ak\u0131\u015f Sistemi (HAS) \u00fczerinden abonelere sunulan haberler, \u00f6zetlenerek yay\u0131mlanmaktad\u0131r. <b style=\"color:#1897F7\">Abonelik i\u00e7in l\u00fctfen ileti\u015fime ge\u00e7iniz.<\/b>&#13;<br \/>\n                                <\/a>&#13;<br \/>\n                            <\/span>\n                        <\/div>\n<p><script>\n\t  window.fbAsyncInit = function() {\n\t\tFB.init({\n\t\t  appId: '1855843514662870',\n\t\t  status : true, \/\/ check login status\n\t\t  cookie : true, \/\/ enable cookies to allow the server to access the session\n\t\t  xfbml  : true  \/\/ parse XFBML\n\t\t});\n\t  };<\/p>\n<p>\t  (function() {\n\t\tvar e = document.createElement('script');\n\t\te.src=\"https:\/\/connect.facebook.net\/tr_TR\/all.js\";\n\t\te.async = true;\n\t\tdocument.getElementById('fb-root').appendChild(e);\n\t  }());\n    <\/script><br \/>\n<br \/><br \/>\n<br \/><a href=\"https:\/\/www.aa.com.tr\/tr\/ekonomi\/abd-hazine-bakani-yellen-fitchin-ulkenin-kredi-notunu-dusurmesinin-anlasilmasinin-zor-oldugunu-soyledi\/2960158\">Source link <\/a><\/p>\n","protected":false},"excerpt":{"rendered":"<p>ABD Hazine Bakan\u0131 Janet Yellen, ABD&#8217;nin uzun vadede &#8220;d\u00fcnyan\u0131n en b\u00fcy\u00fck, en dinamik ve en yenilik\u00e7i&#8221; ekonomisi olmaya devam etti\u011fini belirterek, \u00fclkenin ekonomik g\u00fcc\u00fc g\u00f6z \u00f6n\u00fcne al\u0131nd\u0131\u011f\u0131nda Fitch Ratings&#8217;in ABD&#8217;nin kredi notunu d\u00fc\u015f\u00fcrme karar\u0131n\u0131n anla\u015f\u0131lmas\u0131n\u0131n g\u00fc\u00e7 oldu\u011funu s\u00f6yledi. Yellen, Virginia eyaletinde kat\u0131ld\u0131\u011f\u0131 programda, &#8220;Enflasyonu D\u00fc\u015f\u00fcrme Yasas\u0131&#8221; kapsam\u0131nda vergi m\u00fckellefi hizmetlerinin iyile\u015ftirilmesinde kaydedilen mesafeyi anlatt\u0131. Konu\u015fmas\u0131nda, [&hellip;]<\/p>\n","protected":false},"author":1,"featured_media":10945,"comment_status":"","ping_status":"","sticky":false,"template":"","format":"standard","meta":[],"categories":[44],"tags":[],"_links":{"self":[{"href":"https:\/\/kraios.app\/news\/wp-json\/wp\/v2\/posts\/10944"}],"collection":[{"href":"https:\/\/kraios.app\/news\/wp-json\/wp\/v2\/posts"}],"about":[{"href":"https:\/\/kraios.app\/news\/wp-json\/wp\/v2\/types\/post"}],"author":[{"embeddable":true,"href":"https:\/\/kraios.app\/news\/wp-json\/wp\/v2\/users\/1"}],"replies":[{"embeddable":true,"href":"https:\/\/kraios.app\/news\/wp-json\/wp\/v2\/comments?post=10944"}],"version-history":[{"count":0,"href":"https:\/\/kraios.app\/news\/wp-json\/wp\/v2\/posts\/10944\/revisions"}],"wp:featuredmedia":[{"embeddable":true,"href":"https:\/\/kraios.app\/news\/wp-json\/wp\/v2\/media\/10945"}],"wp:attachment":[{"href":"https:\/\/kraios.app\/news\/wp-json\/wp\/v2\/media?parent=10944"}],"wp:term":[{"taxonomy":"category","embeddable":true,"href":"https:\/\/kraios.app\/news\/wp-json\/wp\/v2\/categories?post=10944"},{"taxonomy":"post_tag","embeddable":true,"href":"https:\/\/kraios.app\/news\/wp-json\/wp\/v2\/tags?post=10944"}],"curies":[{"name":"wp","href":"https:\/\/api.w.org\/{rel}","templated":true}]}}