{"id":10942,"date":"2023-08-02T18:21:08","date_gmt":"2023-08-02T18:21:08","guid":{"rendered":"https:\/\/kraios.app\/news\/spor\/2023\/08\/02\/tff-baskani-buyukeksiden-milli-egitim-bakani-yusuf-tekini-ziyaret\/"},"modified":"2023-08-02T18:21:08","modified_gmt":"2023-08-02T18:21:08","slug":"tff-baskani-buyukeksiden-milli-egitim-bakani-yusuf-tekini-ziyaret","status":"publish","type":"post","link":"https:\/\/kraios.app\/news\/spor\/2023\/08\/02\/tff-baskani-buyukeksiden-milli-egitim-bakani-yusuf-tekini-ziyaret\/","title":{"rendered":"TFF Ba\u015fkan\u0131 B\u00fcy\u00fckek\u015fi&#039;den Milli E\u011fitim Bakan\u0131 Yusuf Tekin&#039;i ziyaret"},"content":{"rendered":"<p>T\u00fcrkiye Futbol Federasyonu (TFF) Ba\u015fkan\u0131 Mehmet B\u00fcy\u00fckek\u015fi ve y\u00f6netim kurulu \u00fcyeleri, Milli E\u011fitim Bakan\u0131 Yusuf Tekin&#8217;i ziyaret etti.<\/p>\n","protected":false},"excerpt":{"rendered":"<p>T\u00fcrkiye Futbol Federasyonu (TFF) Ba\u015fkan\u0131 Mehmet B\u00fcy\u00fckek\u015fi ve y\u00f6netim kurulu \u00fcyeleri, Milli E\u011fitim Bakan\u0131 Yusuf Tekin&#8217;i ziyaret etti.<\/p>\n","protected":false},"author":1,"featured_media":10943,"comment_status":"","ping_status":"","sticky":false,"template":"","format":"standard","meta":[],"categories":[48],"tags":[],"_links":{"self":[{"href":"https:\/\/kraios.app\/news\/wp-json\/wp\/v2\/posts\/10942"}],"collection":[{"href":"https:\/\/kraios.app\/news\/wp-json\/wp\/v2\/posts"}],"about":[{"href":"https:\/\/kraios.app\/news\/wp-json\/wp\/v2\/types\/post"}],"author":[{"embeddable":true,"href":"https:\/\/kraios.app\/news\/wp-json\/wp\/v2\/users\/1"}],"replies":[{"embeddable":true,"href":"https:\/\/kraios.app\/news\/wp-json\/wp\/v2\/comments?post=10942"}],"version-history":[{"count":0,"href":"https:\/\/kraios.app\/news\/wp-json\/wp\/v2\/posts\/10942\/revisions"}],"wp:featuredmedia":[{"embeddable":true,"href":"https:\/\/kraios.app\/news\/wp-json\/wp\/v2\/media\/10943"}],"wp:attachment":[{"href":"https:\/\/kraios.app\/news\/wp-json\/wp\/v2\/media?parent=10942"}],"wp:term":[{"taxonomy":"category","embeddable":true,"href":"https:\/\/kraios.app\/news\/wp-json\/wp\/v2\/categories?post=10942"},{"taxonomy":"post_tag","embeddable":true,"href":"https:\/\/kraios.app\/news\/wp-json\/wp\/v2\/tags?post=10942"}],"curies":[{"name":"wp","href":"https:\/\/api.w.org\/{rel}","templated":true}]}}