{"id":10940,"date":"2023-08-02T18:12:51","date_gmt":"2023-08-02T18:12:51","guid":{"rendered":"https:\/\/kraios.app\/news\/yasam\/2023\/08\/02\/amasyada-anne-bebek-dostu-otobus-uygulamasi-baslatildi\/"},"modified":"2023-08-02T18:12:51","modified_gmt":"2023-08-02T18:12:51","slug":"amasyada-anne-bebek-dostu-otobus-uygulamasi-baslatildi","status":"publish","type":"post","link":"https:\/\/kraios.app\/news\/yasam\/2023\/08\/02\/amasyada-anne-bebek-dostu-otobus-uygulamasi-baslatildi\/","title":{"rendered":"Amasya&#8217;da &#8220;Anne bebek dostu otob\u00fcs&#8221; uygulamas\u0131 ba\u015flat\u0131ld\u0131"},"content":{"rendered":"<p><\/p>\n<div>\n<p>Amasya \u0130l Sa\u011fl\u0131k M\u00fcd\u00fcrl\u00fc\u011f\u00fc anne s\u00fct\u00fcn\u00fc \u00f6zendirmek ve ilk 6 ay bebeklerin anne s\u00fct\u00fcyle beslenmesi i\u00e7in &#8220;Anne bebek dostu otob\u00fcs&#8221; uygulamas\u0131n\u0131 hayata ge\u00e7irdi.<\/p>\n<p>\u0130l Sa\u011fl\u0131k M\u00fcd\u00fcrl\u00fc\u011f\u00fc, bir \u015fehirleraras\u0131 otob\u00fcs firmas\u0131yla i\u015fbirli\u011fi yaparak otob\u00fcslerde annelerin bebeklerini rahat\u00e7a emzirebilmesi i\u00e7in annelere \u00f6zel konfor alanlar\u0131 olu\u015fturulmas\u0131n\u0131 sa\u011flad\u0131.<\/p>\n<p>Firman\u0131n her otob\u00fcs\u00fcnde, annenin bebe\u011fiyle oturdu\u011fu yer kimsenin g\u00f6remeyece\u011fi \u015fekilde kapat\u0131larak anne ve bebek i\u00e7in konfor alan\u0131 olu\u015fturuldu. Bu sayede, uzun saatler yolculuk yapan anneler, olu\u015fturulan alanda bebeklerini rahat\u00e7a emzirip altlar\u0131n\u0131 rahat\u00e7a de\u011fi\u015ftirebiliyor.<\/p>\n<p><img decoding=\"async\" alt=\"\" src=\"https:\/\/www.aa.com.tr\/uploads\/userFiles\/9c85db40-ef31-40fe-a989-05c7e506d5d0\/08_2023%2F02082023%2Famasya1_.jpg\"\/><\/p>\n<p>Bunun yan\u0131nda \u0130l Sa\u011fl\u0131k M\u00fcd\u00fcrl\u00fc\u011f\u00fc anne s\u00fct\u00fcn\u00fcn \u00f6nemini de koltuk arkas\u0131nda bulunan videolarla da anlat\u0131yor. \u0130l Sa\u011fl\u0131k M\u00fcd\u00fcrl\u00fc\u011f\u00fc ve firman\u0131n i\u015fbirli\u011fi ile ikramlarda kullan\u0131lan karton bardaklarda da &#8220;\u0130lk 6 ay sadece anne s\u00fct\u00fc&#8221; yaz\u0131yor.<\/p>\n<p>Anne Esma Tosun, uygulaman\u0131n \u00e7ok g\u00fczel oldu\u011funu belirterek, \u015funlar\u0131 s\u00f6yledi:<\/p>\n<p>&#8220;\u015eehirleraras\u0131 yolculuk yapacakt\u0131m. Uygulamay\u0131 ger\u00e7ekten \u00e7ok g\u00fczel buldum. Emzirmem gerekti otob\u00fcsteyken ve yetkililere bunu bildirdi\u011fim zaman onlar da bana b\u00f6yle bir kolayl\u0131k sa\u011flad\u0131lar. \u00c7ok rahat yol boyunca emzirebildim. Bebe\u011fimin alt\u0131n\u0131 de\u011fi\u015ftirmekte ve emzirmekte hi\u00e7 s\u0131k\u0131nt\u0131 ya\u015famad\u0131m. Ger\u00e7ekten \u00e7ok konforlu bir aland\u0131. Bu konuyla ilgili hem firmaya hem de fikrin sahibi olan Amasya \u0130l Sa\u011fl\u0131k M\u00fcd\u00fcrl\u00fc\u011f\u00fcne ger\u00e7ekten \u00e7ok te\u015fekk\u00fcr ederim. Ayn\u0131 zamanda bu konula ilgili \u015funu belirtmek isterim ki ilk 6 ay anne s\u00fct\u00fcn\u00fc herkese tavsiye ediyorum. Bu \u015fekilde kolay emzirme alanlar\u0131 olduk\u00e7a da bunun da \u00f6n\u00fc a\u00e7\u0131lacakt\u0131r. O y\u00fczden de tekrar te\u015fekk\u00fcrlerimi iletiyorum.&#8221;<\/p>\n<p>\u0130l Sa\u011fl\u0131k M\u00fcd\u00fcrl\u00fc\u011f\u00fc Halk Sa\u011fl\u0131\u011f\u0131 Hizmetleri Ba\u015fkan\u0131 Dr. Nil\u00fcfer Tali ise &#8220;Amasya olarak 2006 y\u0131l\u0131ndan beri anne dostu iliz. Sa\u011fl\u0131k Bakanl\u0131\u011f\u0131m\u0131z\u0131n uygulad\u0131\u011f\u0131 ve takip etti\u011fi politikalar\u0131m\u0131zdan ama\u00e7 anne s\u00fct\u00fcn\u00fc yayg\u0131nla\u015ft\u0131rmak ve anneleri sosyal hayattan koparmadan hayata bebeklerle birlikte devam\u0131n\u0131 sa\u011flamak.&#8221; diye konu\u015ftu.<\/p>\n<p>Bebek Dostu \u0130l Koordinat\u00f6r\u00fc Ebe Gamzenur U\u00e7ar ise \u015funlar\u0131 dile getirdi:<\/p>\n<p>&#8220;Bu proje T\u00fcrkiye&#8217;de bir ilki temsil ediyor. Annelerimizi daha konforlu bir alana nas\u0131l ta\u015f\u0131yabiliriz diye d\u00fc\u015f\u00fcnd\u00fck. Firmam\u0131z da sa\u011f olsun bize destek verdi, projemize sahip \u00e7\u0131kt\u0131. Bu vesileyle de annelere daha konforlu bir alan, emzirmeleri i\u00e7in gayet g\u00fczel bir yer tasarlad\u0131k. Art\u0131k bebekler otob\u00fcse bindiklerinde a\u011flamayacaklar, mutlu yolculuk edecekler. Dolay\u0131s\u0131yla anneler otob\u00fcsleri daha \u00e7ok tercih edecekler diye d\u00fc\u015f\u00fcn\u00fcyorum.&#8221;<\/p>\n<p>\u0130l Sa\u011fl\u0131k M\u00fcd\u00fcrl\u00fc\u011f\u00fc uygulamay\u0131 b\u00fct\u00fcn \u015fehirleraras\u0131 otob\u00fcs firmalar\u0131nda yayg\u0131nla\u015ft\u0131rmay\u0131 hedefliyor.<\/p>\n<p>                            <span class=\"detay-foto-editor\">&#13;<br \/>\n                                <a href=\"https:\/\/www.aa.com.tr\/tr\/p\/abonelik-talep-formu\/1001\" target=\"_blank\" style=\"font-size:12px; color:#444; text-decoration:none;\" rel=\"noopener\">&#13;<br \/>\n                                    Anadolu Ajans\u0131 web sitesinde, AA Haber Ak\u0131\u015f Sistemi (HAS) \u00fczerinden abonelere sunulan haberler, \u00f6zetlenerek yay\u0131mlanmaktad\u0131r. <b style=\"color:#1897F7\">Abonelik i\u00e7in l\u00fctfen ileti\u015fime ge\u00e7iniz.<\/b>&#13;<br \/>\n                                <\/a>&#13;<br \/>\n                            <\/span>\n                        <\/div>\n<p><script>\n\t  window.fbAsyncInit = function() {\n\t\tFB.init({\n\t\t  appId: '1855843514662870',\n\t\t  status : true, \/\/ check login status\n\t\t  cookie : true, \/\/ enable cookies to allow the server to access the session\n\t\t  xfbml  : true  \/\/ parse XFBML\n\t\t});\n\t  };<\/p>\n<p>\t  (function() {\n\t\tvar e = document.createElement('script');\n\t\te.src=\"https:\/\/connect.facebook.net\/tr_TR\/all.js\";\n\t\te.async = true;\n\t\tdocument.getElementById('fb-root').appendChild(e);\n\t  }());\n    <\/script><\/p>\n","protected":false},"excerpt":{"rendered":"<p>Amasya \u0130l Sa\u011fl\u0131k M\u00fcd\u00fcrl\u00fc\u011f\u00fc anne s\u00fct\u00fcn\u00fc \u00f6zendirmek ve ilk 6 ay bebeklerin anne s\u00fct\u00fcyle beslenmesi i\u00e7in &#8220;Anne bebek dostu otob\u00fcs&#8221; uygulamas\u0131n\u0131 hayata ge\u00e7irdi. \u0130l Sa\u011fl\u0131k M\u00fcd\u00fcrl\u00fc\u011f\u00fc, bir \u015fehirleraras\u0131 otob\u00fcs firmas\u0131yla i\u015fbirli\u011fi yaparak otob\u00fcslerde annelerin bebeklerini rahat\u00e7a emzirebilmesi i\u00e7in annelere \u00f6zel konfor alanlar\u0131 olu\u015fturulmas\u0131n\u0131 sa\u011flad\u0131. Firman\u0131n her otob\u00fcs\u00fcnde, annenin bebe\u011fiyle oturdu\u011fu yer kimsenin g\u00f6remeyece\u011fi \u015fekilde kapat\u0131larak [&hellip;]<\/p>\n","protected":false},"author":1,"featured_media":10941,"comment_status":"","ping_status":"","sticky":false,"template":"","format":"standard","meta":[],"categories":[50],"tags":[],"_links":{"self":[{"href":"https:\/\/kraios.app\/news\/wp-json\/wp\/v2\/posts\/10940"}],"collection":[{"href":"https:\/\/kraios.app\/news\/wp-json\/wp\/v2\/posts"}],"about":[{"href":"https:\/\/kraios.app\/news\/wp-json\/wp\/v2\/types\/post"}],"author":[{"embeddable":true,"href":"https:\/\/kraios.app\/news\/wp-json\/wp\/v2\/users\/1"}],"replies":[{"embeddable":true,"href":"https:\/\/kraios.app\/news\/wp-json\/wp\/v2\/comments?post=10940"}],"version-history":[{"count":0,"href":"https:\/\/kraios.app\/news\/wp-json\/wp\/v2\/posts\/10940\/revisions"}],"wp:featuredmedia":[{"embeddable":true,"href":"https:\/\/kraios.app\/news\/wp-json\/wp\/v2\/media\/10941"}],"wp:attachment":[{"href":"https:\/\/kraios.app\/news\/wp-json\/wp\/v2\/media?parent=10940"}],"wp:term":[{"taxonomy":"category","embeddable":true,"href":"https:\/\/kraios.app\/news\/wp-json\/wp\/v2\/categories?post=10940"},{"taxonomy":"post_tag","embeddable":true,"href":"https:\/\/kraios.app\/news\/wp-json\/wp\/v2\/tags?post=10940"}],"curies":[{"name":"wp","href":"https:\/\/api.w.org\/{rel}","templated":true}]}}