{"id":10934,"date":"2023-08-02T17:38:58","date_gmt":"2023-08-02T17:38:58","guid":{"rendered":"https:\/\/kraios.app\/news\/spor\/2023\/08\/02\/bakan-bak-tff-baskani-buyukeksiyi-kabul-etti\/"},"modified":"2023-08-02T17:38:58","modified_gmt":"2023-08-02T17:38:58","slug":"bakan-bak-tff-baskani-buyukeksiyi-kabul-etti","status":"publish","type":"post","link":"https:\/\/kraios.app\/news\/spor\/2023\/08\/02\/bakan-bak-tff-baskani-buyukeksiyi-kabul-etti\/","title":{"rendered":"Bakan Bak, TFF Ba\u015fkan\u0131 B\u00fcy\u00fckek\u015fi&#039;yi kabul etti"},"content":{"rendered":"<p>Gen\u00e7lik ve Spor Bakan\u0131 Osman A\u015fk\u0131n Bak, T\u00fcrkiye Futbol Federasyonu (TFF) Ba\u015fkan\u0131 Mehmet B\u00fcy\u00fckek\u015fi&#8217;yi kabul etti.<\/p>\n","protected":false},"excerpt":{"rendered":"<p>Gen\u00e7lik ve Spor Bakan\u0131 Osman A\u015fk\u0131n Bak, T\u00fcrkiye Futbol Federasyonu (TFF) Ba\u015fkan\u0131 Mehmet B\u00fcy\u00fckek\u015fi&#8217;yi kabul etti.<\/p>\n","protected":false},"author":1,"featured_media":10935,"comment_status":"","ping_status":"","sticky":false,"template":"","format":"standard","meta":[],"categories":[48],"tags":[],"_links":{"self":[{"href":"https:\/\/kraios.app\/news\/wp-json\/wp\/v2\/posts\/10934"}],"collection":[{"href":"https:\/\/kraios.app\/news\/wp-json\/wp\/v2\/posts"}],"about":[{"href":"https:\/\/kraios.app\/news\/wp-json\/wp\/v2\/types\/post"}],"author":[{"embeddable":true,"href":"https:\/\/kraios.app\/news\/wp-json\/wp\/v2\/users\/1"}],"replies":[{"embeddable":true,"href":"https:\/\/kraios.app\/news\/wp-json\/wp\/v2\/comments?post=10934"}],"version-history":[{"count":0,"href":"https:\/\/kraios.app\/news\/wp-json\/wp\/v2\/posts\/10934\/revisions"}],"wp:featuredmedia":[{"embeddable":true,"href":"https:\/\/kraios.app\/news\/wp-json\/wp\/v2\/media\/10935"}],"wp:attachment":[{"href":"https:\/\/kraios.app\/news\/wp-json\/wp\/v2\/media?parent=10934"}],"wp:term":[{"taxonomy":"category","embeddable":true,"href":"https:\/\/kraios.app\/news\/wp-json\/wp\/v2\/categories?post=10934"},{"taxonomy":"post_tag","embeddable":true,"href":"https:\/\/kraios.app\/news\/wp-json\/wp\/v2\/tags?post=10934"}],"curies":[{"name":"wp","href":"https:\/\/api.w.org\/{rel}","templated":true}]}}