{"id":10925,"date":"2023-08-02T16:55:08","date_gmt":"2023-08-02T16:55:08","guid":{"rendered":"https:\/\/kraios.app\/news\/spor\/2023\/08\/02\/caykur-rizesporda-transfer-calismalari-suruyor\/"},"modified":"2023-08-02T16:55:08","modified_gmt":"2023-08-02T16:55:08","slug":"caykur-rizesporda-transfer-calismalari-suruyor","status":"publish","type":"post","link":"https:\/\/kraios.app\/news\/spor\/2023\/08\/02\/caykur-rizesporda-transfer-calismalari-suruyor\/","title":{"rendered":"\u00c7aykur Rizespor&#8217;da transfer \u00e7al\u0131\u015fmalar\u0131 s\u00fcr\u00fcyor"},"content":{"rendered":"<p><\/p>\n<div>\n<p>Trendyol S\u00fcper Lig ekiplerinden \u00c7aykur Rizespor&#8217;un teknik direkt\u00f6r\u00fc \u0130lhan Palut, Mehmet Cengiz Tesisleri&#8217;ndeki antrenman \u00f6ncesinde gazetecilere yapt\u0131\u011f\u0131 a\u00e7\u0131klamada, g\u00f6reve geldikleri ilk g\u00fcnden beri oyuncu belirleme konusunda yo\u011fun \u00e7al\u0131\u015fma i\u00e7inde olduklar\u0131 belirtti.<\/p>\n<p>Bazen son dakika p\u00fcr\u00fczleri ya da \u00e7e\u015fitli fakt\u00f6rler dolay\u0131s\u0131yla istedikleri transferleri yapamad\u0131klar\u0131n\u0131 vurgulayan Palut, &#8220;Biz \u015fu anda bir panik durumuna ge\u00e7ersek \u00fcst \u00fcste hatalar yapabiliriz. Onun i\u00e7in biz hata yapmak istemiyoruz. Ge\u00e7 oldu do\u011fru, ge\u00e7 olacak do\u011fru ama biz buraya iyi oyuncular alarak desteklemek istiyoruz. \u00c7\u00fcnk\u00fc bu kul\u00fcp, \u00e7ok yo\u011fun futbolcular\u0131n gelip gitti\u011fi bir tak\u0131m. Biz de buraya do\u011fru oyuncularla destek vermek istiyoruz.&#8221; dedi.<\/p>\n<p>Palut, \u00e7al\u0131\u015fmalar\u0131n s\u00fcrd\u00fc\u011f\u00fcn\u00fcn alt\u0131n\u0131 \u00e7izerek, &#8220;Transferinde sona yakla\u015f\u0131lan oyuncular var. En k\u0131sa s\u00fcrede tak\u0131m\u0131m\u0131z do\u011fru isimlerle anla\u015facakt\u0131r.&#8221; diye konu\u015ftu.<\/p>\n<p>Transferde bir\u00e7ok oyuncuya ihtiya\u00e7lar\u0131 oldu\u011funu aktaran Palut, \u015fu de\u011ferlendirmede bulundu:<\/p>\n<p>&#8220;Transferde mevki veya say\u0131 vermenin bir anlam\u0131 yok ama hat\u0131r\u0131 say\u0131l\u0131r oyuncu almak istiyoruz. B\u00fcnyemizde \u00e7ok fazla gen\u00e7 oyuncu var. Transferlerden sonra onlarla devam etme \u015fans\u0131m\u0131z pek olmayabilir. Alanyaspor&#8217;dan Arnaud Lusamba ve \u0130spanyol oyuncu Oscar Pinchi ile g\u00f6r\u00fc\u015fmelerimiz devam ediyor. Bug\u00fcne kadar yap\u0131lan transferler daha \u00e7ok gelece\u011fe y\u00f6nelik oyuncular oldu. \u0130n\u015fallah bu oyuncular uzun vadede yararl\u0131 olacak kul\u00fcb\u00fcm\u00fcze. Bundan sonra bizim olan ihtiyac\u0131m\u0131z daha \u00e7ok S\u00fcper Lig&#8217;de direk oynayabilecek oyuncular olacak.&#8221;<\/p>\n<p>Palut, Rizespor ile \u00e7ok g\u00fczel \u015feyler yapmak istedi\u011fine dikkati \u00e7ekerek, \u015f\u00f6yle devam etti:<\/p>\n<p>&#8220;\u0130lk olarak tak\u0131m\u0131n kurulum a\u015famas\u0131n\u0131n bitmesi laz\u0131m. Transferde say\u0131 vermek istemiyorum, \u00e7ok oyuncuya ihtiya\u00e7 var. Ne kadar oyuncu gelirse bizim i\u00e7in o kadar iyi olur ama transfer bask\u0131s\u0131 alt\u0131nda, &#8216;Bu da gelsin&#8217;, &#8216;O oyuncuyu da alal\u0131m&#8217;, &#8216;Tamam ne yapal\u0131m bunu \u00e7ok be\u011fenmedik ama \u015fu anda oyuncumuz yok, bunu da alal\u0131m&#8217; noktas\u0131nda de\u011filiz. Hala iyi oyunculara gitmeye \u00e7al\u0131\u015f\u0131yoruz. Gerekirse lige \u00e7ok ideal olmayan bir kadro ile ba\u015flama pahas\u0131na gidiyoruz. Ke\u015fke daha \u00f6nce istenilen oyuncular Rize&#8217;ye gelse, tam kadro \u00e7al\u0131\u015fabilsek.&#8221;<\/p>\n<p>Teknik direkt\u00f6r Palut, &#8220;Gelinen noktada endi\u015fe duyuyor musunuz?&#8221; sorusu \u00fczerine, &#8220;Hi\u00e7bir endi\u015fem yok, orta ve uzun vadede asla endi\u015fem yok. \u0130stenilen kadro olu\u015fmad\u0131 ama bu demek de\u011fildir ligin ba\u015f\u0131nda istenilmeyen sonu\u00e7lar\u0131 alaca\u011f\u0131z.&#8221; yan\u0131t\u0131n\u0131 verdi.<\/p>\n<p>Palut, ellerinde bir kadro bulundu\u011fu i\u00e7in &#8220;Yand\u0131k, bittik, ne yapaca\u011f\u0131z?&#8221; durumunda olmad\u0131klar\u0131n\u0131, en iyisini yapmak i\u00e7in \u00e7al\u0131\u015ft\u0131klar\u0131n\u0131 s\u00f6zlerine ekledi.<\/p>\n<p>                            <span class=\"detay-foto-editor\">&#13;<br \/>\n                                <a href=\"https:\/\/www.aa.com.tr\/tr\/p\/abonelik-talep-formu\/1001\" target=\"_blank\" style=\"font-size:12px; color:#444; text-decoration:none;\" rel=\"noopener\">&#13;<br \/>\n                                    Anadolu Ajans\u0131 web sitesinde, AA Haber Ak\u0131\u015f Sistemi (HAS) \u00fczerinden abonelere sunulan haberler, \u00f6zetlenerek yay\u0131mlanmaktad\u0131r. <b style=\"color:#1897F7\">Abonelik i\u00e7in l\u00fctfen ileti\u015fime ge\u00e7iniz.<\/b>&#13;<br \/>\n                                <\/a>&#13;<br \/>\n                            <\/span>\n                        <\/div>\n<p><script>\n\t  window.fbAsyncInit = function() {\n\t\tFB.init({\n\t\t  appId: '1855843514662870',\n\t\t  status : true, \/\/ check login status\n\t\t  cookie : true, \/\/ enable cookies to allow the server to access the session\n\t\t  xfbml  : true  \/\/ parse XFBML\n\t\t});\n\t  };<\/p>\n<p>\t  (function() {\n\t\tvar e = document.createElement('script');\n\t\te.src=\"https:\/\/connect.facebook.net\/tr_TR\/all.js\";\n\t\te.async = true;\n\t\tdocument.getElementById('fb-root').appendChild(e);\n\t  }());\n    <\/script><\/p>\n","protected":false},"excerpt":{"rendered":"<p>Trendyol S\u00fcper Lig ekiplerinden \u00c7aykur Rizespor&#8217;un teknik direkt\u00f6r\u00fc \u0130lhan Palut, Mehmet Cengiz Tesisleri&#8217;ndeki antrenman \u00f6ncesinde gazetecilere yapt\u0131\u011f\u0131 a\u00e7\u0131klamada, g\u00f6reve geldikleri ilk g\u00fcnden beri oyuncu belirleme konusunda yo\u011fun \u00e7al\u0131\u015fma i\u00e7inde olduklar\u0131 belirtti. Bazen son dakika p\u00fcr\u00fczleri ya da \u00e7e\u015fitli fakt\u00f6rler dolay\u0131s\u0131yla istedikleri transferleri yapamad\u0131klar\u0131n\u0131 vurgulayan Palut, &#8220;Biz \u015fu anda bir panik durumuna ge\u00e7ersek \u00fcst \u00fcste hatalar [&hellip;]<\/p>\n","protected":false},"author":1,"featured_media":10926,"comment_status":"","ping_status":"","sticky":false,"template":"","format":"standard","meta":[],"categories":[48],"tags":[],"_links":{"self":[{"href":"https:\/\/kraios.app\/news\/wp-json\/wp\/v2\/posts\/10925"}],"collection":[{"href":"https:\/\/kraios.app\/news\/wp-json\/wp\/v2\/posts"}],"about":[{"href":"https:\/\/kraios.app\/news\/wp-json\/wp\/v2\/types\/post"}],"author":[{"embeddable":true,"href":"https:\/\/kraios.app\/news\/wp-json\/wp\/v2\/users\/1"}],"replies":[{"embeddable":true,"href":"https:\/\/kraios.app\/news\/wp-json\/wp\/v2\/comments?post=10925"}],"version-history":[{"count":0,"href":"https:\/\/kraios.app\/news\/wp-json\/wp\/v2\/posts\/10925\/revisions"}],"wp:featuredmedia":[{"embeddable":true,"href":"https:\/\/kraios.app\/news\/wp-json\/wp\/v2\/media\/10926"}],"wp:attachment":[{"href":"https:\/\/kraios.app\/news\/wp-json\/wp\/v2\/media?parent=10925"}],"wp:term":[{"taxonomy":"category","embeddable":true,"href":"https:\/\/kraios.app\/news\/wp-json\/wp\/v2\/categories?post=10925"},{"taxonomy":"post_tag","embeddable":true,"href":"https:\/\/kraios.app\/news\/wp-json\/wp\/v2\/tags?post=10925"}],"curies":[{"name":"wp","href":"https:\/\/api.w.org\/{rel}","templated":true}]}}