{"id":10910,"date":"2023-08-02T15:05:56","date_gmt":"2023-08-02T15:05:56","guid":{"rendered":"https:\/\/kraios.app\/news\/yasam\/2023\/08\/02\/diyarbakirda-sicaktan-bunalan-mandalar-goletlerde-serinliyor\/"},"modified":"2023-08-02T15:05:56","modified_gmt":"2023-08-02T15:05:56","slug":"diyarbakirda-sicaktan-bunalan-mandalar-goletlerde-serinliyor","status":"publish","type":"post","link":"https:\/\/kraios.app\/news\/yasam\/2023\/08\/02\/diyarbakirda-sicaktan-bunalan-mandalar-goletlerde-serinliyor\/","title":{"rendered":"Diyarbak\u0131r&#8217;da s\u0131caktan bunalan mandalar g\u00f6letlerde serinliyor"},"content":{"rendered":"<p><\/p>\n<div>\n<p>Yeni\u015fehir Kaymakam\u0131 ve Belediye Ba\u015fkan Vekili Murat Be\u015fikci&#8217;nin talimat\u0131yla belediye b\u00fcnyesinde olu\u015fturulan K\u0131rsal Hizmetler M\u00fcd\u00fcrl\u00fc\u011f\u00fc il\u00e7edeki 30&#8217;u k\u0131rsal 42 mahallede saha \u00e7al\u0131\u015fmas\u0131 yapt\u0131.<\/p>\n<p>Sahada yap\u0131lan incelemeler sonucu kavurucu s\u0131caklar\u0131n ya\u015fand\u0131\u011f\u0131 yaz aylar\u0131nda il\u00e7e k\u0131rsal\u0131nda yeti\u015ftirilen mandalar\u0131n serinlemesi i\u00e7in g\u00f6letlere ihtiya\u00e7 duyuldu\u011fu tespit edildi.<\/p>\n<p><img decoding=\"async\" alt=\"\" src=\"https:\/\/www.aa.com.tr\/uploads\/userFiles\/54a427bf-71c5-4e63-a83d-6196709e92a3\/009_2023%2F005_2023%2F30_Agustos%2F07%2F20230802_2_59740602_91554816.jpg\"\/><\/p>\n<p>Vatanda\u015flardan gelen talep \u00fczerine ekiplerce y\u00fcr\u00fct\u00fclen \u0131slah \u00e7al\u0131\u015fmalar\u0131 sonucu mevcut 4 g\u00f6let yeniden d\u00fczenlenirken, il\u00e7eye yeni 5 g\u00f6let yap\u0131ld\u0131.<\/p>\n<p>Diyarbak\u0131r&#8217;\u0131n manda varl\u0131\u011f\u0131 a\u00e7\u0131s\u0131ndan Samsun&#8217;dan sonra T\u00fcrkiye&#8217;de ikinci s\u0131rada yer ald\u0131\u011f\u0131n\u0131 belirleyen ekipler, mandalar i\u00e7in g\u00f6let yapman\u0131n yan\u0131 s\u0131ra besicilere yem deste\u011finde de bulundu.<\/p>\n<p><img decoding=\"async\" alt=\"\" src=\"https:\/\/www.aa.com.tr\/uploads\/userFiles\/54a427bf-71c5-4e63-a83d-6196709e92a3\/009_2023%2F005_2023%2F30_Agustos%2F07%2F20230802_2_59740602_91554819.jpg\"\/><\/p>\n<p>S\u0131cakl\u0131\u011f\u0131n zaman zaman 40 dereceyi a\u015ft\u0131\u011f\u0131, hissedilen s\u0131cakl\u0131\u011f\u0131n ise 45 dereceye ula\u015ft\u0131\u011f\u0131 kentte, mandalar olu\u015fturulan g\u00f6letlerde serinledi.<\/p>\n<p>G\u00fcn\u00fcn belirli saatlerinde suya giren mandalar hava s\u0131cakl\u0131\u011f\u0131n\u0131n d\u00fc\u015ft\u00fc\u011f\u00fc saatlerde sudan \u00e7\u0131kar\u0131larak otlat\u0131l\u0131yor.<\/p>\n<p>\u0130l\u00e7enin 45 haneli Alpu k\u00f6y\u00fcnde yeti\u015ftirilen yakla\u015f\u0131k 350 manda da serinlemek i\u00e7in belediyenin sundu\u011fu g\u00f6letten faydalan\u0131yor.<\/p>\n<p><img decoding=\"async\" alt=\"\" src=\"https:\/\/www.aa.com.tr\/uploads\/userFiles\/54a427bf-71c5-4e63-a83d-6196709e92a3\/009_2023%2F005_2023%2F30_Agustos%2F07%2F20230802_2_59740602_91554822.jpg\"\/><\/p>\n<h3>&#8220;G\u00f6letler i\u00e7in belediyeye te\u015fekk\u00fcr ediyoruz&#8221;<\/h3>\n<p>Alpu k\u00f6y\u00fcnde besicilik yapan Nesih Atl\u0131, AA muhabirine, Yeni\u015fehir Belediyesinin deste\u011fiyle k\u00f6ydeki eski bir g\u00f6letin yeniden d\u00fczenlendi\u011fini, ayr\u0131ca k\u00f6yde 2 yeni g\u00f6let olu\u015fturuldu\u011funu s\u00f6yledi.<\/p>\n<p>Bunalt\u0131c\u0131 s\u0131caklar\u0131n ya\u015fand\u0131\u011f\u0131 saatlerde mandalar\u0131 g\u00f6lete getirdiklerini belirten Atl\u0131, &#8220;Mandalar su olmadan ya\u015fayamazlar. \u00d6zellikle de Diyarbak\u0131r&#8217;\u0131n bu s\u0131cakl\u0131\u011f\u0131nda bu g\u00f6letler olmal\u0131. Mandalar bu g\u00f6letleri yaz\u0131n serinlemek, baharda da i\u00e7me suyu olarak kullan\u0131yor. Bu nedenle avantajl\u0131.&#8221; dedi.<\/p>\n<p><img decoding=\"async\" alt=\"\" src=\"https:\/\/www.aa.com.tr\/uploads\/userFiles\/54a427bf-71c5-4e63-a83d-6196709e92a3\/009_2023%2F005_2023%2F30_Agustos%2F07%2F20230802_2_59740602_91554824.jpg\"\/><\/p>\n<p>K\u00f6ylerine g\u00f6let yap\u0131lmas\u0131ndan duyduklar\u0131 memnuniyeti dile getiren Atl\u0131, saat 11.00 gibi g\u00f6lete giren mandalar\u0131n saat 15.00 gibi sudan \u00e7\u0131kt\u0131\u011f\u0131n\u0131 aktard\u0131.<\/p>\n<p>Atl\u0131, &#8220;Bu g\u00f6letleri sa\u011flad\u0131\u011f\u0131 i\u00e7in belediyeye te\u015fekk\u00fcr ediyoruz. Bu g\u00f6letler i\u015fimize \u00e7ok yar\u0131yor. Bu mevsimde hayvanlar i\u00e7in \u00e7ok iyi.&#8221; diye konu\u015ftu.<\/p>\n<p>                            <span class=\"detay-foto-editor\">&#13;<br \/>\n                                <a href=\"https:\/\/www.aa.com.tr\/tr\/p\/abonelik-talep-formu\/1001\" target=\"_blank\" style=\"font-size:12px; color:#444; text-decoration:none;\" rel=\"noopener\">&#13;<br \/>\n                                    Anadolu Ajans\u0131 web sitesinde, AA Haber Ak\u0131\u015f Sistemi (HAS) \u00fczerinden abonelere sunulan haberler, \u00f6zetlenerek yay\u0131mlanmaktad\u0131r. <b style=\"color:#1897F7\">Abonelik i\u00e7in l\u00fctfen ileti\u015fime ge\u00e7iniz.<\/b>&#13;<br \/>\n                                <\/a>&#13;<br \/>\n                            <\/span>\n                        <\/div>\n<p><script>\n\t  window.fbAsyncInit = function() {\n\t\tFB.init({\n\t\t  appId: '1855843514662870',\n\t\t  status : true, \/\/ check login status\n\t\t  cookie : true, \/\/ enable cookies to allow the server to access the session\n\t\t  xfbml  : true  \/\/ parse XFBML\n\t\t});\n\t  };<\/p>\n<p>\t  (function() {\n\t\tvar e = document.createElement('script');\n\t\te.src=\"https:\/\/connect.facebook.net\/tr_TR\/all.js\";\n\t\te.async = true;\n\t\tdocument.getElementById('fb-root').appendChild(e);\n\t  }());\n    <\/script><\/p>\n","protected":false},"excerpt":{"rendered":"<p>Yeni\u015fehir Kaymakam\u0131 ve Belediye Ba\u015fkan Vekili Murat Be\u015fikci&#8217;nin talimat\u0131yla belediye b\u00fcnyesinde olu\u015fturulan K\u0131rsal Hizmetler M\u00fcd\u00fcrl\u00fc\u011f\u00fc il\u00e7edeki 30&#8217;u k\u0131rsal 42 mahallede saha \u00e7al\u0131\u015fmas\u0131 yapt\u0131. Sahada yap\u0131lan incelemeler sonucu kavurucu s\u0131caklar\u0131n ya\u015fand\u0131\u011f\u0131 yaz aylar\u0131nda il\u00e7e k\u0131rsal\u0131nda yeti\u015ftirilen mandalar\u0131n serinlemesi i\u00e7in g\u00f6letlere ihtiya\u00e7 duyuldu\u011fu tespit edildi. Vatanda\u015flardan gelen talep \u00fczerine ekiplerce y\u00fcr\u00fct\u00fclen \u0131slah \u00e7al\u0131\u015fmalar\u0131 sonucu mevcut 4 g\u00f6let [&hellip;]<\/p>\n","protected":false},"author":1,"featured_media":10911,"comment_status":"","ping_status":"","sticky":false,"template":"","format":"standard","meta":[],"categories":[50],"tags":[],"_links":{"self":[{"href":"https:\/\/kraios.app\/news\/wp-json\/wp\/v2\/posts\/10910"}],"collection":[{"href":"https:\/\/kraios.app\/news\/wp-json\/wp\/v2\/posts"}],"about":[{"href":"https:\/\/kraios.app\/news\/wp-json\/wp\/v2\/types\/post"}],"author":[{"embeddable":true,"href":"https:\/\/kraios.app\/news\/wp-json\/wp\/v2\/users\/1"}],"replies":[{"embeddable":true,"href":"https:\/\/kraios.app\/news\/wp-json\/wp\/v2\/comments?post=10910"}],"version-history":[{"count":0,"href":"https:\/\/kraios.app\/news\/wp-json\/wp\/v2\/posts\/10910\/revisions"}],"wp:featuredmedia":[{"embeddable":true,"href":"https:\/\/kraios.app\/news\/wp-json\/wp\/v2\/media\/10911"}],"wp:attachment":[{"href":"https:\/\/kraios.app\/news\/wp-json\/wp\/v2\/media?parent=10910"}],"wp:term":[{"taxonomy":"category","embeddable":true,"href":"https:\/\/kraios.app\/news\/wp-json\/wp\/v2\/categories?post=10910"},{"taxonomy":"post_tag","embeddable":true,"href":"https:\/\/kraios.app\/news\/wp-json\/wp\/v2\/tags?post=10910"}],"curies":[{"name":"wp","href":"https:\/\/api.w.org\/{rel}","templated":true}]}}