{"id":10905,"date":"2023-08-02T14:52:40","date_gmt":"2023-08-02T14:52:40","guid":{"rendered":"https:\/\/kraios.app\/news\/spor\/2023\/08\/02\/buffon-futbola-veda-etti\/"},"modified":"2023-08-02T14:52:40","modified_gmt":"2023-08-02T14:52:40","slug":"buffon-futbola-veda-etti","status":"publish","type":"post","link":"https:\/\/kraios.app\/news\/spor\/2023\/08\/02\/buffon-futbola-veda-etti\/","title":{"rendered":"Buffon futbola veda etti"},"content":{"rendered":"<p>\u0130talya Milli Tak\u0131m\u0131&#8217;n\u0131n unutulmaz kalecisi Gianluigi Buffon, \u0130talya \u0130kinci Futbol Ligi (Serie B) ekibi Parma&#8217;da s\u00fcrd\u00fcrd\u00fc\u011f\u00fc aktif kariyerini noktalad\u0131.<\/p>\n","protected":false},"excerpt":{"rendered":"<p>\u0130talya Milli Tak\u0131m\u0131&#8217;n\u0131n unutulmaz kalecisi Gianluigi Buffon, \u0130talya \u0130kinci Futbol Ligi (Serie B) ekibi Parma&#8217;da s\u00fcrd\u00fcrd\u00fc\u011f\u00fc aktif kariyerini noktalad\u0131.<\/p>\n","protected":false},"author":1,"featured_media":10906,"comment_status":"","ping_status":"","sticky":false,"template":"","format":"standard","meta":[],"categories":[48],"tags":[],"_links":{"self":[{"href":"https:\/\/kraios.app\/news\/wp-json\/wp\/v2\/posts\/10905"}],"collection":[{"href":"https:\/\/kraios.app\/news\/wp-json\/wp\/v2\/posts"}],"about":[{"href":"https:\/\/kraios.app\/news\/wp-json\/wp\/v2\/types\/post"}],"author":[{"embeddable":true,"href":"https:\/\/kraios.app\/news\/wp-json\/wp\/v2\/users\/1"}],"replies":[{"embeddable":true,"href":"https:\/\/kraios.app\/news\/wp-json\/wp\/v2\/comments?post=10905"}],"version-history":[{"count":0,"href":"https:\/\/kraios.app\/news\/wp-json\/wp\/v2\/posts\/10905\/revisions"}],"wp:featuredmedia":[{"embeddable":true,"href":"https:\/\/kraios.app\/news\/wp-json\/wp\/v2\/media\/10906"}],"wp:attachment":[{"href":"https:\/\/kraios.app\/news\/wp-json\/wp\/v2\/media?parent=10905"}],"wp:term":[{"taxonomy":"category","embeddable":true,"href":"https:\/\/kraios.app\/news\/wp-json\/wp\/v2\/categories?post=10905"},{"taxonomy":"post_tag","embeddable":true,"href":"https:\/\/kraios.app\/news\/wp-json\/wp\/v2\/tags?post=10905"}],"curies":[{"name":"wp","href":"https:\/\/api.w.org\/{rel}","templated":true}]}}