{"id":10879,"date":"2023-08-02T08:51:01","date_gmt":"2023-08-02T08:51:01","guid":{"rendered":"https:\/\/kraios.app\/news\/spor\/2023\/08\/02\/milli-motosikletciler-3-ulkede-piste-cikacak\/"},"modified":"2023-08-02T08:51:01","modified_gmt":"2023-08-02T08:51:01","slug":"milli-motosikletciler-3-ulkede-piste-cikacak","status":"publish","type":"post","link":"https:\/\/kraios.app\/news\/spor\/2023\/08\/02\/milli-motosikletciler-3-ulkede-piste-cikacak\/","title":{"rendered":"Milli motosiklet\u00e7iler 3 \u00fclkede piste \u00e7\u0131kacak"},"content":{"rendered":"<p>Milli motosiklet\u00e7iler hafta sonunda \u0130ngiltere, H\u0131rvatistan ve \u0130talya\u2019da d\u00fczenlenecek \u015fampiyonalarda T\u00fcrkiye&#8217;yi temsil edecek.<\/p>\n","protected":false},"excerpt":{"rendered":"<p>Milli motosiklet\u00e7iler hafta sonunda \u0130ngiltere, H\u0131rvatistan ve \u0130talya\u2019da d\u00fczenlenecek \u015fampiyonalarda T\u00fcrkiye&#8217;yi temsil edecek.<\/p>\n","protected":false},"author":1,"featured_media":10880,"comment_status":"","ping_status":"","sticky":false,"template":"","format":"standard","meta":[],"categories":[48],"tags":[],"_links":{"self":[{"href":"https:\/\/kraios.app\/news\/wp-json\/wp\/v2\/posts\/10879"}],"collection":[{"href":"https:\/\/kraios.app\/news\/wp-json\/wp\/v2\/posts"}],"about":[{"href":"https:\/\/kraios.app\/news\/wp-json\/wp\/v2\/types\/post"}],"author":[{"embeddable":true,"href":"https:\/\/kraios.app\/news\/wp-json\/wp\/v2\/users\/1"}],"replies":[{"embeddable":true,"href":"https:\/\/kraios.app\/news\/wp-json\/wp\/v2\/comments?post=10879"}],"version-history":[{"count":0,"href":"https:\/\/kraios.app\/news\/wp-json\/wp\/v2\/posts\/10879\/revisions"}],"wp:featuredmedia":[{"embeddable":true,"href":"https:\/\/kraios.app\/news\/wp-json\/wp\/v2\/media\/10880"}],"wp:attachment":[{"href":"https:\/\/kraios.app\/news\/wp-json\/wp\/v2\/media?parent=10879"}],"wp:term":[{"taxonomy":"category","embeddable":true,"href":"https:\/\/kraios.app\/news\/wp-json\/wp\/v2\/categories?post=10879"},{"taxonomy":"post_tag","embeddable":true,"href":"https:\/\/kraios.app\/news\/wp-json\/wp\/v2\/tags?post=10879"}],"curies":[{"name":"wp","href":"https:\/\/api.w.org\/{rel}","templated":true}]}}