{"id":10873,"date":"2023-08-02T07:20:07","date_gmt":"2023-08-02T07:20:07","guid":{"rendered":"https:\/\/kraios.app\/news\/yasam\/2023\/08\/02\/elazigli-muzik-tutkunu-berber-musterilerini-turkuler-esliginde-tiras-ediyor\/"},"modified":"2023-08-02T07:20:07","modified_gmt":"2023-08-02T07:20:07","slug":"elazigli-muzik-tutkunu-berber-musterilerini-turkuler-esliginde-tiras-ediyor","status":"publish","type":"post","link":"https:\/\/kraios.app\/news\/yasam\/2023\/08\/02\/elazigli-muzik-tutkunu-berber-musterilerini-turkuler-esliginde-tiras-ediyor\/","title":{"rendered":"Elaz\u0131\u011fl\u0131 m\u00fczik tutkunu berber m\u00fc\u015fterilerini t\u00fcrk\u00fcler e\u015fli\u011finde t\u0131ra\u015f ediyor"},"content":{"rendered":"<p><\/p>\n<div>\n<p>\u00c7ar\u015f\u0131 Mahallesi&#8217;nde 30 y\u0131ld\u0131r berber Sar\u0131\u00e7i\u00e7ek, ya\u015fad\u0131\u011f\u0131 k\u00f6yde televizyon olmad\u0131\u011f\u0131 i\u00e7in radyoda dinledi\u011fi t\u00fcrk\u00fclerle m\u00fczi\u011fe ilgi duymaya ba\u015flad\u0131.<\/p>\n<p>Radyoda duydu\u011fu t\u00fcrk\u00fcleri ezberleyerek, ba\u011fda, bah\u00e7ede, tarlada, \u00e7e\u015fme ba\u015f\u0131nda ya da k\u00f6ydeki evlerde dost sohbetlerinde seslendiren Sar\u0131\u00e7\u0131\u00e7ek&#8217;in sesinin g\u00fczelli\u011fi zamanla dikkat \u00e7ekmeye ba\u015flad\u0131.<\/p>\n<p>B\u00fcrokrat olan bir hem\u015fehrisinin &#8220;Ankara&#8217;ya gel, T\u00fcrk Halk M\u00fczi\u011fi e\u011fitimi al.&#8221; teklifini de annesinin &#8220;T\u00fcrk\u00fcc\u00fc olmak da nedir? diye kar\u015f\u0131 \u00e7\u0131kmas\u0131 \u00fczerine kabul edemeyen Sar\u0131\u00e7\u0131\u00e7ek, sahnede t\u00fcrk\u00fcler seslendirme hayalini ger\u00e7ekle\u015ftirebilmek i\u00e7in bir daha f\u0131rsat bulamad\u0131.<\/p>\n<p>T\u00fcrk halk m\u00fczi\u011fi sanat\u00e7\u0131s\u0131 olma hayali i\u00e7inde ukde kalan, bu hevesi gidermek i\u00e7in m\u00fc\u015fterilerine seslendirdi\u011fi t\u00fcrk\u00fcler e\u015fli\u011finde sa\u00e7 sakal t\u0131ra\u015f\u0131 yapan Sar\u0131\u00e7i\u00e7ek, seslendirdi\u011fi birbirinden g\u00fczel t\u00fcrk\u00fclerle d\u00fckkan\u0131nda m\u00fc\u015fterilerine adeta s\u0131ra gecesi atmosferi ya\u015fat\u0131yor.<\/p>\n<p>T\u0131ra\u015f yapt\u0131r\u0131rken t\u00fcrk\u00fcler dinleyerek moral bulan, zaman zaman ak\u0131\u015flarla t\u00fcrk\u00fclere e\u015flik eden m\u00fc\u015fteriler bir sonraki randevular\u0131n\u0131 iple \u00e7ekiyor.<\/p>\n<p><img decoding=\"async\" alt=\"\" src=\"https:\/\/www.aa.com.tr\/uploads\/userFiles\/76bad36d-1411-48e8-a1ae-b65e58872c06\/01.06%2F14%2F8%2FAA-31815168.jpg\"\/><\/p>\n<h3>&#8220;Rabb&#8217;im bu g\u00fczel sesi bah\u015fetmi\u015f, bunu insanlardan niye esirgeyelim?&#8221;<\/h3>\n<p>Berber Kahraman Sar\u0131\u00e7i\u00e7ek, AA muhabirine, T\u00fcrk Halk M\u00fczi\u011fi sanat\u00e7\u0131s\u0131 olma hayaliyle b\u00fcy\u00fcd\u00fc\u011f\u00fcn\u00fc fakat annesinin kar\u015f\u0131 \u00e7\u0131kmas\u0131 \u00fczerine bu alanda ilerleyemedi\u011fini s\u00f6yledi.<\/p>\n<p>Bu arzusunu hala i\u00e7inde ta\u015f\u0131d\u0131\u011f\u0131n\u0131 ifade eden Sar\u0131\u00e7i\u00e7ek, \u015funlar\u0131 s\u00f6yledi:<\/p>\n<p>&#8220;\u00c7ocukluk d\u00f6nemimde k\u00f6yl\u00fclerimizden biri beni Ankara Radyosu&#8217;na g\u00f6t\u00fcrmek istedi. K\u00f6yde o g\u00fcnk\u00fc hayat \u015fartlar\u0131ndan dolay\u0131 ailem buna m\u00fcsaade etmedi. Ke\u015fke gitmi\u015f olsayd\u0131m. Hayalimi ger\u00e7ekle\u015ftirememi\u015f olman\u0131n eksikli\u011fini hala ya\u015f\u0131yorum. Halbuki Allah vergisi bir sesim vard\u0131.&#8221;<\/p>\n<p>Berberlik mesle\u011fiyle de gurur duydu\u011funu ifade eden Sar\u0131\u00e7i\u00e7ek, t\u00fcrk\u00fc seslendirerek yapt\u0131\u011f\u0131 i\u015fini severek s\u00fcrd\u00fcrd\u00fc\u011f\u00fcn\u00fc belirtti.<\/p>\n<p>Sar\u0131\u00e7i\u00e7ek, &#8220;M\u00fc\u015fterilerimiz memnun kal\u0131yor. \u00c7\u00fcnk\u00fc t\u0131ra\u015f esnas\u0131nda canl\u0131 m\u00fczik dinlemek herkese nasip olmaz. Rabb&#8217;im bu g\u00fczel sesi bah\u015fetmi\u015f, bunu insanlardan niye esirgeyelim? Bunu hobi olarak yap\u0131yorum.&#8221; dedi.<\/p>\n<p>T\u00fcrk\u00fc s\u00f6ylerken sesini duyan vatanda\u015flar\u0131n merak edip d\u00fckkana geldi\u011fini anlatan Sar\u0131\u00e7i\u00e7ek, seslendirdi\u011fi farkl\u0131 y\u00f6relere ait t\u00fcrk\u00fclerin be\u011feni g\u00f6rd\u00fc\u011f\u00fcn\u00fc anlatt\u0131.<\/p>\n<p><img decoding=\"async\" alt=\"\" src=\"https:\/\/www.aa.com.tr\/uploads\/userFiles\/76bad36d-1411-48e8-a1ae-b65e58872c06\/01.06%2F14%2F8%2FAA-31815166.jpg\"\/><\/p>\n<p>Sar\u0131\u00e7i\u00e7ek, &#8220;Hi\u00e7 unutmam ge\u00e7en y\u0131l Ramazan Bayram\u0131 arifesi, d\u00fckkan m\u00fc\u015fteri dolu, kendimi kapt\u0131rm\u0131\u015f\u0131m, t\u00fcrk\u00fcler s\u00f6yl\u00fcyorum. Bu esnada bir vatanda\u015f e\u015fi ve \u00e7ocuklar\u0131yla d\u00fckkana girdi, tan\u0131\u015ft\u0131k. Bayram tatili i\u00e7in yurt d\u0131\u015f\u0131ndan gelmi\u015f. Bana &#8216;A\u011fabey ne g\u00fczel bir sesin var. Sen niye berberlik yap\u0131yorsun, niye sanat\u00e7\u0131 olmam\u0131\u015fs\u0131n, bu sesi niye burada harcam\u0131\u015fs\u0131n?&#8217; dedi. Bu s\u00f6zleri beni \u00e7ok mutlu etmi\u015fti, bir s\u00fcre onlar\u0131 misafir ettim. Kendisine, t\u00fcrk\u00fc s\u00f6ylemeyi art\u0131k hobi olarak yapt\u0131\u011f\u0131m\u0131 belirttim.&#8221; ifadelerini kulland\u0131.<\/p>\n<p>Sesinin g\u00fczelli\u011fi nedeniyle t\u00fcrk\u00fc s\u00f6ylerken merak edip d\u00fckkan\u0131na gelen insanlar sayesinde bir\u00e7ok dost ve m\u00fc\u015fteri de kazand\u0131\u011f\u0131n\u0131 belirten Sar\u0131\u00e7i\u00e7ek, imkan bulmas\u0131 halinde bir radyo veya televizyon program\u0131nda t\u00fcrk\u00fc seslendirmek istedi\u011fini s\u00f6zlerine ekledi.<\/p>\n<h3>M\u00fc\u015fterileri sesine hayranl\u0131k duyuyor<\/h3>\n<p>M\u00fc\u015fterilerinden Selahattin Canpolat, Sar\u0131\u00e7i\u00e7ek&#8217;in esnafl\u0131\u011f\u0131 kadar sesini de \u00e7ok be\u011fendiklerini anlatarak, seslendirdi\u011fi t\u00fcrk\u00fcleri duyan m\u00fc\u015fterilerin onu bir daha b\u0131rakmad\u0131\u011f\u0131n\u0131 s\u00f6yledi.<\/p>\n<p>Canpolat, &#8220;Ben de sesini i\u015fiterek girdim i\u00e7eriye. Sesi insan\u0131n i\u00e7ine i\u015fliyor. Berber koltu\u011funa bir oturan bir hafta sonra tekrar t\u0131ra\u015f olmaya geliyor, sadece sesini dinlemek i\u00e7in.&#8221; diye konu\u015ftu.<\/p>\n<p>\u0130stanbul&#8217;dan gelen tiyatro ve sinema oyuncusu Yakup Keskin de memleketine her geldi\u011finde mutlak Sar\u0131\u00e7i\u00e7ek&#8217;in g\u00fczel sesini dinlemek i\u00e7in t\u0131ra\u015f olmaya bu d\u00fckkana geldi\u011fini belirtti.<\/p>\n<p>Keskin, &#8220;Elaz\u0131\u011f&#8217;da esnaf k\u00fclt\u00fcr\u00fc \u00e7ok iyi ama bunun yan\u0131 s\u0131ra Kahraman a\u011fabeyimizin farkl\u0131l\u0131\u011f\u0131, muazzam bir Harput musikisi repertuvar\u0131n\u0131n olmas\u0131d\u0131r.&#8221; dedi.<\/p>\n<p>                            <span class=\"detay-foto-editor\">&#13;<br \/>\n                                <a href=\"https:\/\/www.aa.com.tr\/tr\/p\/abonelik-talep-formu\/1001\" target=\"_blank\" style=\"font-size:12px; color:#444; text-decoration:none;\" rel=\"noopener\">&#13;<br \/>\n                                    Anadolu Ajans\u0131 web sitesinde, AA Haber Ak\u0131\u015f Sistemi (HAS) \u00fczerinden abonelere sunulan haberler, \u00f6zetlenerek yay\u0131mlanmaktad\u0131r. <b style=\"color:#1897F7\">Abonelik i\u00e7in l\u00fctfen ileti\u015fime ge\u00e7iniz.<\/b>&#13;<br \/>\n                                <\/a>&#13;<br \/>\n                            <\/span>\n                        <\/div>\n<p><script>\n\t  window.fbAsyncInit = function() {\n\t\tFB.init({\n\t\t  appId: '1855843514662870',\n\t\t  status : true, \/\/ check login status\n\t\t  cookie : true, \/\/ enable cookies to allow the server to access the session\n\t\t  xfbml  : true  \/\/ parse XFBML\n\t\t});\n\t  };<\/p>\n<p>\t  (function() {\n\t\tvar e = document.createElement('script');\n\t\te.src=\"https:\/\/connect.facebook.net\/tr_TR\/all.js\";\n\t\te.async = true;\n\t\tdocument.getElementById('fb-root').appendChild(e);\n\t  }());\n    <\/script><\/p>\n","protected":false},"excerpt":{"rendered":"<p>\u00c7ar\u015f\u0131 Mahallesi&#8217;nde 30 y\u0131ld\u0131r berber Sar\u0131\u00e7i\u00e7ek, ya\u015fad\u0131\u011f\u0131 k\u00f6yde televizyon olmad\u0131\u011f\u0131 i\u00e7in radyoda dinledi\u011fi t\u00fcrk\u00fclerle m\u00fczi\u011fe ilgi duymaya ba\u015flad\u0131. Radyoda duydu\u011fu t\u00fcrk\u00fcleri ezberleyerek, ba\u011fda, bah\u00e7ede, tarlada, \u00e7e\u015fme ba\u015f\u0131nda ya da k\u00f6ydeki evlerde dost sohbetlerinde seslendiren Sar\u0131\u00e7\u0131\u00e7ek&#8217;in sesinin g\u00fczelli\u011fi zamanla dikkat \u00e7ekmeye ba\u015flad\u0131. B\u00fcrokrat olan bir hem\u015fehrisinin &#8220;Ankara&#8217;ya gel, T\u00fcrk Halk M\u00fczi\u011fi e\u011fitimi al.&#8221; teklifini de annesinin [&hellip;]<\/p>\n","protected":false},"author":1,"featured_media":10874,"comment_status":"","ping_status":"","sticky":false,"template":"","format":"standard","meta":[],"categories":[50],"tags":[],"_links":{"self":[{"href":"https:\/\/kraios.app\/news\/wp-json\/wp\/v2\/posts\/10873"}],"collection":[{"href":"https:\/\/kraios.app\/news\/wp-json\/wp\/v2\/posts"}],"about":[{"href":"https:\/\/kraios.app\/news\/wp-json\/wp\/v2\/types\/post"}],"author":[{"embeddable":true,"href":"https:\/\/kraios.app\/news\/wp-json\/wp\/v2\/users\/1"}],"replies":[{"embeddable":true,"href":"https:\/\/kraios.app\/news\/wp-json\/wp\/v2\/comments?post=10873"}],"version-history":[{"count":0,"href":"https:\/\/kraios.app\/news\/wp-json\/wp\/v2\/posts\/10873\/revisions"}],"wp:featuredmedia":[{"embeddable":true,"href":"https:\/\/kraios.app\/news\/wp-json\/wp\/v2\/media\/10874"}],"wp:attachment":[{"href":"https:\/\/kraios.app\/news\/wp-json\/wp\/v2\/media?parent=10873"}],"wp:term":[{"taxonomy":"category","embeddable":true,"href":"https:\/\/kraios.app\/news\/wp-json\/wp\/v2\/categories?post=10873"},{"taxonomy":"post_tag","embeddable":true,"href":"https:\/\/kraios.app\/news\/wp-json\/wp\/v2\/tags?post=10873"}],"curies":[{"name":"wp","href":"https:\/\/api.w.org\/{rel}","templated":true}]}}