{"id":10869,"date":"2023-08-02T04:20:04","date_gmt":"2023-08-02T04:20:04","guid":{"rendered":"https:\/\/kraios.app\/news\/ekonomi\/2023\/08\/02\/misir-ile-ticaret-hacminin-5-yil-icinde-15-milyar-dolara-cikarilmasi-hedefleniyor\/"},"modified":"2023-08-02T04:20:04","modified_gmt":"2023-08-02T04:20:04","slug":"misir-ile-ticaret-hacminin-5-yil-icinde-15-milyar-dolara-cikarilmasi-hedefleniyor","status":"publish","type":"post","link":"https:\/\/kraios.app\/news\/ekonomi\/2023\/08\/02\/misir-ile-ticaret-hacminin-5-yil-icinde-15-milyar-dolara-cikarilmasi-hedefleniyor\/","title":{"rendered":"M\u0131s\u0131r ile ticaret hacminin 5 y\u0131l i\u00e7inde 15 milyar dolara \u00e7\u0131kar\u0131lmas\u0131 hedefleniyor"},"content":{"rendered":"<p> <br \/>\n<\/p>\n<div>\n<p>Bakan Bolat, Ticaret Bakanl\u0131\u011f\u0131nda, M\u0131s\u0131r Sanayi ve Ticaret Bakan\u0131 Ahmed Samir Saleh ve beraberindeki i\u015f d\u00fcnyas\u0131 temsilcilerini a\u011f\u0131rlad\u0131.<\/p>\n<p>Bolat, g\u00f6r\u00fc\u015fmeye ili\u015fkin Twitter hesab\u0131ndan yapt\u0131\u011f\u0131 payla\u015f\u0131mda, M\u0131s\u0131r Ticaret ve Sanayi Bakan\u0131 Ahmet Samir Saleh ile bir araya geldiklerini, iki \u00fclke aras\u0131ndaki ticari, ekonomik ili\u015fkileri de\u011ferlendirdiklerini kaydetti.<\/p>\n<p><img decoding=\"async\" alt=\"\" src=\"https:\/\/www.aa.com.tr\/uploads\/userFiles\/88e4063b-7018-4331-b06e-f0cb513ac64c\/2023%2F08%2Fbolat1-3.jpg\"\/><\/p>\n<p>Ekonomik ili\u015fkilerde yeni bir yol haritas\u0131 belirlediklerini ifade eden Bolat, &#8220;M\u0131s\u0131r ile kar\u015f\u0131l\u0131kl\u0131 ticaretimizi 5 y\u0131l i\u00e7inde 15 milyar dolara ula\u015ft\u0131rmay\u0131, Serbest Ticaret Anla\u015fmam\u0131z\u0131 (STA) geli\u015ftirmek i\u00e7in Ortak Komite Toplant\u0131m\u0131z\u0131 ger\u00e7ekle\u015ftirmeyi, yat\u0131r\u0131mlar ve m\u00fcteahhitlik hizmetlerindeki i\u015fbirli\u011fimizi geli\u015ftirmeyi, yerel paralarla ticaret imkanlar\u0131n\u0131 ara\u015ft\u0131rmay\u0131 kararla\u015ft\u0131rd\u0131k. Bu toplant\u0131da ald\u0131\u011f\u0131m\u0131z kararlar\u0131 takip etmek \u00fczere, Y\u00fcksek D\u00fczeyli Ticari \u0130sti\u015fare Mekanizmas\u0131 \u00e7er\u00e7evesinde k\u0131sa s\u00fcre i\u00e7inde Kahire&#8217;de bir araya gelece\u011fiz.&#8221; de\u011ferlendirmesinde bulundu.<\/p>\n<p>Bolat ayr\u0131ca, T\u00fcrkiye ve M\u0131s\u0131r i\u015f d\u00fcnyas\u0131 kurulu\u015flar\u0131n\u0131n ba\u015fkanlar\u0131n\u0131n kat\u0131l\u0131m sa\u011flad\u0131klar\u0131 \u00e7al\u0131\u015fma toplant\u0131s\u0131 ger\u00e7ekle\u015ftirdiklerini bildirerek, M\u0131s\u0131r ile T\u00fcrkiye aras\u0131ndaki ticari ve ekonomik ili\u015fkilerin geli\u015ftirilmesine y\u00f6nelik \u00f6zel sekt\u00f6r g\u00f6r\u00fc\u015f ve de\u011ferlendirmelerini dinlediklerini belirtti.<\/p>\n<p><img decoding=\"async\" alt=\"\" src=\"https:\/\/admin.aa.com.tr\/uploads\/userFiles\/88e4063b-7018-4331-b06e-f0cb513ac64c\/2023%2F08%2Fbolat1-2.jpg\"\/><\/p>\n<h3>Bakan Bolat, M\u0131s\u0131r&#8217;a ziyaret ger\u00e7ekle\u015ftirecek<\/h3>\n<p>\u00d6te yandan Bakanl\u0131ktan yap\u0131lan yaz\u0131l\u0131 a\u00e7\u0131klamada, g\u00f6r\u00fc\u015fmede, kar\u015f\u0131l\u0131kl\u0131 yat\u0131r\u0131mlar\u0131n artmas\u0131 noktas\u0131nda yat\u0131r\u0131mc\u0131lara gerekli kolayl\u0131\u011f\u0131n sa\u011flanmas\u0131 i\u00e7in g\u00fc\u00e7l\u00fc bir i\u015fbirli\u011fi kurulmas\u0131na ili\u015fkin uzla\u015fma sa\u011fland\u0131\u011f\u0131 bildirildi. <\/p>\n<p>\u0130\u015f \u00e7evrelerini bir araya getiren ortak organizasyonlar\u0131n yo\u011fun \u015fekilde ger\u00e7ekle\u015ftirilmesinde mutab\u0131k kal\u0131nd\u0131\u011f\u0131 ifade edilerek, bu kapsamda iki \u00fclkedeki \u0130\u015f forumu ve fuarlara g\u00fc\u00e7l\u00fc kat\u0131l\u0131m konusunda firmalar\u0131n te\u015fvik edilmesi i\u00e7in uzla\u015f\u0131ld\u0131\u011f\u0131 vurguland\u0131.<\/p>\n<p><img decoding=\"async\" alt=\"\" src=\"https:\/\/admin.aa.com.tr\/uploads\/userFiles\/88e4063b-7018-4331-b06e-f0cb513ac64c\/2023%2F08%2Fbolat1-1.jpg\"\/><\/p>\n<p>Bolat&#8217;\u0131n, M\u0131s\u0131rl\u0131 Bakan Saleh&#8217;in daveti \u00fczerine ilerleyen d\u00f6nemde M\u0131s\u0131r&#8217;a ger\u00e7ekle\u015ftirece\u011fi ziyarette taraflar\u0131n Y\u00fcksek D\u00fczeyli Ticari \u0130sti\u015fare Mekanizmas\u0131 \u00e7er\u00e7evesinde bir araya gelmelerinin kararla\u015ft\u0131r\u0131ld\u0131\u011f\u0131 aktar\u0131lan a\u00e7\u0131klamada, &#8220;Ticaret Bakanlar\u0131 aras\u0131nda son 10 y\u0131lda ger\u00e7ekle\u015fen ilk kar\u015f\u0131l\u0131kl\u0131 ziyaret olmas\u0131 sebebiyle \u00f6nem arz eden g\u00f6r\u00fc\u015fme, \u00f6n\u00fcm\u00fczdeki s\u00fcre\u00e7te iki \u00fclke aras\u0131nda ilerleyecek ticari ve ekonomik i\u015f birlikleri i\u00e7in \u00f6nemli bir temel olu\u015fturmaktad\u0131r.&#8221; ifadeleri kullan\u0131ld\u0131.<\/p>\n<p>                            <span class=\"detay-foto-editor\">&#13;<br \/>\n                                <a href=\"https:\/\/www.aa.com.tr\/tr\/p\/abonelik-talep-formu\/1001\" target=\"_blank\" style=\"font-size:12px; color:#444; text-decoration:none;\" rel=\"noopener\">&#13;<br \/>\n                                    Anadolu Ajans\u0131 web sitesinde, AA Haber Ak\u0131\u015f Sistemi (HAS) \u00fczerinden abonelere sunulan haberler, \u00f6zetlenerek yay\u0131mlanmaktad\u0131r. <b style=\"color:#1897F7\">Abonelik i\u00e7in l\u00fctfen ileti\u015fime ge\u00e7iniz.<\/b>&#13;<br \/>\n                                <\/a>&#13;<br \/>\n                            <\/span>\n                        <\/div>\n<p><script>\n\t  window.fbAsyncInit = function() {\n\t\tFB.init({\n\t\t  appId: '1855843514662870',\n\t\t  status : true, \/\/ check login status\n\t\t  cookie : true, \/\/ enable cookies to allow the server to access the session\n\t\t  xfbml  : true  \/\/ parse XFBML\n\t\t});\n\t  };<\/p>\n<p>\t  (function() {\n\t\tvar e = document.createElement('script');\n\t\te.src=\"https:\/\/connect.facebook.net\/tr_TR\/all.js\";\n\t\te.async = true;\n\t\tdocument.getElementById('fb-root').appendChild(e);\n\t  }());\n    <\/script><br \/>\n<br \/><br \/>\n<br \/><a href=\"https:\/\/www.aa.com.tr\/tr\/ekonomi\/misir-ile-ticaret-hacminin-5-yil-icinde-15-milyar-dolara-cikarilmasi-hedefleniyor\/2959283\">Source link <\/a><\/p>\n","protected":false},"excerpt":{"rendered":"<p>Bakan Bolat, Ticaret Bakanl\u0131\u011f\u0131nda, M\u0131s\u0131r Sanayi ve Ticaret Bakan\u0131 Ahmed Samir Saleh ve beraberindeki i\u015f d\u00fcnyas\u0131 temsilcilerini a\u011f\u0131rlad\u0131. Bolat, g\u00f6r\u00fc\u015fmeye ili\u015fkin Twitter hesab\u0131ndan yapt\u0131\u011f\u0131 payla\u015f\u0131mda, M\u0131s\u0131r Ticaret ve Sanayi Bakan\u0131 Ahmet Samir Saleh ile bir araya geldiklerini, iki \u00fclke aras\u0131ndaki ticari, ekonomik ili\u015fkileri de\u011ferlendirdiklerini kaydetti. Ekonomik ili\u015fkilerde yeni bir yol haritas\u0131 belirlediklerini ifade eden Bolat, [&hellip;]<\/p>\n","protected":false},"author":1,"featured_media":10870,"comment_status":"","ping_status":"","sticky":false,"template":"","format":"standard","meta":[],"categories":[44],"tags":[],"_links":{"self":[{"href":"https:\/\/kraios.app\/news\/wp-json\/wp\/v2\/posts\/10869"}],"collection":[{"href":"https:\/\/kraios.app\/news\/wp-json\/wp\/v2\/posts"}],"about":[{"href":"https:\/\/kraios.app\/news\/wp-json\/wp\/v2\/types\/post"}],"author":[{"embeddable":true,"href":"https:\/\/kraios.app\/news\/wp-json\/wp\/v2\/users\/1"}],"replies":[{"embeddable":true,"href":"https:\/\/kraios.app\/news\/wp-json\/wp\/v2\/comments?post=10869"}],"version-history":[{"count":0,"href":"https:\/\/kraios.app\/news\/wp-json\/wp\/v2\/posts\/10869\/revisions"}],"wp:featuredmedia":[{"embeddable":true,"href":"https:\/\/kraios.app\/news\/wp-json\/wp\/v2\/media\/10870"}],"wp:attachment":[{"href":"https:\/\/kraios.app\/news\/wp-json\/wp\/v2\/media?parent=10869"}],"wp:term":[{"taxonomy":"category","embeddable":true,"href":"https:\/\/kraios.app\/news\/wp-json\/wp\/v2\/categories?post=10869"},{"taxonomy":"post_tag","embeddable":true,"href":"https:\/\/kraios.app\/news\/wp-json\/wp\/v2\/tags?post=10869"}],"curies":[{"name":"wp","href":"https:\/\/api.w.org\/{rel}","templated":true}]}}