{"id":10844,"date":"2023-08-01T19:20:27","date_gmt":"2023-08-01T19:20:27","guid":{"rendered":"https:\/\/kraios.app\/news\/yasam\/2023\/08\/01\/hatayli-usta-depremlerde-hasar-goren-camilerdeki-ses-sistemlerini-gonullu-onariyor\/"},"modified":"2023-08-01T19:20:27","modified_gmt":"2023-08-01T19:20:27","slug":"hatayli-usta-depremlerde-hasar-goren-camilerdeki-ses-sistemlerini-gonullu-onariyor","status":"publish","type":"post","link":"https:\/\/kraios.app\/news\/yasam\/2023\/08\/01\/hatayli-usta-depremlerde-hasar-goren-camilerdeki-ses-sistemlerini-gonullu-onariyor\/","title":{"rendered":"Hatayl\u0131 usta, depremlerde hasar g\u00f6ren camilerdeki ses sistemlerini g\u00f6n\u00fcll\u00fc onar\u0131yor"},"content":{"rendered":"<p><\/p>\n<div>\n<p>Depremlerde Dolap\u00e7\u0131o\u011flu&#8217;nun 63 y\u0131ld\u0131r mesle\u011fini s\u00fcrd\u00fcrd\u00fc\u011f\u00fc merkez Antakya il\u00e7esi Ulu Cami Mahallesi&#8217;ndeki d\u00fckkan\u0131 y\u0131k\u0131ld\u0131, evi de hasar g\u00f6rd\u00fc.<\/p>\n<p>O\u011flu, gelini ve torununun ya\u015fad\u0131\u011f\u0131 apartman dairesi \u00e7\u00f6ken ve &#8220;canlar\u0131n\u0131&#8221; di\u011fer o\u011fluyla enkazdan kurtaran Dolap\u00e7\u0131o\u011flu, daha sonra kentten ayr\u0131ld\u0131.<\/p>\n<p>Elektronik ev aletleri tamircili\u011finin yan\u0131 s\u0131ra il\u00e7esinde bulunan camilerdeki alan\u0131yla ilgili ar\u0131zalar\u0131 \u00fccretsiz gideren, i\u015f yerine kurdu\u011fu sistemle de ezan sesini duyuran Dolap\u00e7\u0131o\u011flu, imamlar\u0131n ve esnaf arkada\u015flar\u0131n\u0131n \u0131srar\u0131 \u00fczerine kente d\u00f6nd\u00fc.<\/p>\n<p>Dolap\u00e7\u0131o\u011flu, 1960&#8217;ta \u00e7\u0131rak olarak ad\u0131m att\u0131\u011f\u0131 mesle\u011fini tarihi Uzun \u00c7ar\u015f\u0131&#8217;n\u0131n giri\u015findeki di\u011fer d\u00fckkan\u0131nda s\u00fcrd\u00fcr\u00fcyor.<\/p>\n<p>\u0130\u015fletmesine, 5 vakit ezan sesi y\u00fckselen ses sistemini yeniden kuran Dolap\u00e7\u0131o\u011flu, afette hasar g\u00f6ren cami hoparl\u00f6rlerinin tamirat\u0131na da g\u00f6n\u00fcll\u00fc ba\u015flad\u0131.<\/p>\n<p><img decoding=\"async\" alt=\"\" src=\"https:\/\/www.aa.com.tr\/uploads\/userFiles\/96f91bbd-282f-4a24-a12c-1b1092cfeb3b\/009_2023%2F05_2023%2F31_Agustos%2F15%2FAA-31815769.jpg\"\/><\/p>\n<h3>&#8220;Allah r\u0131zas\u0131 i\u00e7in \u00e7al\u0131\u015f\u0131yorum&#8221;<\/h3>\n<p>Dolap\u00e7\u0131o\u011flu, AA muhabirine, bozulan \u00fct\u00fc, f\u0131r\u0131n, s\u00fcp\u00fcrge, \u015fofben, tost ve kahve makinesi gibi e\u015fyalar\u0131 onararak ge\u00e7imini sa\u011flad\u0131\u011f\u0131n\u0131 s\u00f6yledi.<\/p>\n<p>Antakya&#8217;daki merkezi ezan sisteminin bak\u0131m ve kontrol\u00fcn\u00fc de g\u00f6n\u00fcll\u00fc yapt\u0131\u011f\u0131n\u0131 belirten Dolap\u00e7\u0131o\u011flu, &#8220;Camilerin i\u015flerinde Allah r\u0131zas\u0131 i\u00e7in \u00e7al\u0131\u015f\u0131yorum, para talep etmiyorum. Bundan sonra da in\u015fallah b\u00f6yle devam edece\u011fim.&#8221; dedi.<\/p>\n<p>Ali Dolap\u00e7\u0131o\u011flu, &#8220;Antakya&#8217;m\u0131zda ezan okunmay\u0131nca herkes &#8216;Ezan neden okunmad\u0131?&#8217; diye beni arad\u0131. Afetten sonra Ulu Cami&#8217;ye kurdu\u011fumuz sistem de \u00e7al\u0131\u015fmaz oldu. Kentten ayr\u0131ld\u0131ktan sonra \u00e7evredekiler beni aray\u0131nca g\u00f6nl\u00fcm raz\u0131 gelmedi. D\u00f6nd\u00fcm, i\u015fime devam ediyorum.&#8221; diye konu\u015ftu.<\/p>\n<p>Dolap\u00e7\u0131o\u011flu, \u00e7ar\u015f\u0131n\u0131n \u00e7evresindeki baz\u0131 camilerin y\u0131k\u0131ld\u0131\u011f\u0131n\u0131, i\u015f yerine kurdu\u011fu sistemle vatanda\u015flara ezan sesini duyurmaya \u00e7al\u0131\u015ft\u0131\u011f\u0131n\u0131 da kaydetti.<\/p>\n<p>                            <span class=\"detay-foto-editor\">&#13;<br \/>\n                                <a href=\"https:\/\/www.aa.com.tr\/tr\/p\/abonelik-talep-formu\/1001\" target=\"_blank\" style=\"font-size:12px; color:#444; text-decoration:none;\" rel=\"noopener\">&#13;<br \/>\n                                    Anadolu Ajans\u0131 web sitesinde, AA Haber Ak\u0131\u015f Sistemi (HAS) \u00fczerinden abonelere sunulan haberler, \u00f6zetlenerek yay\u0131mlanmaktad\u0131r. <b style=\"color:#1897F7\">Abonelik i\u00e7in l\u00fctfen ileti\u015fime ge\u00e7iniz.<\/b>&#13;<br \/>\n                                <\/a>&#13;<br \/>\n                            <\/span>\n                        <\/div>\n<p><script>\n\t  window.fbAsyncInit = function() {\n\t\tFB.init({\n\t\t  appId: '1855843514662870',\n\t\t  status : true, \/\/ check login status\n\t\t  cookie : true, \/\/ enable cookies to allow the server to access the session\n\t\t  xfbml  : true  \/\/ parse XFBML\n\t\t});\n\t  };<\/p>\n<p>\t  (function() {\n\t\tvar e = document.createElement('script');\n\t\te.src=\"https:\/\/connect.facebook.net\/tr_TR\/all.js\";\n\t\te.async = true;\n\t\tdocument.getElementById('fb-root').appendChild(e);\n\t  }());\n    <\/script><\/p>\n","protected":false},"excerpt":{"rendered":"<p>Depremlerde Dolap\u00e7\u0131o\u011flu&#8217;nun 63 y\u0131ld\u0131r mesle\u011fini s\u00fcrd\u00fcrd\u00fc\u011f\u00fc merkez Antakya il\u00e7esi Ulu Cami Mahallesi&#8217;ndeki d\u00fckkan\u0131 y\u0131k\u0131ld\u0131, evi de hasar g\u00f6rd\u00fc. O\u011flu, gelini ve torununun ya\u015fad\u0131\u011f\u0131 apartman dairesi \u00e7\u00f6ken ve &#8220;canlar\u0131n\u0131&#8221; di\u011fer o\u011fluyla enkazdan kurtaran Dolap\u00e7\u0131o\u011flu, daha sonra kentten ayr\u0131ld\u0131. Elektronik ev aletleri tamircili\u011finin yan\u0131 s\u0131ra il\u00e7esinde bulunan camilerdeki alan\u0131yla ilgili ar\u0131zalar\u0131 \u00fccretsiz gideren, i\u015f yerine kurdu\u011fu sistemle [&hellip;]<\/p>\n","protected":false},"author":1,"featured_media":10845,"comment_status":"","ping_status":"","sticky":false,"template":"","format":"standard","meta":[],"categories":[50],"tags":[],"_links":{"self":[{"href":"https:\/\/kraios.app\/news\/wp-json\/wp\/v2\/posts\/10844"}],"collection":[{"href":"https:\/\/kraios.app\/news\/wp-json\/wp\/v2\/posts"}],"about":[{"href":"https:\/\/kraios.app\/news\/wp-json\/wp\/v2\/types\/post"}],"author":[{"embeddable":true,"href":"https:\/\/kraios.app\/news\/wp-json\/wp\/v2\/users\/1"}],"replies":[{"embeddable":true,"href":"https:\/\/kraios.app\/news\/wp-json\/wp\/v2\/comments?post=10844"}],"version-history":[{"count":0,"href":"https:\/\/kraios.app\/news\/wp-json\/wp\/v2\/posts\/10844\/revisions"}],"wp:featuredmedia":[{"embeddable":true,"href":"https:\/\/kraios.app\/news\/wp-json\/wp\/v2\/media\/10845"}],"wp:attachment":[{"href":"https:\/\/kraios.app\/news\/wp-json\/wp\/v2\/media?parent=10844"}],"wp:term":[{"taxonomy":"category","embeddable":true,"href":"https:\/\/kraios.app\/news\/wp-json\/wp\/v2\/categories?post=10844"},{"taxonomy":"post_tag","embeddable":true,"href":"https:\/\/kraios.app\/news\/wp-json\/wp\/v2\/tags?post=10844"}],"curies":[{"name":"wp","href":"https:\/\/api.w.org\/{rel}","templated":true}]}}