{"id":10838,"date":"2023-08-01T19:16:26","date_gmt":"2023-08-01T19:16:26","guid":{"rendered":"https:\/\/kraios.app\/news\/spor\/2023\/08\/01\/dunya-okculuk-sampiyonasinda-emircan-haney-siralama-yarislarinda-birinci-oldu\/"},"modified":"2023-08-01T19:16:26","modified_gmt":"2023-08-01T19:16:26","slug":"dunya-okculuk-sampiyonasinda-emircan-haney-siralama-yarislarinda-birinci-oldu","status":"publish","type":"post","link":"https:\/\/kraios.app\/news\/spor\/2023\/08\/01\/dunya-okculuk-sampiyonasinda-emircan-haney-siralama-yarislarinda-birinci-oldu\/","title":{"rendered":"D\u00fcnya Ok\u00e7uluk \u015eampiyonas\u0131&#039;nda Emircan Haney, s\u0131ralama yar\u0131\u015flar\u0131nda birinci oldu"},"content":{"rendered":"<p>Almanya&#8217;da d\u00fczenlenen D\u00fcnya Ok\u00e7uluk \u015eampiyonas\u0131&#8217;nda erkekler makaral\u0131 yayda Emircan Haney, s\u0131ralama yar\u0131\u015flar\u0131nda birinci oldu.<\/p>\n","protected":false},"excerpt":{"rendered":"<p>Almanya&#8217;da d\u00fczenlenen D\u00fcnya Ok\u00e7uluk \u015eampiyonas\u0131&#8217;nda erkekler makaral\u0131 yayda Emircan Haney, s\u0131ralama yar\u0131\u015flar\u0131nda birinci oldu.<\/p>\n","protected":false},"author":1,"featured_media":10839,"comment_status":"","ping_status":"","sticky":false,"template":"","format":"standard","meta":[],"categories":[48],"tags":[],"_links":{"self":[{"href":"https:\/\/kraios.app\/news\/wp-json\/wp\/v2\/posts\/10838"}],"collection":[{"href":"https:\/\/kraios.app\/news\/wp-json\/wp\/v2\/posts"}],"about":[{"href":"https:\/\/kraios.app\/news\/wp-json\/wp\/v2\/types\/post"}],"author":[{"embeddable":true,"href":"https:\/\/kraios.app\/news\/wp-json\/wp\/v2\/users\/1"}],"replies":[{"embeddable":true,"href":"https:\/\/kraios.app\/news\/wp-json\/wp\/v2\/comments?post=10838"}],"version-history":[{"count":0,"href":"https:\/\/kraios.app\/news\/wp-json\/wp\/v2\/posts\/10838\/revisions"}],"wp:featuredmedia":[{"embeddable":true,"href":"https:\/\/kraios.app\/news\/wp-json\/wp\/v2\/media\/10839"}],"wp:attachment":[{"href":"https:\/\/kraios.app\/news\/wp-json\/wp\/v2\/media?parent=10838"}],"wp:term":[{"taxonomy":"category","embeddable":true,"href":"https:\/\/kraios.app\/news\/wp-json\/wp\/v2\/categories?post=10838"},{"taxonomy":"post_tag","embeddable":true,"href":"https:\/\/kraios.app\/news\/wp-json\/wp\/v2\/tags?post=10838"}],"curies":[{"name":"wp","href":"https:\/\/api.w.org\/{rel}","templated":true}]}}