{"id":10834,"date":"2023-08-01T18:20:05","date_gmt":"2023-08-01T18:20:05","guid":{"rendered":"https:\/\/kraios.app\/news\/yasam\/2023\/08\/01\/vanda-atli-birlikler-vatandaslari-bogulma-vakalarina-karsi-bilgilendirdi\/"},"modified":"2023-08-01T18:20:05","modified_gmt":"2023-08-01T18:20:05","slug":"vanda-atli-birlikler-vatandaslari-bogulma-vakalarina-karsi-bilgilendirdi","status":"publish","type":"post","link":"https:\/\/kraios.app\/news\/yasam\/2023\/08\/01\/vanda-atli-birlikler-vatandaslari-bogulma-vakalarina-karsi-bilgilendirdi\/","title":{"rendered":"Van&#039;da atl\u0131 birlikler, vatanda\u015flar\u0131 bo\u011fulma vakalar\u0131na kar\u015f\u0131 bilgilendirdi"},"content":{"rendered":"<p>Van \u0130l Jandarma Komutanl\u0131\u011f\u0131 atl\u0131 timi, Van G\u00f6l\u00fc&#8217;nde olas\u0131 bo\u011fulma olaylar\u0131na kar\u015f\u0131 vatanda\u015flar\u0131 bilgilendirdi.<\/p>\n","protected":false},"excerpt":{"rendered":"<p>Van \u0130l Jandarma Komutanl\u0131\u011f\u0131 atl\u0131 timi, Van G\u00f6l\u00fc&#8217;nde olas\u0131 bo\u011fulma olaylar\u0131na kar\u015f\u0131 vatanda\u015flar\u0131 bilgilendirdi.<\/p>\n","protected":false},"author":1,"featured_media":10835,"comment_status":"","ping_status":"","sticky":false,"template":"","format":"standard","meta":[],"categories":[50],"tags":[],"_links":{"self":[{"href":"https:\/\/kraios.app\/news\/wp-json\/wp\/v2\/posts\/10834"}],"collection":[{"href":"https:\/\/kraios.app\/news\/wp-json\/wp\/v2\/posts"}],"about":[{"href":"https:\/\/kraios.app\/news\/wp-json\/wp\/v2\/types\/post"}],"author":[{"embeddable":true,"href":"https:\/\/kraios.app\/news\/wp-json\/wp\/v2\/users\/1"}],"replies":[{"embeddable":true,"href":"https:\/\/kraios.app\/news\/wp-json\/wp\/v2\/comments?post=10834"}],"version-history":[{"count":0,"href":"https:\/\/kraios.app\/news\/wp-json\/wp\/v2\/posts\/10834\/revisions"}],"wp:featuredmedia":[{"embeddable":true,"href":"https:\/\/kraios.app\/news\/wp-json\/wp\/v2\/media\/10835"}],"wp:attachment":[{"href":"https:\/\/kraios.app\/news\/wp-json\/wp\/v2\/media?parent=10834"}],"wp:term":[{"taxonomy":"category","embeddable":true,"href":"https:\/\/kraios.app\/news\/wp-json\/wp\/v2\/categories?post=10834"},{"taxonomy":"post_tag","embeddable":true,"href":"https:\/\/kraios.app\/news\/wp-json\/wp\/v2\/tags?post=10834"}],"curies":[{"name":"wp","href":"https:\/\/api.w.org\/{rel}","templated":true}]}}