{"id":10824,"date":"2023-08-01T16:12:05","date_gmt":"2023-08-01T16:12:05","guid":{"rendered":"https:\/\/kraios.app\/news\/spor\/2023\/08\/01\/galatasaray-kaleci-gunay-guvenci-transfer-ettigini-duyurdu\/"},"modified":"2023-08-01T16:12:05","modified_gmt":"2023-08-01T16:12:05","slug":"galatasaray-kaleci-gunay-guvenci-transfer-ettigini-duyurdu","status":"publish","type":"post","link":"https:\/\/kraios.app\/news\/spor\/2023\/08\/01\/galatasaray-kaleci-gunay-guvenci-transfer-ettigini-duyurdu\/","title":{"rendered":"Galatasaray, kaleci G\u00fcnay G\u00fcven\u00e7&#039;i transfer etti\u011fini duyurdu"},"content":{"rendered":"<p>G\u00fcnay G\u00fcven\u00e7 ile 3 sezon i\u00e7in s\u00f6zle\u015fme imzalayan sar\u0131-k\u0131rm\u0131z\u0131l\u0131lar, oyuncuya sezonluk net 19 milyon lira \u00fccret \u00f6deyecek.<\/p>\n","protected":false},"excerpt":{"rendered":"<p>G\u00fcnay G\u00fcven\u00e7 ile 3 sezon i\u00e7in s\u00f6zle\u015fme imzalayan sar\u0131-k\u0131rm\u0131z\u0131l\u0131lar, oyuncuya sezonluk net 19 milyon lira \u00fccret \u00f6deyecek.<\/p>\n","protected":false},"author":1,"featured_media":10825,"comment_status":"","ping_status":"","sticky":false,"template":"","format":"standard","meta":[],"categories":[48],"tags":[],"_links":{"self":[{"href":"https:\/\/kraios.app\/news\/wp-json\/wp\/v2\/posts\/10824"}],"collection":[{"href":"https:\/\/kraios.app\/news\/wp-json\/wp\/v2\/posts"}],"about":[{"href":"https:\/\/kraios.app\/news\/wp-json\/wp\/v2\/types\/post"}],"author":[{"embeddable":true,"href":"https:\/\/kraios.app\/news\/wp-json\/wp\/v2\/users\/1"}],"replies":[{"embeddable":true,"href":"https:\/\/kraios.app\/news\/wp-json\/wp\/v2\/comments?post=10824"}],"version-history":[{"count":0,"href":"https:\/\/kraios.app\/news\/wp-json\/wp\/v2\/posts\/10824\/revisions"}],"wp:featuredmedia":[{"embeddable":true,"href":"https:\/\/kraios.app\/news\/wp-json\/wp\/v2\/media\/10825"}],"wp:attachment":[{"href":"https:\/\/kraios.app\/news\/wp-json\/wp\/v2\/media?parent=10824"}],"wp:term":[{"taxonomy":"category","embeddable":true,"href":"https:\/\/kraios.app\/news\/wp-json\/wp\/v2\/categories?post=10824"},{"taxonomy":"post_tag","embeddable":true,"href":"https:\/\/kraios.app\/news\/wp-json\/wp\/v2\/tags?post=10824"}],"curies":[{"name":"wp","href":"https:\/\/api.w.org\/{rel}","templated":true}]}}