{"id":10812,"date":"2023-08-01T14:20:05","date_gmt":"2023-08-01T14:20:05","guid":{"rendered":"https:\/\/kraios.app\/news\/ekonomi\/2023\/08\/01\/ticaret-bakanligi-zeytinyagi-ihracatina-yonelik-ilave-tedbirlerin-yururluge-konuldugunu-bildirdi\/"},"modified":"2023-08-01T14:20:05","modified_gmt":"2023-08-01T14:20:05","slug":"ticaret-bakanligi-zeytinyagi-ihracatina-yonelik-ilave-tedbirlerin-yururluge-konuldugunu-bildirdi","status":"publish","type":"post","link":"https:\/\/kraios.app\/news\/ekonomi\/2023\/08\/01\/ticaret-bakanligi-zeytinyagi-ihracatina-yonelik-ilave-tedbirlerin-yururluge-konuldugunu-bildirdi\/","title":{"rendered":"Ticaret Bakanl\u0131\u011f\u0131, zeytinya\u011f\u0131 ihracat\u0131na y\u00f6nelik ilave tedbirlerin y\u00fcr\u00fcrl\u00fc\u011fe konuldu\u011funu bildirdi"},"content":{"rendered":"<p> <br \/>\n<\/p>\n<div>\n<p>Bakanl\u0131ktan yap\u0131lan a\u00e7\u0131klamada, Uluslararas\u0131 Zeytin Konseyi (UZK) verilerine g\u00f6re, Avrupa&#8217;da ya\u015fanan kurakl\u0131k nedeniyle, \u0130spanya ve \u0130talya ba\u015fta olmak \u00fczere d\u00fcnyada zeytinya\u011f\u0131 \u00fcretiminin 2022\/2023 sezonunda y\u00fczde 20 azald\u0131\u011f\u0131, T\u00fcrkiye&#8217;de \u00fcretimin y\u00fczde 62 art\u0131\u015f g\u00f6sterdi\u011fi belirtildi.<\/p>\n<p>A\u00e7\u0131klamada, d\u00f6kme ve varilli zeytinya\u011f\u0131 ihracat\u0131ndaki h\u0131zl\u0131 y\u00fckseli\u015fin yurt i\u00e7i fiyatlara yans\u0131d\u0131\u011f\u0131, zeytinya\u011f\u0131 perakende fiyatlar\u0131nda i\u00e7 piyasada g\u00f6r\u00fclen art\u0131\u015f\u0131n, son bir y\u0131ll\u0131k d\u00f6nemde genel fiyat art\u0131\u015f\u0131n\u0131n olduk\u00e7a \u00fczerinde seyretti\u011fi kaydedildi. <\/p>\n<p>Avrupa Birli\u011fi&#8217;nin (AB) y\u00fcksek g\u00fcmr\u00fck vergilerinden dolay\u0131, T\u00fcrkiye&#8217;nin AB \u00fcyesi \u00fclkelere olan katma de\u011ferli ve nihai t\u00fcketiciye y\u00f6nelik ambalajl\u0131 zeytinya\u011f\u0131 ihracat\u0131n\u0131n \u00e7ok d\u00fc\u015f\u00fck miktarda yap\u0131labilmekte oldu\u011fu belirtilen a\u00e7\u0131klamada, \u00f6zellikle \u0130talya ve \u0130spanya&#8217;n\u0131n T\u00fcrkiye&#8217;den ithal ettikleri d\u00f6kme ve varilli zeytinya\u011f\u0131n\u0131 i\u015fleyerek yeniden \u00fc\u00e7\u00fcnc\u00fc \u00fclkelere pazarlad\u0131\u011f\u0131na i\u015faret edildi. <\/p>\n<p>A\u00e7\u0131klamada, d\u0131\u015f talep sebebiyle y\u00fckselen d\u00f6kme ve varilli zeytinya\u011f\u0131 ihracat\u0131n\u0131n, ambalajl\u0131 zeytinya\u011f\u0131na y\u00f6nlendirilerek katma de\u011ferli \u00fcr\u00fcn ihracat\u0131na katk\u0131 sa\u011flanmas\u0131 amac\u0131yla her t\u00fcrl\u00fc d\u00f6kme ve varilli zeytinya\u011f\u0131 ihracat\u0131nda kilogram ba\u015f\u0131na 20 cent kesinti yap\u0131lmas\u0131n\u0131 d\u00fczenleyen karar\u0131n 19 Temmuz&#8217;da Resmi Gazete&#8217;de yay\u0131mlanarak y\u00fcr\u00fcrl\u00fc\u011fe girdi\u011fi hat\u0131rlat\u0131ld\u0131. <\/p>\n<p>Zeytinya\u011f\u0131 sekt\u00f6r\u00fcne ili\u015fkin d\u0131\u015f ticaret, yurt i\u00e7i arz, tedarik, yurt d\u0131\u015f\u0131 ve yurt i\u00e7i fiyatlar konusunda T\u00fcrkiye ve d\u00fcnyadaki g\u00fcncel geli\u015fmelerin sekt\u00f6r payda\u015flar\u0131yla yo\u011fun temas halinde bakanl\u0131k\u00e7a yak\u0131ndan takip edildi\u011fi belirtilen a\u00e7\u0131klamada, \u015fu ifadelere yer verildi:<\/p>\n<p>&#8220;Bu \u00e7er\u00e7evede d\u00fcnyada azalan zeytinya\u011f\u0131 rekoltesinin sebep oldu\u011fu artan d\u0131\u015f talep ve d\u00fcnya fiyatlar\u0131 sebebiyle \u00f6nemli \u00f6l\u00e7\u00fcde y\u00fckselen d\u00f6kme ve varilli zeytinya\u011f\u0131 ihracat\u0131n\u0131n yurt i\u00e7i t\u00fcketici fiyatlar\u0131na olan olumsuz etkisinin devam etti\u011fi kaydedilmi\u015ftir. Bakanl\u0131\u011f\u0131m\u0131zca bu \u015fartlar alt\u0131nda yeniden bir de\u011ferlendirme yap\u0131larak, \u00f6n\u00fcm\u00fczdeki zeytinya\u011f\u0131 hasat d\u00f6neminin ba\u015flang\u0131c\u0131 olan 1 Kas\u0131m 2023&#8217;e kadar, d\u00f6kme veya varilli zeytinya\u011f\u0131 ihracat\u0131na y\u00f6nelik olarak ilave tedbirler y\u00fcr\u00fcrl\u00fc\u011fe konulmu\u015ftur. &#8220;<\/p>\n<p>Ticaret Bakanl\u0131\u011f\u0131n\u0131n s\u00f6z konusu ilave tedbirlere ili\u015fkin sekt\u00f6r temsilcilerine g\u00f6nderdi\u011fi yaz\u0131da 1 Kas\u0131m&#8217;a kadar zeytinya\u011f\u0131 ihracat\u0131n\u0131n durduruldu\u011funun bildirildi\u011fi \u00f6\u011frenildi.<\/p>\n<p>                            <span class=\"detay-foto-editor\">&#13;<br \/>\n                                <a href=\"https:\/\/www.aa.com.tr\/tr\/p\/abonelik-talep-formu\/1001\" target=\"_blank\" style=\"font-size:12px; color:#444; text-decoration:none;\" rel=\"noopener\">&#13;<br \/>\n                                    Anadolu Ajans\u0131 web sitesinde, AA Haber Ak\u0131\u015f Sistemi (HAS) \u00fczerinden abonelere sunulan haberler, \u00f6zetlenerek yay\u0131mlanmaktad\u0131r. <b style=\"color:#1897F7\">Abonelik i\u00e7in l\u00fctfen ileti\u015fime ge\u00e7iniz.<\/b>&#13;<br \/>\n                                <\/a>&#13;<br \/>\n                            <\/span>\n                        <\/div>\n<p><script>\n\t  window.fbAsyncInit = function() {\n\t\tFB.init({\n\t\t  appId: '1855843514662870',\n\t\t  status : true, \/\/ check login status\n\t\t  cookie : true, \/\/ enable cookies to allow the server to access the session\n\t\t  xfbml  : true  \/\/ parse XFBML\n\t\t});\n\t  };<\/p>\n<p>\t  (function() {\n\t\tvar e = document.createElement('script');\n\t\te.src=\"https:\/\/connect.facebook.net\/tr_TR\/all.js\";\n\t\te.async = true;\n\t\tdocument.getElementById('fb-root').appendChild(e);\n\t  }());\n    <\/script><br \/>\n<br \/><br \/>\n<br \/><a href=\"https:\/\/www.aa.com.tr\/tr\/ekonomi\/ticaret-bakanligi-zeytinyagi-ihracatina-yonelik-ilave-tedbirlerin-yururluge-konuldugunu-bildirdi\/2959253\">Source link <\/a><\/p>\n","protected":false},"excerpt":{"rendered":"<p>Bakanl\u0131ktan yap\u0131lan a\u00e7\u0131klamada, Uluslararas\u0131 Zeytin Konseyi (UZK) verilerine g\u00f6re, Avrupa&#8217;da ya\u015fanan kurakl\u0131k nedeniyle, \u0130spanya ve \u0130talya ba\u015fta olmak \u00fczere d\u00fcnyada zeytinya\u011f\u0131 \u00fcretiminin 2022\/2023 sezonunda y\u00fczde 20 azald\u0131\u011f\u0131, T\u00fcrkiye&#8217;de \u00fcretimin y\u00fczde 62 art\u0131\u015f g\u00f6sterdi\u011fi belirtildi. A\u00e7\u0131klamada, d\u00f6kme ve varilli zeytinya\u011f\u0131 ihracat\u0131ndaki h\u0131zl\u0131 y\u00fckseli\u015fin yurt i\u00e7i fiyatlara yans\u0131d\u0131\u011f\u0131, zeytinya\u011f\u0131 perakende fiyatlar\u0131nda i\u00e7 piyasada g\u00f6r\u00fclen art\u0131\u015f\u0131n, son bir [&hellip;]<\/p>\n","protected":false},"author":1,"featured_media":10813,"comment_status":"","ping_status":"","sticky":false,"template":"","format":"standard","meta":[],"categories":[44],"tags":[],"_links":{"self":[{"href":"https:\/\/kraios.app\/news\/wp-json\/wp\/v2\/posts\/10812"}],"collection":[{"href":"https:\/\/kraios.app\/news\/wp-json\/wp\/v2\/posts"}],"about":[{"href":"https:\/\/kraios.app\/news\/wp-json\/wp\/v2\/types\/post"}],"author":[{"embeddable":true,"href":"https:\/\/kraios.app\/news\/wp-json\/wp\/v2\/users\/1"}],"replies":[{"embeddable":true,"href":"https:\/\/kraios.app\/news\/wp-json\/wp\/v2\/comments?post=10812"}],"version-history":[{"count":0,"href":"https:\/\/kraios.app\/news\/wp-json\/wp\/v2\/posts\/10812\/revisions"}],"wp:featuredmedia":[{"embeddable":true,"href":"https:\/\/kraios.app\/news\/wp-json\/wp\/v2\/media\/10813"}],"wp:attachment":[{"href":"https:\/\/kraios.app\/news\/wp-json\/wp\/v2\/media?parent=10812"}],"wp:term":[{"taxonomy":"category","embeddable":true,"href":"https:\/\/kraios.app\/news\/wp-json\/wp\/v2\/categories?post=10812"},{"taxonomy":"post_tag","embeddable":true,"href":"https:\/\/kraios.app\/news\/wp-json\/wp\/v2\/tags?post=10812"}],"curies":[{"name":"wp","href":"https:\/\/api.w.org\/{rel}","templated":true}]}}