{"id":10805,"date":"2023-08-01T12:20:05","date_gmt":"2023-08-01T12:20:05","guid":{"rendered":"https:\/\/kraios.app\/news\/yasam\/2023\/08\/01\/sicak-havalarda-gazli-ve-kafeinli-iceceklerden-uzak-durulmasi-tavsiyesi\/"},"modified":"2023-08-01T12:20:05","modified_gmt":"2023-08-01T12:20:05","slug":"sicak-havalarda-gazli-ve-kafeinli-iceceklerden-uzak-durulmasi-tavsiyesi","status":"publish","type":"post","link":"https:\/\/kraios.app\/news\/yasam\/2023\/08\/01\/sicak-havalarda-gazli-ve-kafeinli-iceceklerden-uzak-durulmasi-tavsiyesi\/","title":{"rendered":"S\u0131cak havalarda gazl\u0131 ve kafeinli i\u00e7eceklerden uzak durulmas\u0131 tavsiyesi"},"content":{"rendered":"<p><\/p>\n<div>\n<p>Kalkan, AA muhabirine a\u015f\u0131r\u0131 s\u0131caklardan dolay\u0131 \u00f6zellikle g\u00fcne\u015f \u0131\u015f\u0131nlar\u0131n\u0131n yo\u011fun oldu\u011fu saatlerde a\u015f\u0131r\u0131 kilolu, hamile, kronik hastal\u0131\u011f\u0131 olanlar\u0131n \u00e7ok dikkatli olmalar\u0131 gerekti\u011fini s\u00f6yledi.<\/p>\n<p>S\u0131cak havalarda v\u00fccudun kendini dengede tutmaya \u00e7al\u0131\u015ft\u0131\u011f\u0131n\u0131 aktaran Kalkan, \u0131s\u0131s\u0131n\u0131n 42 dereceye \u00e7\u0131kmas\u0131 durumunda v\u00fccudun bundan olumsuz etkilendi\u011fini anlatt\u0131.<\/p>\n<p>Kalkan, hava s\u0131cakl\u0131klar\u0131n\u0131n y\u00fckselmesiyle s\u0131cak \u00e7arpmas\u0131 vakalar\u0131n\u0131n artt\u0131\u011f\u0131na dikkat \u00e7ekerek, &#8220;\u00d6zellikle beyin h\u00fccreleri ciddi etkilenir. V\u00fccut bir tak\u0131m tepkiler verir. \u0130nme riski, kalp krizi riski bulunmaktad\u0131r. Dengesinin bozuldu\u011funu, terlemesinin artt\u0131\u011f\u0131n\u0131, birden bire dikkatinin ortamla normal zamanlarda kurdu\u011fu irtibat\u0131n kayboldu\u011funu g\u00f6r\u00fcr\u00fcz. Y\u00fcz\u00fcnde v\u00fccudunda k\u0131zarmalar g\u00f6r\u00fcr\u00fcz. Her zamankinden daha farkl\u0131 durumlarla kar\u015f\u0131la\u015f\u0131r\u0131z. Bu durumlarda her zaman v\u00fccudun daha fazla su almas\u0131na ve gereksiz gazl\u0131, kafeinli i\u00e7eceklerden de uzak durmaya \u00e7al\u0131\u015fmal\u0131y\u0131z. Bunlar v\u00fccuttan su at\u0131lmas\u0131n\u0131 sa\u011flayan beslenme \u015fekilleridir. Daha \u00e7ok v\u00fccudun s\u0131v\u0131 ve mineral dengesini sa\u011flayabilmek i\u00e7in bol sebze ve meyve yemeye \u00e7al\u0131\u015fmal\u0131y\u0131z.&#8221; dedi.<\/p>\n<p>Vatanda\u015flara 10.00 ile 16.00 saatleri aras\u0131nda g\u00fcne\u015fin dik geldi\u011fi anlarda d\u0131\u015far\u0131ya \u00e7\u0131kmaktan ka\u00e7\u0131nmalar\u0131 tavsiyesinde bulunan Kalkan, v\u00fccudun susuz b\u0131rak\u0131lmamas\u0131n\u0131 ve beslenmeye mutlaka dikkat edilmesi gerekti\u011fini dile getirdi.<\/p>\n<p>S\u0131cak \u00e7arpmas\u0131nda v\u00fccudun dengeyi koruyamad\u0131\u011f\u0131n\u0131 ifade eden Kalkan, &#8220;\u00d6zellikle ya\u015fl\u0131lar, bebekler, kronik hastal\u0131\u011f\u0131 olanlar, kalp damar hastal\u0131klar\u0131, beyin hastal\u0131klar\u0131, ruh ve sinir hastal\u0131klar\u0131 olan insanlar\u0131n \u00f6zellikle dikkatli olmalar\u0131 gerekir.&#8221; diye konu\u015ftu.<\/p>\n<p>Bu d\u00f6nemde hastalar\u0131n hekimlerinden ila\u00e7lar\u0131n\u0131 nas\u0131l kullanacaklar\u0131 y\u00f6n\u00fcnde mutlaka tavsiye almalar\u0131n\u0131 \u00f6neren Kalkan, a\u015f\u0131r\u0131 kilolu, hamile, kronik hastal\u0131\u011f\u0131 olanlar\u0131n s\u0131cak \u00e7arpmas\u0131na kar\u015f\u0131 dikkatli olmalar\u0131 gerekti\u011fini vurgulad\u0131.<\/p>\n<p>Ya\u015fl\u0131lar\u0131n, \u00e7ocuklar\u0131n, engellilerin s\u0131caktan daha fazla etkilendiklerini, bunlarda s\u0131v\u0131 kayb\u0131n\u0131n \u00e7ok h\u0131zl\u0131 artt\u0131\u011f\u0131n\u0131 aktaran Kalkan, &#8220;Yaln\u0131z ba\u015f\u0131na ya\u015fayanlar\u0131, bebekleri g\u00f6zlem alt\u0131nda tutmal\u0131y\u0131z. Normal zamanlarda dahi asla yap\u0131lmamas\u0131 gereken ama bu s\u0131cak ortamlarda ara\u00e7larda, kapal\u0131 mekanlarda \u00e7ocuklar\u0131, engellileri, hayvanlar\u0131 b\u00f6yle ortamlarda tutmamal\u0131y\u0131z. S\u0131k s\u0131k du\u015f almal\u0131y\u0131z. Du\u015f alma imkan\u0131 olmayanlar so\u011fuk suyla ellerini, y\u00fcz\u00fcn\u00fc, enselerini so\u011fuk bezlerle silmelidirler. Bu v\u00fccut \u0131s\u0131s\u0131n\u0131n d\u00fc\u015fmesine neden olacak.&#8221; ifadelerini kulland\u0131.<\/p>\n<p>                            <span class=\"detay-foto-editor\">&#13;<br \/>\n                                <a href=\"https:\/\/www.aa.com.tr\/tr\/p\/abonelik-talep-formu\/1001\" target=\"_blank\" style=\"font-size:12px; color:#444; text-decoration:none;\" rel=\"noopener\">&#13;<br \/>\n                                    Anadolu Ajans\u0131 web sitesinde, AA Haber Ak\u0131\u015f Sistemi (HAS) \u00fczerinden abonelere sunulan haberler, \u00f6zetlenerek yay\u0131mlanmaktad\u0131r. <b style=\"color:#1897F7\">Abonelik i\u00e7in l\u00fctfen ileti\u015fime ge\u00e7iniz.<\/b>&#13;<br \/>\n                                <\/a>&#13;<br \/>\n                            <\/span>\n                        <\/div>\n<p><script>\n\t  window.fbAsyncInit = function() {\n\t\tFB.init({\n\t\t  appId: '1855843514662870',\n\t\t  status : true, \/\/ check login status\n\t\t  cookie : true, \/\/ enable cookies to allow the server to access the session\n\t\t  xfbml  : true  \/\/ parse XFBML\n\t\t});\n\t  };<\/p>\n<p>\t  (function() {\n\t\tvar e = document.createElement('script');\n\t\te.src=\"https:\/\/connect.facebook.net\/tr_TR\/all.js\";\n\t\te.async = true;\n\t\tdocument.getElementById('fb-root').appendChild(e);\n\t  }());\n    <\/script><\/p>\n","protected":false},"excerpt":{"rendered":"<p>Kalkan, AA muhabirine a\u015f\u0131r\u0131 s\u0131caklardan dolay\u0131 \u00f6zellikle g\u00fcne\u015f \u0131\u015f\u0131nlar\u0131n\u0131n yo\u011fun oldu\u011fu saatlerde a\u015f\u0131r\u0131 kilolu, hamile, kronik hastal\u0131\u011f\u0131 olanlar\u0131n \u00e7ok dikkatli olmalar\u0131 gerekti\u011fini s\u00f6yledi. S\u0131cak havalarda v\u00fccudun kendini dengede tutmaya \u00e7al\u0131\u015ft\u0131\u011f\u0131n\u0131 aktaran Kalkan, \u0131s\u0131s\u0131n\u0131n 42 dereceye \u00e7\u0131kmas\u0131 durumunda v\u00fccudun bundan olumsuz etkilendi\u011fini anlatt\u0131. Kalkan, hava s\u0131cakl\u0131klar\u0131n\u0131n y\u00fckselmesiyle s\u0131cak \u00e7arpmas\u0131 vakalar\u0131n\u0131n artt\u0131\u011f\u0131na dikkat \u00e7ekerek, &#8220;\u00d6zellikle beyin h\u00fccreleri [&hellip;]<\/p>\n","protected":false},"author":1,"featured_media":10806,"comment_status":"","ping_status":"","sticky":false,"template":"","format":"standard","meta":[],"categories":[50],"tags":[],"_links":{"self":[{"href":"https:\/\/kraios.app\/news\/wp-json\/wp\/v2\/posts\/10805"}],"collection":[{"href":"https:\/\/kraios.app\/news\/wp-json\/wp\/v2\/posts"}],"about":[{"href":"https:\/\/kraios.app\/news\/wp-json\/wp\/v2\/types\/post"}],"author":[{"embeddable":true,"href":"https:\/\/kraios.app\/news\/wp-json\/wp\/v2\/users\/1"}],"replies":[{"embeddable":true,"href":"https:\/\/kraios.app\/news\/wp-json\/wp\/v2\/comments?post=10805"}],"version-history":[{"count":0,"href":"https:\/\/kraios.app\/news\/wp-json\/wp\/v2\/posts\/10805\/revisions"}],"wp:featuredmedia":[{"embeddable":true,"href":"https:\/\/kraios.app\/news\/wp-json\/wp\/v2\/media\/10806"}],"wp:attachment":[{"href":"https:\/\/kraios.app\/news\/wp-json\/wp\/v2\/media?parent=10805"}],"wp:term":[{"taxonomy":"category","embeddable":true,"href":"https:\/\/kraios.app\/news\/wp-json\/wp\/v2\/categories?post=10805"},{"taxonomy":"post_tag","embeddable":true,"href":"https:\/\/kraios.app\/news\/wp-json\/wp\/v2\/tags?post=10805"}],"curies":[{"name":"wp","href":"https:\/\/api.w.org\/{rel}","templated":true}]}}