{"id":10799,"date":"2023-08-01T09:20:06","date_gmt":"2023-08-01T09:20:06","guid":{"rendered":"https:\/\/kraios.app\/news\/ekonomi\/2023\/08\/01\/iklim-degisikligi-ve-olumsuz-hava-kosullari-kestane-balinda-rekolteyi-dusurdu\/"},"modified":"2023-08-01T09:20:06","modified_gmt":"2023-08-01T09:20:06","slug":"iklim-degisikligi-ve-olumsuz-hava-kosullari-kestane-balinda-rekolteyi-dusurdu","status":"publish","type":"post","link":"https:\/\/kraios.app\/news\/ekonomi\/2023\/08\/01\/iklim-degisikligi-ve-olumsuz-hava-kosullari-kestane-balinda-rekolteyi-dusurdu\/","title":{"rendered":"\u0130klim de\u011fi\u015fikli\u011fi ve olumsuz hava ko\u015fullar\u0131 kestane bal\u0131nda rekolteyi d\u00fc\u015f\u00fcrd\u00fc"},"content":{"rendered":"<p> <br \/>\n<\/p>\n<div>\n<p>Keke\u00e7o\u011flu, AA muhabirine, Karadeniz B\u00f6lgesi&#8217;nde kestane bal\u0131 hasad\u0131n\u0131n ba\u015flad\u0131\u011f\u0131n\u0131 s\u00f6yledi.<\/p>\n<p><img decoding=\"async\" alt=\"\" src=\"https:\/\/www.aa.com.tr\/uploads\/userFiles\/76bad36d-1411-48e8-a1ae-b65e58872c06\/01.06%2F14%2F8%2F20230801_2_59723169_91519019.jpg\"\/><\/p>\n<p>B\u00f6lgede son d\u00f6nemde ya\u015fanan kuvvetli ya\u011f\u0131\u015flar ve sellerle ani y\u00fckselen s\u0131cakl\u0131klar\u0131n \u00fcr\u00fcn kayb\u0131na yol a\u00e7arak rekolteyi d\u00fc\u015f\u00fcrd\u00fc\u011f\u00fcn\u00fc vurgulayan Keke\u00e7o\u011flu, &#8220;Ge\u00e7en y\u0131l\u0131n 3&#8217;te 1&#8217;i kadar bir bal rekoltemiz oldu ve bu bizi \u00e7ok \u00fczd\u00fc. Sadece bizde (DAGEM) de\u011fil t\u00fcm ar\u0131c\u0131lar\u0131m\u0131zda d\u00fc\u015f\u00fc\u015f ya\u015fand\u0131.&#8221; dedi.<\/p>\n<p>Meral Keke\u00e7o\u011flu, kestane bal\u0131 \u00fczerinde ara\u015ft\u0131rma yapan akademisyenler olarak bu y\u0131lki hasad\u0131n sonu\u00e7lar\u0131n\u0131 merakla beklediklerini fakat \u015fu ana kadar beklentilerin \u00e7ok alt\u0131nda bir verimle kar\u015f\u0131la\u015ft\u0131klar\u0131n\u0131 belirtti.<\/p>\n<p><img decoding=\"async\" alt=\"\" src=\"https:\/\/www.aa.com.tr\/uploads\/userFiles\/76bad36d-1411-48e8-a1ae-b65e58872c06\/01.06%2F14%2F8%2F20230801_2_59723169_91519006.jpg\"\/><\/p>\n<p>En k\u0131sa zamanda bal\u0131n kalitesi konusunda da fikir sahibi olacaklar\u0131n\u0131 dile getiren Keke\u00e7o\u011flu, \u015f\u00f6yle konu\u015ftu:<\/p>\n<p>&#8220;\u00d6rnekler alarak bal analizi yapaca\u011f\u0131z. Tar\u0131m ve Orman Bakanl\u0131\u011f\u0131n\u0131n tebli\u011fine g\u00f6re kestane bal\u0131nda y\u00fczde 70 kestane poleni bulunmas\u0131 gerekiyor. Aksi takdirde y\u00fczde 69 bile kabul g\u00f6r\u00fclm\u00fcyor. Bu \u015fekilde olunca \u00e7i\u00e7ek veya yayla bal\u0131 olarak nitelendiriyoruz. Bal hasad\u0131m\u0131z\u0131n ard\u0131ndan yapaca\u011f\u0131m\u0131z ilk i\u015f, &#8216;Bal kriterlere uyuyor mu?&#8217; ona bakaca\u011f\u0131z. Bu y\u0131lki hasat poleni istenilen seviyede mi bunu g\u00f6rm\u00fc\u015f olaca\u011f\u0131z.&#8221;<\/p>\n<p><img decoding=\"async\" alt=\"\" src=\"https:\/\/www.aa.com.tr\/uploads\/userFiles\/76bad36d-1411-48e8-a1ae-b65e58872c06\/01.06%2F14%2F8%2F20230801_2_59723169_91519005.jpg\"\/><\/p>\n<h3>Ar\u0131c\u0131lar farkl\u0131 \u00fcr\u00fcnlere de y\u00f6nlendiriliyor<\/h3>\n<p>\u0130klimsel olumsuzluklara kar\u015f\u0131 DAGEM olarak her y\u0131l de\u011fi\u015fen \u015fartlara g\u00f6re yeni \u00f6nlemler ald\u0131klar\u0131n\u0131 ve ar\u0131c\u0131lar\u0131 bu do\u011frultuda uyard\u0131klar\u0131n\u0131 aktaran Keke\u00e7o\u011flu, katma de\u011feri y\u00fcksek di\u011fer ar\u0131 \u00fcr\u00fcnleri konusunda da ar\u0131c\u0131lar\u0131 y\u00f6nlendirdiklerini anlatt\u0131.<\/p>\n<p>\u00d6zellikle ar\u0131 zehri \u00fcretimi, ar\u0131 zehrinin sa\u011fl\u0131k alan\u0131ndaki kullan\u0131m\u0131, apilarnil kullan\u0131m\u0131 ve sa\u011fl\u0131k alan\u0131na katk\u0131lar\u0131 y\u00f6n\u00fcnde \u00e7al\u0131\u015fmalar yapt\u0131klar\u0131n\u0131 belirten, Keke\u00e7o\u011flu, olumsuz hava \u015fartlar\u0131na ba\u011fl\u0131 rekolte d\u00fc\u015f\u00fc\u015f\u00fcn\u00fc engellemenin m\u00fcmk\u00fcn olmad\u0131\u011f\u0131n\u0131 dile getirdi.<\/p>\n<p><img decoding=\"async\" alt=\"\" src=\"https:\/\/www.aa.com.tr\/uploads\/userFiles\/76bad36d-1411-48e8-a1ae-b65e58872c06\/01.06%2F14%2F8%2F20230801_2_59723169_91519017.jpg\"\/><\/p>\n<p>Meral Keke\u00e7o\u011flu, &#8220;Bu, bir g\u00fcnl\u00fck bir olay de\u011fil, y\u00fczy\u0131llar\u0131n getirdi\u011fi durum, iklim de\u011fi\u015fikli\u011fine ba\u011fl\u0131 de\u011fi\u015fimler oluyor. Bunlar, \u00e7evreye verdi\u011fimiz zararlar nedeniyle geli\u015fen de\u011fi\u015fimler.&#8221; de\u011ferlendirmesinde bulundu.<\/p>\n<p>                            <span class=\"detay-foto-editor\">&#13;<br \/>\n                                <a href=\"https:\/\/www.aa.com.tr\/tr\/p\/abonelik-talep-formu\/1001\" target=\"_blank\" style=\"font-size:12px; color:#444; text-decoration:none;\" rel=\"noopener\">&#13;<br \/>\n                                    Anadolu Ajans\u0131 web sitesinde, AA Haber Ak\u0131\u015f Sistemi (HAS) \u00fczerinden abonelere sunulan haberler, \u00f6zetlenerek yay\u0131mlanmaktad\u0131r. <b style=\"color:#1897F7\">Abonelik i\u00e7in l\u00fctfen ileti\u015fime ge\u00e7iniz.<\/b>&#13;<br \/>\n                                <\/a>&#13;<br \/>\n                            <\/span>\n                        <\/div>\n<p><script>\n\t  window.fbAsyncInit = function() {\n\t\tFB.init({\n\t\t  appId: '1855843514662870',\n\t\t  status : true, \/\/ check login status\n\t\t  cookie : true, \/\/ enable cookies to allow the server to access the session\n\t\t  xfbml  : true  \/\/ parse XFBML\n\t\t});\n\t  };<\/p>\n<p>\t  (function() {\n\t\tvar e = document.createElement('script');\n\t\te.src=\"https:\/\/connect.facebook.net\/tr_TR\/all.js\";\n\t\te.async = true;\n\t\tdocument.getElementById('fb-root').appendChild(e);\n\t  }());\n    <\/script><br \/>\n<br \/><br \/>\n<br \/><a href=\"https:\/\/www.aa.com.tr\/tr\/ekonomi\/iklim-degisikligi-ve-olumsuz-hava-kosullari-kestane-balinda-rekolteyi-dusurdu\/2958948\">Source link <\/a><\/p>\n","protected":false},"excerpt":{"rendered":"<p>Keke\u00e7o\u011flu, AA muhabirine, Karadeniz B\u00f6lgesi&#8217;nde kestane bal\u0131 hasad\u0131n\u0131n ba\u015flad\u0131\u011f\u0131n\u0131 s\u00f6yledi. B\u00f6lgede son d\u00f6nemde ya\u015fanan kuvvetli ya\u011f\u0131\u015flar ve sellerle ani y\u00fckselen s\u0131cakl\u0131klar\u0131n \u00fcr\u00fcn kayb\u0131na yol a\u00e7arak rekolteyi d\u00fc\u015f\u00fcrd\u00fc\u011f\u00fcn\u00fc vurgulayan Keke\u00e7o\u011flu, &#8220;Ge\u00e7en y\u0131l\u0131n 3&#8217;te 1&#8217;i kadar bir bal rekoltemiz oldu ve bu bizi \u00e7ok \u00fczd\u00fc. Sadece bizde (DAGEM) de\u011fil t\u00fcm ar\u0131c\u0131lar\u0131m\u0131zda d\u00fc\u015f\u00fc\u015f ya\u015fand\u0131.&#8221; dedi. Meral Keke\u00e7o\u011flu, kestane [&hellip;]<\/p>\n","protected":false},"author":1,"featured_media":10800,"comment_status":"","ping_status":"","sticky":false,"template":"","format":"standard","meta":[],"categories":[44],"tags":[],"_links":{"self":[{"href":"https:\/\/kraios.app\/news\/wp-json\/wp\/v2\/posts\/10799"}],"collection":[{"href":"https:\/\/kraios.app\/news\/wp-json\/wp\/v2\/posts"}],"about":[{"href":"https:\/\/kraios.app\/news\/wp-json\/wp\/v2\/types\/post"}],"author":[{"embeddable":true,"href":"https:\/\/kraios.app\/news\/wp-json\/wp\/v2\/users\/1"}],"replies":[{"embeddable":true,"href":"https:\/\/kraios.app\/news\/wp-json\/wp\/v2\/comments?post=10799"}],"version-history":[{"count":0,"href":"https:\/\/kraios.app\/news\/wp-json\/wp\/v2\/posts\/10799\/revisions"}],"wp:featuredmedia":[{"embeddable":true,"href":"https:\/\/kraios.app\/news\/wp-json\/wp\/v2\/media\/10800"}],"wp:attachment":[{"href":"https:\/\/kraios.app\/news\/wp-json\/wp\/v2\/media?parent=10799"}],"wp:term":[{"taxonomy":"category","embeddable":true,"href":"https:\/\/kraios.app\/news\/wp-json\/wp\/v2\/categories?post=10799"},{"taxonomy":"post_tag","embeddable":true,"href":"https:\/\/kraios.app\/news\/wp-json\/wp\/v2\/tags?post=10799"}],"curies":[{"name":"wp","href":"https:\/\/api.w.org\/{rel}","templated":true}]}}