{"id":10793,"date":"2023-08-01T07:30:23","date_gmt":"2023-08-01T07:30:23","guid":{"rendered":"https:\/\/kraios.app\/news\/yasam\/2023\/08\/01\/ozbekistanda-carvak-baraji-sicaklardan-bunalanlarin-tercih-ettigi-yerlerin-basinda-geliyor\/"},"modified":"2023-08-01T07:30:23","modified_gmt":"2023-08-01T07:30:23","slug":"ozbekistanda-carvak-baraji-sicaklardan-bunalanlarin-tercih-ettigi-yerlerin-basinda-geliyor","status":"publish","type":"post","link":"https:\/\/kraios.app\/news\/yasam\/2023\/08\/01\/ozbekistanda-carvak-baraji-sicaklardan-bunalanlarin-tercih-ettigi-yerlerin-basinda-geliyor\/","title":{"rendered":"\u00d6zbekistan\u2019da \u00c7arvak Baraj\u0131, s\u0131caklardan bunalanlar\u0131n tercih etti\u011fi yerlerin ba\u015f\u0131nda geliyor"},"content":{"rendered":"<p><\/p>\n<div>\n<p>\u00d6zbekistan\u2019\u0131n ba\u015fkenti Ta\u015fkent\u2019te s\u0131caklardan bunalanlar serinlemek i\u00e7in \u00c7arvak Baraj\u0131\u2019n\u0131 tercih ediyor.<\/p>\n<p>Denize k\u0131y\u0131s\u0131 olmayan \u00d6zbekistan\u2019\u0131n ba\u015fkenti Ta\u015fkent\u2019ten 80 kilometre uzakl\u0131kta, Tanr\u0131 Da\u011flar\u0131&#8217;n\u0131n en bat\u0131 eteklerinde yerle\u015fen \u00c7arvak Baraj\u0131, s\u0131cak havalardan bunalarak suya girmek isteyenlerin tercih etti\u011fi yerlerin ba\u015f\u0131nda geliyor.<\/p>\n<p>Kurak bir iklime sahip \u00d6zbekistan\u2019da, yaz aylar\u0131nda hava s\u0131cakl\u0131\u011f\u0131 40 dereceyi a\u015farken, G\u00f6ksu, P\u0131skom ve \u00c7atkal \u0131rmaklar\u0131n\u0131n d\u00f6k\u00fcld\u00fc\u011f\u00fc \u00c7arvak Baraj\u0131, deniz seviyesinden ortalama 1200 metre y\u00fckseklikte bulunmas\u0131, zengin su kaynaklar\u0131 ve ye\u015fil do\u011fas\u0131yla b\u00f6lgenin en serin noktalar\u0131ndan biri durumunda.<\/p>\n<p><img decoding=\"async\" alt=\"\" src=\"https:\/\/www.aa.com.tr\/uploads\/userFiles\/9c85db40-ef31-40fe-a989-05c7e506d5d0\/07_2023%2F31072023%2Fozbekistan1_.jpg\"\/><\/p>\n<p>\u00c7arvak Havzas\u0131&#8217;nda \u00e7ok say\u0131da otel, dinlenme tesisi, yazl\u0131k ve konukevleri bulunurken Ta\u015fkent ve \u00e7evresinde ya\u015fayanlar da yaz aylar\u0131nda tatil yapmak i\u00e7in b\u00f6lgeye ak\u0131n ediyor.<\/p>\n<p>B\u00f6lgeye gelenlere evlerini kiraya vererek ge\u00e7imlerini sa\u011flayan y\u00f6re halk\u0131, \u015fehrin s\u0131ca\u011f\u0131ndan ka\u00e7anlara baraj sahiline kurduklar\u0131 \u00e7ad\u0131rlarla farkl\u0131 hizmetler sunmaya gayret g\u00f6steriyor.<\/p>\n<p>Y\u00f6re halk\u0131, inek ve ke\u00e7i s\u00fct\u00fcnden elde etti\u011fi &#8220;kurut&#8221; peyniri, at s\u00fct\u00fcnden \u00fcretti\u011fi &#8220;k\u0131m\u0131z&#8221; i\u00e7ece\u011fi ile ziyaret\u00e7ilere farkl\u0131 y\u00f6resel lezzetler de sunuyor.<\/p>\n<p><img decoding=\"async\" alt=\"\" src=\"https:\/\/www.aa.com.tr\/uploads\/userFiles\/9c85db40-ef31-40fe-a989-05c7e506d5d0\/07_2023%2F31072023%2Fozbekistan2_.jpg\"\/><\/p>\n<h3>Yeni in\u015fa edilen teleferikler b\u00f6lgenin g\u00fczelliklerini yak\u0131ndan g\u00f6rme imkan\u0131 sunuyor<\/h3>\n<p>\u0130n\u015faat\u0131 1970&#8217;te tamamlanan \u00c7arvak Baraj\u0131, toplam 37 kilometrekare alan\u0131 kapsarken, Ta\u015fkent ve \u00e7evresindeki tar\u0131m arazilerini su ile beslemenin yan\u0131 s\u0131ra baraj\u0131n \u00fczerine kurulan hidroelektrik santralinde y\u0131ll\u0131k 2 milyar kilovatsaat elektrik \u00fcretiliyor.<\/p>\n<p>Kazakistan ve K\u0131rg\u0131zistan ile s\u0131n\u0131rda bulunmas\u0131ndan dolay\u0131 kom\u015fu \u00fclke vatanda\u015flar\u0131nca da tercih edilen b\u00f6lgede son d\u00f6nemde yap\u0131lan otel ve konaklama tesisleri, ziyaret\u00e7ilerin say\u0131s\u0131n\u0131n daha da artmas\u0131n\u0131 sa\u011flarken, yeni in\u015fa edilen teleferikler de b\u00f6lgenin g\u00fczelliklerini daha yak\u0131ndan g\u00f6rme imkan\u0131 sunuyor.<\/p>\n<h3>Vatanda\u015flar, b\u00f6lgedeki konaklama \u00fccretinin pahal\u0131 olmas\u0131ndan \u015fikayet\u00e7i<\/h3>\n<p>\u00c7arvak Baraj\u0131 yak\u0131n\u0131ndaki otel, dinlenme tesisleri ve konukevleri pahal\u0131 olmas\u0131na ra\u011fmen Ta\u015fkent\u2019e yak\u0131nl\u0131\u011f\u0131 ve tatil i\u00e7in gidilecek yer konusunda fazla se\u00e7enek bulunmamas\u0131 nedeniyle vatanda\u015flar bu b\u00f6lgeyi daha \u00e7ok tercih ediyor.<\/p>\n<p>Ta\u015fkent\u2019ten ailesiyle \u00c7arvak\u2019a gelen Rustam \u0130namov, AA muhabirine yapt\u0131\u011f\u0131 a\u00e7\u0131klamada, Ta\u015fkent\u2019in kavurucu s\u0131caklar\u0131ndan uzakla\u015fmak i\u00e7in hafta sonu b\u00f6lgenin serin havas\u0131n\u0131 tercih ettiklerini dile getirdi.<\/p>\n<p>\u00c7arvak Havzas\u0131&#8217;nda \u00e7ok say\u0131da konukevinin bulunmas\u0131na ra\u011fmen konaklama \u00fccretinin \u00e7ok pahal\u0131 oldu\u011funu anlatan \u0130namov, bunun b\u00f6lgede vatanda\u015flar\u0131n gidebilece\u011fi alternatiflerin bulunmamas\u0131ndan kaynakland\u0131\u011f\u0131n\u0131 s\u00f6yledi.\u200b<\/p>\n<p>                            <span class=\"detay-foto-editor\">&#13;<br \/>\n                                <a href=\"https:\/\/www.aa.com.tr\/tr\/p\/abonelik-talep-formu\/1001\" target=\"_blank\" style=\"font-size:12px; color:#444; text-decoration:none;\" rel=\"noopener\">&#13;<br \/>\n                                    Anadolu Ajans\u0131 web sitesinde, AA Haber Ak\u0131\u015f Sistemi (HAS) \u00fczerinden abonelere sunulan haberler, \u00f6zetlenerek yay\u0131mlanmaktad\u0131r. <b style=\"color:#1897F7\">Abonelik i\u00e7in l\u00fctfen ileti\u015fime ge\u00e7iniz.<\/b>&#13;<br \/>\n                                <\/a>&#13;<br \/>\n                            <\/span>\n                        <\/div>\n<p><script>\n\t  window.fbAsyncInit = function() {\n\t\tFB.init({\n\t\t  appId: '1855843514662870',\n\t\t  status : true, \/\/ check login status\n\t\t  cookie : true, \/\/ enable cookies to allow the server to access the session\n\t\t  xfbml  : true  \/\/ parse XFBML\n\t\t});\n\t  };<\/p>\n<p>\t  (function() {\n\t\tvar e = document.createElement('script');\n\t\te.src=\"https:\/\/connect.facebook.net\/tr_TR\/all.js\";\n\t\te.async = true;\n\t\tdocument.getElementById('fb-root').appendChild(e);\n\t  }());\n    <\/script><\/p>\n","protected":false},"excerpt":{"rendered":"<p>\u00d6zbekistan\u2019\u0131n ba\u015fkenti Ta\u015fkent\u2019te s\u0131caklardan bunalanlar serinlemek i\u00e7in \u00c7arvak Baraj\u0131\u2019n\u0131 tercih ediyor. Denize k\u0131y\u0131s\u0131 olmayan \u00d6zbekistan\u2019\u0131n ba\u015fkenti Ta\u015fkent\u2019ten 80 kilometre uzakl\u0131kta, Tanr\u0131 Da\u011flar\u0131&#8217;n\u0131n en bat\u0131 eteklerinde yerle\u015fen \u00c7arvak Baraj\u0131, s\u0131cak havalardan bunalarak suya girmek isteyenlerin tercih etti\u011fi yerlerin ba\u015f\u0131nda geliyor. Kurak bir iklime sahip \u00d6zbekistan\u2019da, yaz aylar\u0131nda hava s\u0131cakl\u0131\u011f\u0131 40 dereceyi a\u015farken, G\u00f6ksu, P\u0131skom ve \u00c7atkal [&hellip;]<\/p>\n","protected":false},"author":1,"featured_media":10794,"comment_status":"","ping_status":"","sticky":false,"template":"","format":"standard","meta":[],"categories":[50],"tags":[],"_links":{"self":[{"href":"https:\/\/kraios.app\/news\/wp-json\/wp\/v2\/posts\/10793"}],"collection":[{"href":"https:\/\/kraios.app\/news\/wp-json\/wp\/v2\/posts"}],"about":[{"href":"https:\/\/kraios.app\/news\/wp-json\/wp\/v2\/types\/post"}],"author":[{"embeddable":true,"href":"https:\/\/kraios.app\/news\/wp-json\/wp\/v2\/users\/1"}],"replies":[{"embeddable":true,"href":"https:\/\/kraios.app\/news\/wp-json\/wp\/v2\/comments?post=10793"}],"version-history":[{"count":0,"href":"https:\/\/kraios.app\/news\/wp-json\/wp\/v2\/posts\/10793\/revisions"}],"wp:featuredmedia":[{"embeddable":true,"href":"https:\/\/kraios.app\/news\/wp-json\/wp\/v2\/media\/10794"}],"wp:attachment":[{"href":"https:\/\/kraios.app\/news\/wp-json\/wp\/v2\/media?parent=10793"}],"wp:term":[{"taxonomy":"category","embeddable":true,"href":"https:\/\/kraios.app\/news\/wp-json\/wp\/v2\/categories?post=10793"},{"taxonomy":"post_tag","embeddable":true,"href":"https:\/\/kraios.app\/news\/wp-json\/wp\/v2\/tags?post=10793"}],"curies":[{"name":"wp","href":"https:\/\/api.w.org\/{rel}","templated":true}]}}