{"id":10762,"date":"2023-07-31T21:53:08","date_gmt":"2023-07-31T21:53:08","guid":{"rendered":"https:\/\/kraios.app\/news\/spor\/2023\/07\/31\/yarinki-maci-iyi-bir-futbol-ve-mucadeleyle-kazanmak-istiyoruz\/"},"modified":"2023-07-31T21:53:08","modified_gmt":"2023-07-31T21:53:08","slug":"yarinki-maci-iyi-bir-futbol-ve-mucadeleyle-kazanmak-istiyoruz","status":"publish","type":"post","link":"https:\/\/kraios.app\/news\/spor\/2023\/07\/31\/yarinki-maci-iyi-bir-futbol-ve-mucadeleyle-kazanmak-istiyoruz\/","title":{"rendered":"&#8216;Yar\u0131nki ma\u00e7\u0131 iyi bir futbol ve m\u00fccadeleyle kazanmak istiyoruz&#8217;"},"content":{"rendered":"<p><\/p>\n<div>\n<p>Ba\u015fkent Ki\u015finev&#8217;deki Zimbru Stad\u0131&#8217;nda yar\u0131n 20.30&#8217;da ba\u015flayacak m\u00fcsabaka \u00f6ncesi d\u00fczenlenen bas\u0131n toplant\u0131s\u0131na teknik direkt\u00f6r \u0130smail Kartal&#8217;\u0131n yan\u0131 s\u0131ra gen\u00e7 orta saha oyuncusu \u0130smail Y\u00fcksek kat\u0131ld\u0131.<\/p>\n<p>Kartal, \u0130stanbul&#8217;daki ma\u00e7\u0131 5-0 kazand\u0131klar\u0131n\u0131 hat\u0131rlatarak, &#8220;\u0130lk ma\u00e7ta g\u00fczel bir oyunla iyi bir sonu\u00e7 ald\u0131k. Tabii ki futbolda al\u0131nan sonu\u00e7lar\u0131n bir garantisi yoktur. Ayn\u0131 ciddiyetle, rakibimize sayg\u0131 g\u00f6stererek en iyi \u015fekilde haz\u0131rland\u0131k. Yar\u0131nki ma\u00e7\u0131 iyi bir futbol ve m\u00fccadeleyle kazanmak istiyoruz. \u00dclke puan\u0131na katk\u0131 sa\u011flamak i\u00e7in Fenerbah\u00e7e&#8217;ye yak\u0131\u015f\u0131r bir oyun ortaya koymak istiyoruz.&#8221; diye konu\u015ftu.<\/p>\n<p>\u0130lk m\u00fcsabakaya g\u00f6re rotasyon yapaca\u011f\u0131n\u0131 belirten Kartal, &#8220;\u0130lk ma\u00e7ta Djiku&#8217;nun bir sakatl\u0131\u011f\u0131 var. Onu kadroya almayarak riske etmedik. Baz\u0131 oyuncular\u0131 rotasyonla dinlendirerek ba\u015fka oyuncularla geldik. Yar\u0131n durumlar\u0131n\u0131 g\u00f6rmek i\u00e7in onlara \u015fans verece\u011fim.&#8221; ifadelerini kulland\u0131.<\/p>\n<p>Sar\u0131-lacivertli tak\u0131m\u0131n teknik direkt\u00f6r\u00fc, hedeflerinin 3 kulvarda \u015fampiyonluk oldu\u011funu vurgulayarak \u015funlar\u0131 kaydetti:<\/p>\n<p>&#8220;\u00d6nemli bir kadroya sahibiz. Kadro kalitesini ve derinli\u011fini geni\u015fletti\u011fimiz i\u00e7in 3 kulvarda da yar\u0131\u015fabilece\u011fimizi d\u00fc\u015f\u00fcn\u00fcyorum. T\u00fcrkiye&#8217;de birinci \u00f6nceli\u011fimiz \u015fampiyon olmak. Allah&#8217;\u0131n izniyle bunu ba\u015faraca\u011f\u0131z. Ayr\u0131ca T\u00fcrkiye Kupas\u0131&#8217;n\u0131 da almak istiyoruz. Avrupa kupalar\u0131nda da hayallerimizi ya\u015famak ve ya\u015fatmak istiyoruz. Oyuncular\u0131m\u0131zla bunu s\u00fcrekli konu\u015fuyoruz. G\u00fczel bir enerjimiz var. Bunu ba\u015farabilece\u011fimizi d\u00fc\u015f\u00fcyoruz, &#8216;Neden olmas\u0131n?&#8217; diyoruz. Olabilmesi i\u00e7in de \u00e7ok \u00e7al\u0131\u015f\u0131yoruz. \u0130n\u015fallah bu konuda da ba\u015far\u0131l\u0131 oluruz.&#8221;<\/p>\n<p>Kartal, transfer g\u00fcndeminde oldu\u011fu iddia edilen Cengiz \u00dcnder ve H\u0131rvat kaleci Dominik Livakovic ile ilgili soru \u00fczerine, &#8220;\u015eu anda bu isimlerle ilgili benim konu\u015fmam do\u011fru olmaz. Ekonomik \u015fartlar var, kul\u00fcpler aras\u0131nda g\u00f6r\u00fc\u015fmeler var. Bu \u00e7al\u0131\u015fmay\u0131 Ba\u015fkan\u0131m\u0131z ve y\u00f6netim kurulu s\u00fcrd\u00fcr\u00fcyor. Onlar\u0131n yetki alan\u0131. \u015eu anda bu konuda herhangi bir a\u00e7\u0131klama yapmam do\u011fru olmaz.&#8221; \u015feklinde g\u00f6r\u00fc\u015f belirtti.<\/p>\n<h3>\u0130smail Y\u00fcksek: Futbol rakibe ve oyuna sayg\u0131s\u0131zl\u0131\u011f\u0131 asla kald\u0131rmaz<\/h3>\n<p>\u0130smail Y\u00fcksek ise ilk ma\u00e7taki 5-0&#8217;l\u0131k skora g\u00f6re davranmayacaklar\u0131n\u0131 s\u00f6yledi.<\/p>\n<p>\u0130lk kar\u015f\u0131la\u015fmadaki ciddiyeti korumalar\u0131 gerekti\u011fini aktaran \u0130smail, &#8220;\u0130lk ma\u00e7a \u00e7ok iyi bir konsantrasyonla ba\u015flad\u0131k. \u0130stedi\u011fimizi ald\u0131\u011f\u0131m\u0131z bir oyun sergiledik. Elbette b\u00fcy\u00fck bir avantaj sa\u011flad\u0131k ama futbol rakibe ve oyuna sayg\u0131s\u0131zl\u0131\u011f\u0131 asla kald\u0131rmaz. Ayn\u0131 ciddiyetle \u00e7\u0131karak \u00fclke puan\u0131na katk\u0131 sa\u011flayacak bir galibiyet hedefliyoruz. Bunun i\u00e7in buraday\u0131z.&#8221; diye konu\u015ftu.<\/p>\n<p>Tak\u0131m i\u00e7i rekabetin fayda sa\u011flayaca\u011f\u0131n\u0131 dile getiren 24 ya\u015f\u0131ndaki futbolcu, &#8220;Tak\u0131m\u0131m\u0131z geni\u015f bir kadroya sahip ve de\u011ferli oyunculardan kurulu. Futbol kolektif bir oyun. Hepimiz bireysel anlamda en y\u00fcksek seviyeye ula\u015farak tak\u0131m b\u00fct\u00fcnl\u00fc\u011f\u00fcne katk\u0131 sa\u011flamaya \u00e7al\u0131\u015f\u0131yoruz. Sahada kimin oynad\u0131\u011f\u0131ndan \u00e7ok tak\u0131m olarak ne yapt\u0131\u011f\u0131m\u0131z \u00e7ok \u00f6nemli. Rekabetin tak\u0131ma katk\u0131 sa\u011flayaca\u011f\u0131n\u0131 d\u00fc\u015f\u00fcn\u00fcyorum.&#8221; de\u011ferlendirmesinde bulundu. <\/p>\n<p>\u0130smail Y\u00fcksek, kadroya \u00f6nemli futbolcular\u0131n dahil oldu\u011funu belirterek, &#8220;Bize olumlu faydalar\u0131 oluyor. Bu sezonu kendim, tak\u0131m\u0131m\u0131z ve kul\u00fcb\u00fcm\u00fcz i\u00e7in \u00e7ok de\u011ferli g\u00f6r\u00fcyorum. 9 y\u0131ld\u0131r hasret kald\u0131\u011f\u0131m\u0131z bir kupa var. Hepimiz ayn\u0131 hedefe odaklan\u0131rsak kupay\u0131 m\u00fczemize g\u00f6t\u00fcrece\u011fimize inan\u0131yorum.&#8221; ifadelerini kulland\u0131.<\/p>\n<p>                            <span class=\"detay-foto-editor\">&#13;<br \/>\n                                <a href=\"https:\/\/www.aa.com.tr\/tr\/p\/abonelik-talep-formu\/1001\" target=\"_blank\" style=\"font-size:12px; color:#444; text-decoration:none;\" rel=\"noopener\">&#13;<br \/>\n                                    Anadolu Ajans\u0131 web sitesinde, AA Haber Ak\u0131\u015f Sistemi (HAS) \u00fczerinden abonelere sunulan haberler, \u00f6zetlenerek yay\u0131mlanmaktad\u0131r. <b style=\"color:#1897F7\">Abonelik i\u00e7in l\u00fctfen ileti\u015fime ge\u00e7iniz.<\/b>&#13;<br \/>\n                                <\/a>&#13;<br \/>\n                            <\/span>\n                        <\/div>\n<p><script>\n\t  window.fbAsyncInit = function() {\n\t\tFB.init({\n\t\t  appId: '1855843514662870',\n\t\t  status : true, \/\/ check login status\n\t\t  cookie : true, \/\/ enable cookies to allow the server to access the session\n\t\t  xfbml  : true  \/\/ parse XFBML\n\t\t});\n\t  };<\/p>\n<p>\t  (function() {\n\t\tvar e = document.createElement('script');\n\t\te.src=\"https:\/\/connect.facebook.net\/tr_TR\/all.js\";\n\t\te.async = true;\n\t\tdocument.getElementById('fb-root').appendChild(e);\n\t  }());\n    <\/script><\/p>\n","protected":false},"excerpt":{"rendered":"<p>Ba\u015fkent Ki\u015finev&#8217;deki Zimbru Stad\u0131&#8217;nda yar\u0131n 20.30&#8217;da ba\u015flayacak m\u00fcsabaka \u00f6ncesi d\u00fczenlenen bas\u0131n toplant\u0131s\u0131na teknik direkt\u00f6r \u0130smail Kartal&#8217;\u0131n yan\u0131 s\u0131ra gen\u00e7 orta saha oyuncusu \u0130smail Y\u00fcksek kat\u0131ld\u0131. Kartal, \u0130stanbul&#8217;daki ma\u00e7\u0131 5-0 kazand\u0131klar\u0131n\u0131 hat\u0131rlatarak, &#8220;\u0130lk ma\u00e7ta g\u00fczel bir oyunla iyi bir sonu\u00e7 ald\u0131k. Tabii ki futbolda al\u0131nan sonu\u00e7lar\u0131n bir garantisi yoktur. Ayn\u0131 ciddiyetle, rakibimize sayg\u0131 g\u00f6stererek en iyi [&hellip;]<\/p>\n","protected":false},"author":1,"featured_media":10763,"comment_status":"","ping_status":"","sticky":false,"template":"","format":"standard","meta":[],"categories":[48],"tags":[],"_links":{"self":[{"href":"https:\/\/kraios.app\/news\/wp-json\/wp\/v2\/posts\/10762"}],"collection":[{"href":"https:\/\/kraios.app\/news\/wp-json\/wp\/v2\/posts"}],"about":[{"href":"https:\/\/kraios.app\/news\/wp-json\/wp\/v2\/types\/post"}],"author":[{"embeddable":true,"href":"https:\/\/kraios.app\/news\/wp-json\/wp\/v2\/users\/1"}],"replies":[{"embeddable":true,"href":"https:\/\/kraios.app\/news\/wp-json\/wp\/v2\/comments?post=10762"}],"version-history":[{"count":0,"href":"https:\/\/kraios.app\/news\/wp-json\/wp\/v2\/posts\/10762\/revisions"}],"wp:featuredmedia":[{"embeddable":true,"href":"https:\/\/kraios.app\/news\/wp-json\/wp\/v2\/media\/10763"}],"wp:attachment":[{"href":"https:\/\/kraios.app\/news\/wp-json\/wp\/v2\/media?parent=10762"}],"wp:term":[{"taxonomy":"category","embeddable":true,"href":"https:\/\/kraios.app\/news\/wp-json\/wp\/v2\/categories?post=10762"},{"taxonomy":"post_tag","embeddable":true,"href":"https:\/\/kraios.app\/news\/wp-json\/wp\/v2\/tags?post=10762"}],"curies":[{"name":"wp","href":"https:\/\/api.w.org\/{rel}","templated":true}]}}