{"id":10735,"date":"2023-07-31T16:20:08","date_gmt":"2023-07-31T16:20:08","guid":{"rendered":"https:\/\/kraios.app\/news\/spor\/2023\/07\/31\/besiktas-ante-rebici-kadrosuna-katti\/"},"modified":"2023-07-31T16:20:08","modified_gmt":"2023-07-31T16:20:08","slug":"besiktas-ante-rebici-kadrosuna-katti","status":"publish","type":"post","link":"https:\/\/kraios.app\/news\/spor\/2023\/07\/31\/besiktas-ante-rebici-kadrosuna-katti\/","title":{"rendered":"Be\u015fikta\u015f, Ante Rebic&#039;i kadrosuna katt\u0131"},"content":{"rendered":"<p>Be\u015fikta\u015f Kul\u00fcb\u00fc, \u0130talya&#8217;n\u0131n Milan tak\u0131m\u0131ndan H\u0131rvat futbolcu Ante Rebic ile 2 y\u0131ll\u0131k s\u00f6zle\u015fme imzaland\u0131\u011f\u0131n\u0131 a\u00e7\u0131klad\u0131.<\/p>\n","protected":false},"excerpt":{"rendered":"<p>Be\u015fikta\u015f Kul\u00fcb\u00fc, \u0130talya&#8217;n\u0131n Milan tak\u0131m\u0131ndan H\u0131rvat futbolcu Ante Rebic ile 2 y\u0131ll\u0131k s\u00f6zle\u015fme imzaland\u0131\u011f\u0131n\u0131 a\u00e7\u0131klad\u0131.<\/p>\n","protected":false},"author":1,"featured_media":10736,"comment_status":"","ping_status":"","sticky":false,"template":"","format":"standard","meta":[],"categories":[48],"tags":[],"_links":{"self":[{"href":"https:\/\/kraios.app\/news\/wp-json\/wp\/v2\/posts\/10735"}],"collection":[{"href":"https:\/\/kraios.app\/news\/wp-json\/wp\/v2\/posts"}],"about":[{"href":"https:\/\/kraios.app\/news\/wp-json\/wp\/v2\/types\/post"}],"author":[{"embeddable":true,"href":"https:\/\/kraios.app\/news\/wp-json\/wp\/v2\/users\/1"}],"replies":[{"embeddable":true,"href":"https:\/\/kraios.app\/news\/wp-json\/wp\/v2\/comments?post=10735"}],"version-history":[{"count":0,"href":"https:\/\/kraios.app\/news\/wp-json\/wp\/v2\/posts\/10735\/revisions"}],"wp:featuredmedia":[{"embeddable":true,"href":"https:\/\/kraios.app\/news\/wp-json\/wp\/v2\/media\/10736"}],"wp:attachment":[{"href":"https:\/\/kraios.app\/news\/wp-json\/wp\/v2\/media?parent=10735"}],"wp:term":[{"taxonomy":"category","embeddable":true,"href":"https:\/\/kraios.app\/news\/wp-json\/wp\/v2\/categories?post=10735"},{"taxonomy":"post_tag","embeddable":true,"href":"https:\/\/kraios.app\/news\/wp-json\/wp\/v2\/tags?post=10735"}],"curies":[{"name":"wp","href":"https:\/\/api.w.org\/{rel}","templated":true}]}}