{"id":10725,"date":"2023-07-31T13:20:08","date_gmt":"2023-07-31T13:20:08","guid":{"rendered":"https:\/\/kraios.app\/news\/spor\/2023\/07\/31\/galatasaray-kulubu-socar-ile-sponsorluk-sozlesmesi-imzaladi\/"},"modified":"2023-07-31T13:20:08","modified_gmt":"2023-07-31T13:20:08","slug":"galatasaray-kulubu-socar-ile-sponsorluk-sozlesmesi-imzaladi","status":"publish","type":"post","link":"https:\/\/kraios.app\/news\/spor\/2023\/07\/31\/galatasaray-kulubu-socar-ile-sponsorluk-sozlesmesi-imzaladi\/","title":{"rendered":"Galatasaray Kul\u00fcb\u00fc, SOCAR ile sponsorluk s\u00f6zle\u015fmesi imzalad\u0131"},"content":{"rendered":"<p><\/p>\n<div>\n<p>Sar\u0131-k\u0131rm\u0131z\u0131l\u0131 kul\u00fcp ile SOCAR aras\u0131nda 3 y\u0131l i\u00e7in toplam 15 milyon avro+KDV olarak anla\u015fma sa\u011flanan ve t\u00fcm bran\u015flar\u0131 kapsayan sponsorluk, reklam ile tan\u0131t\u0131m haklar\u0131 s\u00f6zle\u015fmesiyle ilgili imza t\u00f6reni d\u00fczenlendi.<\/p>\n<p>RAMS Park&#8217;ta d\u00fczenlenen imza t\u00f6renine Galatasaray Kul\u00fcb\u00fc Ba\u015fkan\u0131 Dursun \u00d6zbek, SOCAR T\u00fcrkiye \u00dcst Y\u00f6neticisi (CEO) Elchin Ibadov, sar\u0131-k\u0131rm\u0131z\u0131l\u0131 futbolcular Kerem Akt\u00fcrko\u011flu, Yunus Akg\u00fcn ve Lucas Torreira ile davetliler kat\u0131ld\u0131.<\/p>\n<p>T\u00f6rende konu\u015fan Dursun \u00d6zbek, \u00e7ok \u00f6nemli bir anla\u015fmaya imza att\u0131klar\u0131 i\u00e7in mutlu olduklar\u0131n\u0131 belirterek, \u015funlar\u0131 s\u00f6yledi:<\/p>\n<p>&#8220;SOCAR hepimizin bildi\u011fi \u00fczere karde\u015f \u00fclkemiz Azerbaycan&#8217;\u0131n d\u00fcnya markas\u0131 haline gelmi\u015f \u00e7ok \u00f6nemli bir enerji \u015firketi. Avrupa&#8217;da \u00f6nemli hedeflere ilerledi\u011fimiz yolda SOCAR\u2019\u0131n yan\u0131m\u0131zda olmas\u0131 \u00e7ok \u00f6nemli. Bu anla\u015fma i\u00e7in SOCAR\u2019a te\u015fekk\u00fcrlerimi iletiyorum. Azerbaycan Cumhurba\u015fkan\u0131 Say\u0131n \u0130lhan Aliyev ve Cumhurba\u015fkan\u0131m\u0131z Say\u0131n Recep Tayyip Erdo\u011fan&#8217;a bu s\u00fcreci yak\u0131ndan takip ettikleri i\u00e7in de te\u015fekk\u00fcr etmek istiyorum. T\u00fcrkiye\u2019nin en b\u00fcy\u00fck markas\u0131 Galatasaray ile SOCAR\u2019\u0131n birlikteli\u011finin her iki tarafa da b\u00fcy\u00fck katk\u0131 sa\u011flayaca\u011f\u0131na inan\u0131yorum. Bu s\u00fcre\u00e7 karde\u015f kul\u00fcb\u00fcm\u00fcz Karaba\u011f ile Bak\u00fc\u2019de oynad\u0131\u011f\u0131m\u0131z ma\u00e7ta ba\u015flad\u0131. Ya\u015fad\u0131\u011f\u0131m\u0131z deprem felaketinin yaralar\u0131n\u0131 sarmak i\u00e7in onlar da bize desteklerini g\u00f6sterdiler. Bu i\u015f birli\u011finin rahmetli Haydar Aliyev\u2019in do\u011fumunun 100. y\u0131l\u0131nda olmas\u0131n\u0131 da \u00e7ok \u00f6nemsiyorum. Kul\u00fcb\u00fcm\u00fcz\u00fcn bu anma sebebiyle Karaba\u011f\u2019da bir ma\u00e7 ya da T\u00fcrk cumhuriyetlerinin kat\u0131laca\u011f\u0131 bir organizasyon planlad\u0131\u011f\u0131n\u0131n m\u00fcjdesini buradan vermek istiyorum. Anla\u015fmam\u0131z Galatasaray\u2019a, SOCAR\u2019a ve T\u00fcrk sporuna hay\u0131rl\u0131 olsun.&#8221;<\/p>\n<p><img decoding=\"async\" alt=\"\" src=\"https:\/\/www.aa.com.tr\/uploads\/userFiles\/7e80dc7f-a011-4033-a881-3a6b5b580d82\/20230731_2_59713113_91491341.jpg\"\/><\/p>\n<p>Galatasaray ve Azerbaycan aras\u0131nda i\u015f birli\u011finin s\u00fcrece\u011finin alt\u0131n\u0131 \u00e7izen \u00d6zbek, &#8220;\u0130ki devlet, tek milletsek, elbette bizim sportif anlamdaki birikimlerimizi Azerbaycan ile payla\u015fmam\u0131z gerek. Bizim bu birlikteli\u011fimizi, hem tarihsel ba\u011flar\u0131m\u0131z hem iki devletin birbirine olan yak\u0131nl\u0131\u011f\u0131n\u0131n bir simgesi olarak alg\u0131l\u0131yorum. Azerbaycan\u2019da da sportif faaliyetler belirli bir seviyede. Karaba\u011f, \u015eampiyonlar Ligi&#8217;nde oynuyor. Bu birliktelik elbette takdir edilmesi gereken bir husus. Karaba\u011f Kul\u00fcb\u00fc ile \u015funu da g\u00f6r\u00fc\u015f\u00fcyoruz, di\u011fer bran\u015flarda da bir i\u015f birli\u011fi olarak bunu alg\u0131l\u0131yoruz. Birikimleri payla\u015fman\u0131n, tek millet olman\u0131n gereklerinden biri oldu\u011funu d\u00fc\u015f\u00fcnerek bu i\u015f birli\u011finin devam etmesini diliyorum. Karaba\u011f; Azerbaycan ve T\u00fcrkiye i\u00e7in \u00e7ok \u00f6nemli bir konu. Bu konuda Galatasaray duru\u015funu g\u00f6stermek i\u00e7in Karaba\u011f&#8217;\u0131 karde\u015f kul\u00fcp se\u00e7mi\u015ftir ve Azerbaycan\u2019daki t\u00fcm faaliyetlerini Karaba\u011f ile geli\u015ftirmek niyetindedir.&#8221; ifadelerini kulland\u0131.<\/p>\n<p>Karaba\u011f ile oynad\u0131klar\u0131 ma\u00e7ta Azerbaycan&#8217;da Galatasaray&#8217;a olan b\u00fcy\u00fck sevgiye bir kez daha tan\u0131kl\u0131k ettiklerini aktaran Dursun \u00d6zbek, &#8220;Bak\u00fc\u2019deki Olimpiyat stad\u0131 65 bin ki\u015fi kapasiteli. Ma\u00e7ta 65 bin ki\u015fi oradayd\u0131. Kald\u0131\u011f\u0131m\u0131z otelde, otelin d\u0131\u015f\u0131nda Galatasaray sevgisi inan\u0131lmaz. Bu sevgi kar\u015f\u0131s\u0131nda yapmam\u0131z gereken bir s\u00fcr\u00fc faaliyet var. Karaba\u011f ile bunlar\u0131 planlad\u0131k. Storlar\u0131m\u0131zda Karaba\u011f foras\u0131n\u0131n sat\u0131\u015f\u0131, orada yeni Galatasaray Store&#8217;lar\u0131n a\u00e7\u0131lmas\u0131\u2026 Bu i\u015f birli\u011finin arkas\u0131nda duraca\u011f\u0131z.&#8221; \u015feklinde konu\u015ftu.<\/p>\n<p>&#8220;Sponsorlar\u0131n futbolcu transferindeki deste\u011fi \u00f6v\u00fcn\u00fclecek bir \u015fey.&#8221; ifadelerini kullanan \u00d6zbek, &#8220;Galatasaray, T\u00fcrkiye\u2019nin en b\u00fcy\u00fck sivil toplum kurulu\u015fu. Galatasarayl\u0131 olan herkes katk\u0131 vermek istiyor. Bizi seven, Galatasarayl\u0131 olmasa da Galatasaray\u2019\u0131n ba\u015far\u0131lar\u0131nda katk\u0131s\u0131 olsun isteyen kurulu\u015flar bizimle konu\u015fuyorlar ve destek vermek istiyorlar. Bu Galatasaray\u2019\u0131n nas\u0131l bir marka, nas\u0131l bir kurum oldu\u011funun en b\u00fcy\u00fck g\u00f6stergesi. Sponsorlar\u0131m\u0131z\u0131n iltifat\u0131na cevap vermek i\u00e7in sahada ba\u015far\u0131l\u0131 olmay\u0131 se\u00e7tik. Bizi destekleyen sponsorlar\u0131m\u0131za b\u00fcy\u00fck te\u015fekk\u00fcr ediyorum. Onlar\u0131n da deste\u011fiyle Galatasaray, Avrupa&#8217;daki ba\u015far\u0131 \u00e7\u0131tas\u0131n\u0131 daha da yukar\u0131lara \u00e7ekmi\u015ftir. Kazanaca\u011f\u0131m\u0131z Avrupa kupalar\u0131n\u0131n kutlamalar\u0131n\u0131 ayn\u0131 co\u015fkuyla yapmay\u0131 planl\u0131yoruz.&#8221; de\u011ferlendirmesinde bulundu.<\/p>\n<h3>&#8220;S\u00fcper Kupa&#8217;n\u0131n Azerbaycan&#8217;da oynanmas\u0131 \u00e7ok iyi olur&#8221;<\/h3>\n<p>Dursun \u00d6zbek, &#8220;\u00d6nceki d\u00f6neminizde trib\u00fcnlerden tepki g\u00f6rm\u00fc\u015ft\u00fcn\u00fcz. D\u00fcn ak\u015fam ise &#8216;B\u00fcy\u00fck ba\u015fkan&#8217; tezah\u00fcratlar\u0131yla trib\u00fcnler size destek verdi. Neler d\u00fc\u015f\u00fcnd\u00fcn\u00fcz?\u201d sorusuna, \u015fu yan\u0131t\u0131 verdi:<\/p>\n<p>&#8220;D\u00fcn statta hem duyguland\u0131m hem de \u00e7ok gururland\u0131m. Sadece Galatasaray\u2019a hizmet maksad\u0131yla y\u00f6netimde olmay\u0131 talep ettim. Ge\u00e7mi\u015f y\u0131llarda edindi\u011fimiz tecr\u00fcbeler var. Galatasaray&#8217;\u0131 en y\u00fcksek yere \u00e7\u0131karmak i\u00e7in hareket ediyoruz. Taraftarlar\u0131m\u0131z da bunun fark\u0131nda. \u0130lgileri bizi gururland\u0131rd\u0131. Onlara b\u00fcy\u00fck bir te\u015fekk\u00fcr g\u00f6nderiyorum. Hizmet arzumuz daha da kuvvetlenmi\u015ftir. Merak etmesinler biz Galatasaray\u2019\u0131n neferiyiz, hizmet etmek asli g\u00f6revimiz.\u201d<\/p>\n<p>\u00d6zbek, Fenerbah\u00e7e ile kar\u015f\u0131la\u015facaklar\u0131 S\u00fcper Kupa finalinin Bak\u00fc&#8217;de oynanma ihtimaliyle ilgili y\u00f6neltilen soruya, &#8220;Federasyonun verece\u011fi bir karar. S\u00fcper Kupa&#8217;n\u0131n Azerbaycan&#8217;da oynanmas\u0131 \u00e7ok iyi olur. Bir Galatasarayl\u0131 olarak Azerbaycan\u2019a gitti\u011fimiz zaman g\u00f6rd\u00fc\u011f\u00fcm\u00fcz ilgi ve alaka, T\u00fcrkiye&#8217;den farkl\u0131 de\u011fil. Elbette \u00e7ok \u015f\u0131k olur. Oradaki karde\u015flerimizi de memnun etmi\u015f oluruz d\u00fc\u015f\u00fcncesindeyim. Bu konuda ilgili ki\u015filerle temas\u0131m\u0131z\u0131 yapaca\u011f\u0131z. \u0130n\u015fallah olur.\u201d yan\u0131t\u0131n\u0131 verdi.<\/p>\n<h3>Ibadov: &#8220;Galatasaray ile uzun vadeli bir yola \u00e7\u0131kt\u0131k&#8221;<\/h3>\n<p>SOCAR T\u00fcrkiye \u00dcst Y\u00f6neticisi Elchin Ibadov, iki b\u00fcy\u00fck markan\u0131n imzas\u0131n\u0131n \u00f6nemine vurgu yapt\u0131<\/p>\n<p>&#8220;T\u00fcrkiye&#8217;nin en k\u00f6kl\u00fc kul\u00fcplerinden Galatasaray ile bu sezondan ba\u015flayarak uzun vadeli bir yola \u00e7\u0131kt\u0131k.&#8221; diyen Ibadov, s\u00f6zlerini \u015f\u00f6yle s\u00fcrd\u00fcrd\u00fc:<\/p>\n<p>&#8220;El ele tutu\u015fup daha b\u00fcy\u00fck ba\u015far\u0131lar elde etmek i\u00e7in \u00e7\u0131kt\u0131\u011f\u0131m\u0131z bir yol olarak g\u00f6r\u00fcyoruz. SOCAR\u2019\u0131n logosu alevi temsil ediyor. Bu alev kaliteli, yenilik\u00e7i hizmet anlay\u0131\u015f\u0131n\u0131 temsil ediyor. Biz bu alevimizle in\u015fallah Galatasaray\u2019a Avrupa\u2019da enerji vermeyi ama\u00e7l\u0131yoruz. Bu sezondan itibaren Avrupa ma\u00e7lar\u0131nda Galatasaray formas\u0131n\u0131n g\u00f6\u011fs\u00fcnde SOCAR ismini g\u00f6receksiniz. T\u00fcm bran\u015flarda da SOCAR, Galatasaray\u2019\u0131n enerji sponsoru olacak. Galatasaray, bu alevi ge\u00e7ti\u011fimiz hafta Litvanya\u2019da ilk defa ta\u015f\u0131d\u0131. \u0130n\u015fallah \u00e7ar\u015famba g\u00fcn\u00fc g\u00fczel bir galibiyetle bunu daha uzun vadeli ta\u015f\u0131mak \u00fczere yola ba\u015flam\u0131\u015f olaca\u011f\u0131z. Her zaman Galatasaray&#8217;\u0131m\u0131z\u0131n arkas\u0131nda enerji sponsoru olarak durmaya devam edece\u011fiz. SOCAR, Azerbaycan\u2019\u0131n devlet petrol \u015firketi. 15 y\u0131ld\u0131r T\u00fcrkiye\u2019de faaliyet g\u00f6steriyoruz. T\u00fcrkiye\u2019nin en b\u00fcy\u00fck d\u0131\u015f yat\u0131r\u0131mc\u0131s\u0131y\u0131z. Yabanc\u0131 yat\u0131r\u0131mc\u0131 ibaresini kullanmad\u0131m, burada kendimizi hi\u00e7bir zaman yabanc\u0131 olarak hissetmiyoruz. Azerbaycan vatanda\u015flar\u0131 olarak t\u00fcm T\u00fcrk tak\u0131mlar\u0131n\u0131 zaten manevi olarak destekliyoruz. \u015eimdi logomuzla, alevimizle desteklemeye devam edece\u011fiz.&#8221;<\/p>\n<p>Tak\u0131m kaptanlar\u0131ndan Kerem Akt\u00fcrko\u011flu, Avrupa&#8217;da ba\u015far\u0131 hedeflediklerini belirterek, &#8220;Kul\u00fcb\u00fcm\u00fcz\u00fcn kurucusu Ali Sami Yen&#8217;in Avrupa&#8217;da ba\u015far\u0131lar kazanma, ayn\u0131 zamanda T\u00fcrk olmayan tak\u0131mlar\u0131 yenme hedefleri do\u011frultusunda desteklerinden dolay\u0131 SOCAR&#8217;a \u00e7ok te\u015fekk\u00fcr ederiz. \u0130n\u015fallah hepimiz i\u00e7in \u00e7ok ba\u015far\u0131l\u0131 bir Avrupa sezonu olur. \u00dclkemizi bundan \u00f6nceki senelerde oldu\u011fu gibi gururland\u0131rd\u0131\u011f\u0131m\u0131z bir sezon olsun.&#8221; \u015feklinde konu\u015ftu.<\/p>\n<p>Uruguayl\u0131 orta saha oyuncusu Lucas Torreira ile Yunus Akg\u00fcn, sponsorlu\u011fun kendileri i\u00e7in \u00e7ok \u00f6nemli oldu\u011funu belirterek SOCAR&#8217;a te\u015fekk\u00fcr etti.<\/p>\n<p>                            <span class=\"detay-foto-editor\">&#13;<br \/>\n                                <a href=\"https:\/\/www.aa.com.tr\/tr\/p\/abonelik-talep-formu\/1001\" target=\"_blank\" style=\"font-size:12px; color:#444; text-decoration:none;\" rel=\"noopener\">&#13;<br \/>\n                                    Anadolu Ajans\u0131 web sitesinde, AA Haber Ak\u0131\u015f Sistemi (HAS) \u00fczerinden abonelere sunulan haberler, \u00f6zetlenerek yay\u0131mlanmaktad\u0131r. <b style=\"color:#1897F7\">Abonelik i\u00e7in l\u00fctfen ileti\u015fime ge\u00e7iniz.<\/b>&#13;<br \/>\n                                <\/a>&#13;<br \/>\n                            <\/span>\n                        <\/div>\n<p><script>\n\t  window.fbAsyncInit = function() {\n\t\tFB.init({\n\t\t  appId: '1855843514662870',\n\t\t  status : true, \/\/ check login status\n\t\t  cookie : true, \/\/ enable cookies to allow the server to access the session\n\t\t  xfbml  : true  \/\/ parse XFBML\n\t\t});\n\t  };<\/p>\n<p>\t  (function() {\n\t\tvar e = document.createElement('script');\n\t\te.src=\"https:\/\/connect.facebook.net\/tr_TR\/all.js\";\n\t\te.async = true;\n\t\tdocument.getElementById('fb-root').appendChild(e);\n\t  }());\n    <\/script><\/p>\n","protected":false},"excerpt":{"rendered":"<p>Sar\u0131-k\u0131rm\u0131z\u0131l\u0131 kul\u00fcp ile SOCAR aras\u0131nda 3 y\u0131l i\u00e7in toplam 15 milyon avro+KDV olarak anla\u015fma sa\u011flanan ve t\u00fcm bran\u015flar\u0131 kapsayan sponsorluk, reklam ile tan\u0131t\u0131m haklar\u0131 s\u00f6zle\u015fmesiyle ilgili imza t\u00f6reni d\u00fczenlendi. RAMS Park&#8217;ta d\u00fczenlenen imza t\u00f6renine Galatasaray Kul\u00fcb\u00fc Ba\u015fkan\u0131 Dursun \u00d6zbek, SOCAR T\u00fcrkiye \u00dcst Y\u00f6neticisi (CEO) Elchin Ibadov, sar\u0131-k\u0131rm\u0131z\u0131l\u0131 futbolcular Kerem Akt\u00fcrko\u011flu, Yunus Akg\u00fcn ve Lucas Torreira [&hellip;]<\/p>\n","protected":false},"author":1,"featured_media":10726,"comment_status":"","ping_status":"","sticky":false,"template":"","format":"standard","meta":[],"categories":[48],"tags":[],"_links":{"self":[{"href":"https:\/\/kraios.app\/news\/wp-json\/wp\/v2\/posts\/10725"}],"collection":[{"href":"https:\/\/kraios.app\/news\/wp-json\/wp\/v2\/posts"}],"about":[{"href":"https:\/\/kraios.app\/news\/wp-json\/wp\/v2\/types\/post"}],"author":[{"embeddable":true,"href":"https:\/\/kraios.app\/news\/wp-json\/wp\/v2\/users\/1"}],"replies":[{"embeddable":true,"href":"https:\/\/kraios.app\/news\/wp-json\/wp\/v2\/comments?post=10725"}],"version-history":[{"count":0,"href":"https:\/\/kraios.app\/news\/wp-json\/wp\/v2\/posts\/10725\/revisions"}],"wp:featuredmedia":[{"embeddable":true,"href":"https:\/\/kraios.app\/news\/wp-json\/wp\/v2\/media\/10726"}],"wp:attachment":[{"href":"https:\/\/kraios.app\/news\/wp-json\/wp\/v2\/media?parent=10725"}],"wp:term":[{"taxonomy":"category","embeddable":true,"href":"https:\/\/kraios.app\/news\/wp-json\/wp\/v2\/categories?post=10725"},{"taxonomy":"post_tag","embeddable":true,"href":"https:\/\/kraios.app\/news\/wp-json\/wp\/v2\/tags?post=10725"}],"curies":[{"name":"wp","href":"https:\/\/api.w.org\/{rel}","templated":true}]}}