{"id":10699,"date":"2023-07-31T09:20:07","date_gmt":"2023-07-31T09:20:07","guid":{"rendered":"https:\/\/kraios.app\/news\/spor\/2023\/07\/31\/fenerbahce-5-0in-rovansinda-yarin-zimbruya-konuk-olacak\/"},"modified":"2023-07-31T09:20:07","modified_gmt":"2023-07-31T09:20:07","slug":"fenerbahce-5-0in-rovansinda-yarin-zimbruya-konuk-olacak","status":"publish","type":"post","link":"https:\/\/kraios.app\/news\/spor\/2023\/07\/31\/fenerbahce-5-0in-rovansinda-yarin-zimbruya-konuk-olacak\/","title":{"rendered":"Fenerbah\u00e7e, 5-0&#039;\u0131n r\u00f6van\u015f\u0131nda yar\u0131n Zimbru&#039;ya konuk olacak"},"content":{"rendered":"<p>Fenerbah\u00e7e, UEFA Avrupa Konferans Ligi 2. eleme turu r\u00f6van\u015f ma\u00e7\u0131nda yar\u0131n Moldova&#8217;n\u0131n Zimbru ekibiyle deplasmanda kar\u015f\u0131la\u015facak.<\/p>\n","protected":false},"excerpt":{"rendered":"<p>Fenerbah\u00e7e, UEFA Avrupa Konferans Ligi 2. eleme turu r\u00f6van\u015f ma\u00e7\u0131nda yar\u0131n Moldova&#8217;n\u0131n Zimbru ekibiyle deplasmanda kar\u015f\u0131la\u015facak.<\/p>\n","protected":false},"author":1,"featured_media":10700,"comment_status":"","ping_status":"","sticky":false,"template":"","format":"standard","meta":[],"categories":[48],"tags":[],"_links":{"self":[{"href":"https:\/\/kraios.app\/news\/wp-json\/wp\/v2\/posts\/10699"}],"collection":[{"href":"https:\/\/kraios.app\/news\/wp-json\/wp\/v2\/posts"}],"about":[{"href":"https:\/\/kraios.app\/news\/wp-json\/wp\/v2\/types\/post"}],"author":[{"embeddable":true,"href":"https:\/\/kraios.app\/news\/wp-json\/wp\/v2\/users\/1"}],"replies":[{"embeddable":true,"href":"https:\/\/kraios.app\/news\/wp-json\/wp\/v2\/comments?post=10699"}],"version-history":[{"count":0,"href":"https:\/\/kraios.app\/news\/wp-json\/wp\/v2\/posts\/10699\/revisions"}],"wp:featuredmedia":[{"embeddable":true,"href":"https:\/\/kraios.app\/news\/wp-json\/wp\/v2\/media\/10700"}],"wp:attachment":[{"href":"https:\/\/kraios.app\/news\/wp-json\/wp\/v2\/media?parent=10699"}],"wp:term":[{"taxonomy":"category","embeddable":true,"href":"https:\/\/kraios.app\/news\/wp-json\/wp\/v2\/categories?post=10699"},{"taxonomy":"post_tag","embeddable":true,"href":"https:\/\/kraios.app\/news\/wp-json\/wp\/v2\/tags?post=10699"}],"curies":[{"name":"wp","href":"https:\/\/api.w.org\/{rel}","templated":true}]}}